{"id":119185,"date":"2022-12-28T09:15:38","date_gmt":"2022-12-28T12:15:38","guid":{"rendered":"https:\/\/www.elsindical.com.ar\/notas\/?p=119185"},"modified":"2022-12-28T09:15:38","modified_gmt":"2022-12-28T12:15:38","slug":"cambios-en-el-gabinete-de-rodriguez-larreta-quien-acuso-de-hacer-trampa-al-presidente","status":"publish","type":"post","link":"https:\/\/www.elsindical.com.ar\/notas\/cambios-en-el-gabinete-de-rodriguez-larreta-quien-acuso-de-hacer-trampa-al-presidente\/","title":{"rendered":"Cambios en el Gabinete de Rodr\u00edguez Larreta, quien acus\u00f3 de \u201chacer trampa\u201d al Presidente"},"content":{"rendered":"\n<figure class=\"wp-block-image size-large\"><a href=\"https:\/\/www.elsindical.com.ar\/notas\/var\/www\/html\/notas\/wp-content\/uploads\/2022\/12\/Larreta-cambios-gabinete-diciembre-2022.jpg\"><img loading=\"lazy\" decoding=\"async\" width=\"1024\" height=\"576\" src=\"https:\/\/www.elsindical.com.ar\/notas\/var\/www\/html\/notas\/wp-content\/uploads\/2022\/12\/Larreta-cambios-gabinete-diciembre-2022-1024x576.jpg\" alt=\"\" class=\"wp-image-119186\" srcset=\"https:\/\/www.elsindical.com.ar\/notas\/var\/www\/html\/notas\/wp-content\/uploads\/2022\/12\/Larreta-cambios-gabinete-diciembre-2022-1024x576.jpg 1024w, https:\/\/www.elsindical.com.ar\/notas\/var\/www\/html\/notas\/wp-content\/uploads\/2022\/12\/Larreta-cambios-gabinete-diciembre-2022-300x169.jpg 300w, https:\/\/www.elsindical.com.ar\/notas\/var\/www\/html\/notas\/wp-content\/uploads\/2022\/12\/Larreta-cambios-gabinete-diciembre-2022-768x432.jpg 768w, https:\/\/www.elsindical.com.ar\/notas\/var\/www\/html\/notas\/wp-content\/uploads\/2022\/12\/Larreta-cambios-gabinete-diciembre-2022-500x281.jpg 500w, https:\/\/www.elsindical.com.ar\/notas\/var\/www\/html\/notas\/wp-content\/uploads\/2022\/12\/Larreta-cambios-gabinete-diciembre-2022-460x260.jpg 460w, https:\/\/www.elsindical.com.ar\/notas\/var\/www\/html\/notas\/wp-content\/uploads\/2022\/12\/Larreta-cambios-gabinete-diciembre-2022.jpg 1200w\" sizes=\"auto, (max-width: 1024px) 100vw, 1024px\" \/><\/a><\/figure>\n\n\n\n<p class=\"wp-block-paragraph\">Silvia Lospennato, Waldo Wolf y Mart\u00edn Redrado se suman al gobierno porte\u00f1o.<\/p>\n\n\n\n<p class=\"wp-block-paragraph\"><strong>El gobierno porte\u00f1o anunci\u00f3 cambios en el Gabinete.<\/strong> El jefe de gobierno, Horacio Rodr\u00edguez Larreta, anunci\u00f3 este martes que dos diputados y un economista se suman al Ejecutivo de la Ciudad Aut\u00f3noma de Buenos Aires. <strong>Apunt\u00f3 contra el presidente Alberto Fern\u00e1ndez por \u201chacer trampa\u201d, respecto a la coparticipaci\u00f3n.<\/strong><\/p>\n\n\n\n<p class=\"wp-block-paragraph\">\u201cEstamos en la \u00faltima semana del a\u00f1o, es un momento para parar la pelota, reflexionar, planificar. Mirando en esa perspectiva que nos trae el a\u00f1o nuevo, nos llena de orgullo la enorme transformaci\u00f3n que estamos llevando en la Ciudad de Buenos Aires, que comenz\u00f3 Mauricio Macri\u201d, asegur\u00f3. \u201cLo logramos por el enormemente comprometido equipo que tenemos\u201d, apunt\u00f3.<\/p>\n\n\n\n<p class=\"wp-block-paragraph\">En este marco, anunci\u00f3 \u201calgunas incorporaciones para seguir enriqueciendo el equipo de la Ciudad\u201d. Precis\u00f3 que <strong>Silvia Lospennato mantendr\u00e1 su banca en la C\u00e1mara de Diputados y se sumar\u00e1 \u201cad honorem\u201d al Consejo consultivo de la Secretar\u00eda de G\u00e9nero; mientras que el diputado Waldo Wolff ser\u00e1 parte de la Secretar\u00eda de Asuntos P\u00fablicos. Mart\u00edn Redrado, ex titular del Banco Central de la Rep\u00fablica Argentina (BCRA), ocupar\u00e1 la Secretar\u00eda de Asuntos Estrat\u00e9gicos.<\/strong><\/p>\n\n\n\n<p class=\"wp-block-paragraph\">\u201cSe suman a trabajar con nosotros. La reorganizaci\u00f3n interna nos permite sumar a estas tres personas con tanta trayectoria y experiencia sin aumentar el gasto ni aumentar la estructura de gobierno. Las transformaciones profundas se logran siempre en equipo, es la manera de conseguir el apoyo para llevarlas adelante y la fortaleza necesaria para sostener las transformaciones en el tiempo\u201d, reflexion\u00f3.<\/p>\n\n\n\n<h2 class=\"wp-block-heading\">Coparticipaci\u00f3n<\/h2>\n\n\n\n<p class=\"wp-block-paragraph\">\u201cM\u00e1s que nunca necesitamos un equipo fuerte, que est\u00e9 comprometido y de las peleas necesarias para resolver los problemas de los argentinos, que son muchos. <strong>El momento que estamos viviendo es muy dif\u00edcil porque a la inflaci\u00f3n fuera de control, la pobreza, la crisis educativa, la inseguridad y la falta de trabajo se suma un gobierno que mira para otro lado y tom\u00f3 la decisi\u00f3n de llevarse todo por delante<\/strong>\u201c, asegur\u00f3 Larreta.<\/p>\n\n\n\n<p class=\"wp-block-paragraph\">En ese marco, advirti\u00f3 que <strong>\u201cel Presidente no cumple un fallo de la Corte Suprema, no hay antecedente desde la vuelta de la democracia\u201d<\/strong>. \u201cQuiebra el orden institucional, viola el Estado de Derecho y la divisi\u00f3n de poderes. Es un atentado contra la democracia\u201d, consider\u00f3.<\/p>\n\n\n\n<p class=\"wp-block-paragraph\"><strong>\u201cAhora quiere hacer trampa para seguir incumpliendo el fallo. La transferencia lo debe hacer de forma directa, diaria y en pesos. En ning\u00fan lugar se habilita el pago en bonos, esto no es interpretable.<\/strong> Los fallos est\u00e1n para cumplirlos, no para interpretarlos\u201d, sentenci\u00f3.<\/p>\n\n\n\n<p class=\"wp-block-paragraph\"><\/p>\n","protected":false},"excerpt":{"rendered":"<p>Silvia Lospennato, Waldo Wolf y Mart\u00edn Redrado se suman al gobierno porte\u00f1o. El gobierno porte\u00f1o anunci\u00f3 cambios en el Gabinete. El jefe de gobierno, Horacio Rodr\u00edguez Larreta, anunci\u00f3 este martes que dos diputados y un economista se suman al Ejecutivo de la Ciudad Aut\u00f3noma de Buenos Aires. Apunt\u00f3 contra el presidente Alberto Fern\u00e1ndez por \u201chacer&hellip;<\/p>\n","protected":false},"author":1,"featured_media":119186,"comment_status":"open","ping_status":"open","sticky":false,"template":"","format":"standard","meta":{"footnotes":""},"categories":[13],"tags":[11223,1489,2450,1486,39117,35245],"class_list":["post-119185","post","type-post","status-publish","format-standard","has-post-thumbnail","hentry","category-politica","tag-alberto-fernandez","tag-bcra","tag-diario-el-sindical","tag-martin-redrado","tag-silvia-lospennato","tag-waldo-wolff"],"_links":{"self":[{"href":"https:\/\/www.elsindical.com.ar\/notas\/wp-json\/wp\/v2\/posts\/119185","targetHints":{"allow":["GET"]}}],"collection":[{"href":"https:\/\/www.elsindical.com.ar\/notas\/wp-json\/wp\/v2\/posts"}],"about":[{"href":"https:\/\/www.elsindical.com.ar\/notas\/wp-json\/wp\/v2\/types\/post"}],"author":[{"embeddable":true,"href":"https:\/\/www.elsindical.com.ar\/notas\/wp-json\/wp\/v2\/users\/1"}],"replies":[{"embeddable":true,"href":"https:\/\/www.elsindical.com.ar\/notas\/wp-json\/wp\/v2\/comments?post=119185"}],"version-history":[{"count":1,"href":"https:\/\/www.elsindical.com.ar\/notas\/wp-json\/wp\/v2\/posts\/119185\/revisions"}],"predecessor-version":[{"id":119187,"href":"https:\/\/www.elsindical.com.ar\/notas\/wp-json\/wp\/v2\/posts\/119185\/revisions\/119187"}],"wp:featuredmedia":[{"embeddable":true,"href":"https:\/\/www.elsindical.com.ar\/notas\/wp-json\/wp\/v2\/media\/119186"}],"wp:attachment":[{"href":"https:\/\/www.elsindical.com.ar\/notas\/wp-json\/wp\/v2\/media?parent=119185"}],"wp:term":[{"taxonomy":"category","embeddable":true,"href":"https:\/\/www.elsindical.com.ar\/notas\/wp-json\/wp\/v2\/categories?post=119185"},{"taxonomy":"post_tag","embeddable":true,"href":"https:\/\/www.elsindical.com.ar\/notas\/wp-json\/wp\/v2\/tags?post=119185"}],"curies":[{"name":"wp","href":"https:\/\/api.w.org\/{rel}","templated":true}]}}