{"id":119143,"date":"2022-12-26T11:15:07","date_gmt":"2022-12-26T14:15:07","guid":{"rendered":"https:\/\/www.elsindical.com.ar\/notas\/?p=119143"},"modified":"2022-12-26T11:15:08","modified_gmt":"2022-12-26T14:15:08","slug":"este-semana-se-oficializaria-la-ley-de-alcohol-cero-en-buenos-aires","status":"publish","type":"post","link":"https:\/\/www.elsindical.com.ar\/notas\/este-semana-se-oficializaria-la-ley-de-alcohol-cero-en-buenos-aires\/","title":{"rendered":"Este semana se oficializar\u00eda la ley de Alcohol Cero en Buenos Aires"},"content":{"rendered":"\n<figure class=\"wp-block-image size-full\"><a href=\"https:\/\/www.elsindical.com.ar\/notas\/var\/www\/html\/notas\/wp-content\/uploads\/2022\/12\/control-alcoholemia.jpg\"><img loading=\"lazy\" decoding=\"async\" width=\"1024\" height=\"576\" src=\"https:\/\/www.elsindical.com.ar\/notas\/var\/www\/html\/notas\/wp-content\/uploads\/2022\/12\/control-alcoholemia.jpg\" alt=\"\" class=\"wp-image-119144\" srcset=\"https:\/\/www.elsindical.com.ar\/notas\/var\/www\/html\/notas\/wp-content\/uploads\/2022\/12\/control-alcoholemia.jpg 1024w, https:\/\/www.elsindical.com.ar\/notas\/var\/www\/html\/notas\/wp-content\/uploads\/2022\/12\/control-alcoholemia-300x169.jpg 300w, https:\/\/www.elsindical.com.ar\/notas\/var\/www\/html\/notas\/wp-content\/uploads\/2022\/12\/control-alcoholemia-768x432.jpg 768w, https:\/\/www.elsindical.com.ar\/notas\/var\/www\/html\/notas\/wp-content\/uploads\/2022\/12\/control-alcoholemia-500x281.jpg 500w, https:\/\/www.elsindical.com.ar\/notas\/var\/www\/html\/notas\/wp-content\/uploads\/2022\/12\/control-alcoholemia-460x260.jpg 460w\" sizes=\"auto, (max-width: 1024px) 100vw, 1024px\" \/><\/a><\/figure>\n\n\n\n<p class=\"wp-block-paragraph\">\u00abEstimamos que esta semana estar\u00e1 publicada en el Bolet\u00edn Oficial para aplicarse desde enero\u00bb, inform\u00f3 el ministro de Transporte de la provincia de Buenos Aires, Jorge D&#8217;Onofrio.<\/p>\n\n\n\n<p class=\"wp-block-paragraph\">El ministro de Transporte de la provincia de Buenos Aires, Jorge D\u2019Onofrio, <strong>estim\u00f3 que en el transcurso de esta semana se oficializar\u00e1 la ley que establece la tolerancia cero de alcohol en sangre <\/strong>para los conductores de veh\u00edculos y regir\u00e1 desde el 1\u00b0 de enero de 2023 en todo el distrito.<\/p>\n\n\n\n<p class=\"wp-block-paragraph\">\u201cEstamos trabajando en la reglamentaci\u00f3n y regulaci\u00f3n y <strong>estimamos que esta semana estar\u00e1 publicada en el Bolet\u00edn Oficial <\/strong>para aplicarse desde enero\u201d, afirm\u00f3 el funcionario.<\/p>\n\n\n\n<p class=\"wp-block-paragraph\">Agreg\u00f3 que \u201cel proyecto se mand\u00f3 <strong>en febrero a la Legislatura y en marzo comenz\u00f3 a trabajarse en comisiones<\/strong>, lo que permiti\u00f3 que adquiriera un gran debate y se aprobar\u00e1 en unanimidad\u201d.<\/p>\n\n\n\n<p class=\"wp-block-paragraph\">La Legislatura de la provincia de Buenos Aires ya sancion\u00f3 la iniciativa enviada por el Gobierno bonaerense y que contempla <strong>penas que incluyen multas, arresto, retenci\u00f3n de la licencia e inhabilitaci\u00f3n para conducir <\/strong>a quienes hayan incumplido la prohibici\u00f3n de manejar despu\u00e9s de haber bebido alcohol. De esa manera, se elimina desde ahora el grado permitido de<strong> 500 miligramos de alcohol por litro de sangre<\/strong>.<\/p>\n\n\n\n<p class=\"wp-block-paragraph\">\u201cDe mitad de a\u00f1o para ac\u00e1 las infracciones por alcoholemia vienen disminuyendo de manera sostenida. Esto nos muestra que la gente comenz\u00f3 a tomar conciencia, que es el <strong>verdadero objetivo de esta ley<\/strong>\u201c, afirm\u00f3 en declaraciones a radio Provincia.<\/p>\n\n\n\n<p class=\"wp-block-paragraph\">La nueva ley contempla a la vez la obligaci\u00f3n de <strong>concurrir a cursos especiales de educaci\u00f3n y capacitaci\u00f3n para el correcto uso de la v\u00eda p\u00fablica.<\/strong><\/p>\n\n\n\n<p class=\"wp-block-paragraph\">D\u2019Onofrio remarc\u00f3 que \u201cesto es para todas las personas que circulen por el espacio p\u00fablico en la provincia de Buenos Aires\u201d y reiter\u00f3 que \u201cva a contribuir a bajar los \u00edndices siniestrales, teniendo en cuenta que es del 44% la vinculaci\u00f3n del alcohol con la siniestralidad\u201d.<\/p>\n\n\n\n<p class=\"wp-block-paragraph\">El alcohol est\u00e1 presente en uno de cada cuatro siniestros viales y es la primera <strong>causa de muerte de menores de 35 a\u00f1os<\/strong>.<\/p>\n\n\n\n<p class=\"wp-block-paragraph\">Adem\u00e1s, durante 2022 hubo <strong>6162 infracciones por alcohol al volante <\/strong>en rutas, calles y caminos de la provincia de Buenos Aires, seg\u00fan se desprende del informe anual del Observatorio Vial de Seguridad Vial del Ministerio de Transporte bonaerense.<\/p>\n\n\n\n<h2 class=\"wp-block-heading\">PENAS POR CONDUCIR CON ALCOHOL EN SANGRE<\/h2>\n\n\n\n<p class=\"wp-block-paragraph\">Desde ahora, quienes <strong>conduzcan con valores de hasta 499 miligramos recibir\u00e1n tres meses de inhabilitaci\u00f3n <\/strong>para manejar. Si el grado de alcoholemia se encuentra entre <strong>500 y 999 miligramos<\/strong>, la pena ser\u00e1 de seis meses.<\/p>\n\n\n\n<p class=\"wp-block-paragraph\">En tanto, estar\u00e1n inhabilitadas por<strong> 18 meses<\/strong> las personas que circulen con tasas entre<strong> 1000 y 1500 miligramos<\/strong> de alcohol por litro de sangre.<\/p>\n\n\n\n<p class=\"wp-block-paragraph\">Por \u00faltimo, <strong>quienes superen los 1500 miligramos no podr\u00e1n conducir por el lapso de 18 meses<\/strong>.<\/p>\n","protected":false},"excerpt":{"rendered":"<p>\u00abEstimamos que esta semana estar\u00e1 publicada en el Bolet\u00edn Oficial para aplicarse desde enero\u00bb, inform\u00f3 el ministro de Transporte de la provincia de Buenos Aires, Jorge D&#8217;Onofrio. El ministro de Transporte de la provincia de Buenos Aires, Jorge D\u2019Onofrio, estim\u00f3 que en el transcurso de esta semana se oficializar\u00e1 la ley que establece la tolerancia&hellip;<\/p>\n","protected":false},"author":1,"featured_media":119144,"comment_status":"open","ping_status":"open","sticky":false,"template":"","format":"standard","meta":{"footnotes":""},"categories":[13],"tags":[35760,1295,154,3629,2436,2450,19949,3624,3056],"class_list":["post-119143","post","type-post","status-publish","format-standard","has-post-thumbnail","hentry","category-politica","tag-alcohol-cero","tag-boletin-oficial","tag-buenos-aires","tag-conducir","tag-controles","tag-diario-el-sindical","tag-jorge-donofrio","tag-penas","tag-sanciones"],"_links":{"self":[{"href":"https:\/\/www.elsindical.com.ar\/notas\/wp-json\/wp\/v2\/posts\/119143","targetHints":{"allow":["GET"]}}],"collection":[{"href":"https:\/\/www.elsindical.com.ar\/notas\/wp-json\/wp\/v2\/posts"}],"about":[{"href":"https:\/\/www.elsindical.com.ar\/notas\/wp-json\/wp\/v2\/types\/post"}],"author":[{"embeddable":true,"href":"https:\/\/www.elsindical.com.ar\/notas\/wp-json\/wp\/v2\/users\/1"}],"replies":[{"embeddable":true,"href":"https:\/\/www.elsindical.com.ar\/notas\/wp-json\/wp\/v2\/comments?post=119143"}],"version-history":[{"count":1,"href":"https:\/\/www.elsindical.com.ar\/notas\/wp-json\/wp\/v2\/posts\/119143\/revisions"}],"predecessor-version":[{"id":119145,"href":"https:\/\/www.elsindical.com.ar\/notas\/wp-json\/wp\/v2\/posts\/119143\/revisions\/119145"}],"wp:featuredmedia":[{"embeddable":true,"href":"https:\/\/www.elsindical.com.ar\/notas\/wp-json\/wp\/v2\/media\/119144"}],"wp:attachment":[{"href":"https:\/\/www.elsindical.com.ar\/notas\/wp-json\/wp\/v2\/media?parent=119143"}],"wp:term":[{"taxonomy":"category","embeddable":true,"href":"https:\/\/www.elsindical.com.ar\/notas\/wp-json\/wp\/v2\/categories?post=119143"},{"taxonomy":"post_tag","embeddable":true,"href":"https:\/\/www.elsindical.com.ar\/notas\/wp-json\/wp\/v2\/tags?post=119143"}],"curies":[{"name":"wp","href":"https:\/\/api.w.org\/{rel}","templated":true}]}}