{"id":119116,"date":"2022-12-24T09:52:53","date_gmt":"2022-12-24T12:52:53","guid":{"rendered":"https:\/\/www.elsindical.com.ar\/notas\/?p=119116"},"modified":"2022-12-24T09:59:44","modified_gmt":"2022-12-24T12:59:44","slug":"colegio-de-medicos-de-avellaneda-reflejo-de-un-pesimo-ejercicio-de-la-profesion","status":"publish","type":"post","link":"https:\/\/www.elsindical.com.ar\/notas\/colegio-de-medicos-de-avellaneda-reflejo-de-un-pesimo-ejercicio-de-la-profesion\/","title":{"rendered":"Colegio de M\u00e9dicos de Avellaneda, reflejo de un p\u00e9simo ejercicio de la profesi\u00f3n"},"content":{"rendered":"<div class=\"wp-block-image\">\n<figure class=\"aligncenter size-large\"><a href=\"https:\/\/www.elsindical.com.ar\/notas\/var\/www\/html\/notas\/wp-content\/uploads\/2022\/12\/Colegio-de-medicos-de-Avellaneda.jpg\"><img loading=\"lazy\" decoding=\"async\" width=\"768\" height=\"1024\" src=\"https:\/\/www.elsindical.com.ar\/notas\/var\/www\/html\/notas\/wp-content\/uploads\/2022\/12\/Colegio-de-medicos-de-Avellaneda-768x1024.jpg\" alt=\"\" class=\"wp-image-119117\" srcset=\"https:\/\/www.elsindical.com.ar\/notas\/var\/www\/html\/notas\/wp-content\/uploads\/2022\/12\/Colegio-de-medicos-de-Avellaneda-768x1024.jpg 768w, https:\/\/www.elsindical.com.ar\/notas\/var\/www\/html\/notas\/wp-content\/uploads\/2022\/12\/Colegio-de-medicos-de-Avellaneda-225x300.jpg 225w, https:\/\/www.elsindical.com.ar\/notas\/var\/www\/html\/notas\/wp-content\/uploads\/2022\/12\/Colegio-de-medicos-de-Avellaneda.jpg 960w\" sizes=\"auto, (max-width: 768px) 100vw, 768px\" \/><\/a><\/figure>\n<\/div>\n\n\n<p class=\"wp-block-paragraph\">   En tiempos donde no existen excusas para aducir no saber, el Colegio de M\u00e9dicos de Avellaneda, Distrito II, sigue funcionando de espaldas a la sociedad y funcionando solo como una caja de recaudaci\u00f3n, a la fecha no existe ninguna pol\u00edtica de apertura a la sociedad para jerarquizar la profesi\u00f3n y generar lazos con los ciudadanos.<\/p>\n\n\n\n<p class=\"wp-block-paragraph\">Si bien la pandemia afecto a los trabajadores esenciales y fue un desaf\u00edo enorme para el personal de salud que no se agota en el personal m\u00e9dico, la realidad es que a la mala atenci\u00f3n que se brinda en hospitales o cl\u00ednicas donde se atiende a afiliados por ejemplo al PAMI, el Colegio de M\u00e9dicos est\u00e1 ausente, porque ni siquiera se ocupa de que los m\u00e9dicos que atienden est\u00e9n debidamente matriculados.<\/p>\n\n\n\n<p class=\"wp-block-paragraph\">Los responsables de la conducci\u00f3n del colegio son:<\/p>\n\n\n<div class=\"wp-block-image\">\n<figure class=\"aligncenter size-full\"><a href=\"https:\/\/www.elsindical.com.ar\/notas\/var\/www\/html\/notas\/wp-content\/uploads\/2022\/12\/Salvador-Lograsso.jpg\"><img loading=\"lazy\" decoding=\"async\" width=\"383\" height=\"489\" src=\"https:\/\/www.elsindical.com.ar\/notas\/var\/www\/html\/notas\/wp-content\/uploads\/2022\/12\/Salvador-Lograsso.jpg\" alt=\"\" class=\"wp-image-119119\" srcset=\"https:\/\/www.elsindical.com.ar\/notas\/var\/www\/html\/notas\/wp-content\/uploads\/2022\/12\/Salvador-Lograsso.jpg 383w, https:\/\/www.elsindical.com.ar\/notas\/var\/www\/html\/notas\/wp-content\/uploads\/2022\/12\/Salvador-Lograsso-235x300.jpg 235w\" sizes=\"auto, (max-width: 383px) 100vw, 383px\" \/><\/a><\/figure>\n<\/div>\n\n\n<ul class=\"wp-block-list\">\n<li>Presidente :<strong> Dr. Lo Grasso Salvador<\/strong><br>Vicepresidente : <strong>Dr. Agugliaro Jorge<\/strong><br><\/li>\n<\/ul>\n\n\n<div class=\"wp-block-image\">\n<figure class=\"aligncenter size-full\"><a href=\"https:\/\/www.elsindical.com.ar\/notas\/var\/www\/html\/notas\/wp-content\/uploads\/2022\/12\/Jorge-G.jpg\"><img loading=\"lazy\" decoding=\"async\" width=\"482\" height=\"421\" src=\"https:\/\/www.elsindical.com.ar\/notas\/var\/www\/html\/notas\/wp-content\/uploads\/2022\/12\/Jorge-G.jpg\" alt=\"\" class=\"wp-image-119121\" srcset=\"https:\/\/www.elsindical.com.ar\/notas\/var\/www\/html\/notas\/wp-content\/uploads\/2022\/12\/Jorge-G.jpg 482w, https:\/\/www.elsindical.com.ar\/notas\/var\/www\/html\/notas\/wp-content\/uploads\/2022\/12\/Jorge-G-300x262.jpg 300w, https:\/\/www.elsindical.com.ar\/notas\/var\/www\/html\/notas\/wp-content\/uploads\/2022\/12\/Jorge-G-343x300.jpg 343w\" sizes=\"auto, (max-width: 482px) 100vw, 482px\" \/><\/a><\/figure>\n<\/div>\n\n\n<ul class=\"wp-block-list\">\n<li>Secretario General: <strong>Dr. Lanza Roberto<\/strong><br>Prosecretario: <strong>Dra. Poncet M\u00f3nica<\/strong><br><\/li>\n\n\n\n<li>Tesorero: <strong>Dr. Mazzanti Juan Carlos<\/strong><br>Protesorero: <strong>Dr. Di Iorio Francisco<\/strong> <\/li>\n\n\n\n<li>Secretario de Actas: <strong>Dr. N\u00e1poli Luciano<\/strong><\/li>\n<\/ul>\n\n\n\n<p class=\"wp-block-paragraph\">Desde El Sindical, seguimos esperando respuesta a los pedidos de informes sobre graves irregularidades en el ejercicio de la profesi\u00f3n que ponen en riesgo la salud de los pacientes y que deber\u00edan ser una prioridad de quienes ante la sociedad son los responsables de representar y honrar el trabajo m\u00e9dico, porque as\u00ed como existe un reconocimiento general, no menos real es que existe un creciente reclamo por parte de la sociedad a la forma en que se atiende a los pacientes y sus familiares, as\u00ed como serias dudas de la capacidad de algunos profesionales.<\/p>\n","protected":false},"excerpt":{"rendered":"<p>En tiempos donde no existen excusas para aducir no saber, el Colegio de M\u00e9dicos de Avellaneda, Distrito II, sigue funcionando de espaldas a la sociedad y funcionando solo como una caja de recaudaci\u00f3n, a la fecha no existe ninguna pol\u00edtica de apertura a la sociedad para jerarquizar la profesi\u00f3n y generar lazos con los ciudadanos.&hellip;<\/p>\n","protected":false},"author":1,"featured_media":119117,"comment_status":"open","ping_status":"open","sticky":false,"template":"","format":"standard","meta":{"footnotes":""},"categories":[10],"tags":[19668,2450,39085,39089,39086,39084,39088,39090,39087],"class_list":["post-119116","post","type-post","status-publish","format-standard","has-post-thumbnail","hentry","category-editorial","tag-colegio-de-medicos-distrito-ii","tag-diario-el-sindical","tag-dr-agugliano-jorge","tag-dr-di-iorio-francisco","tag-dr-lanza-roberto","tag-dr-lo-grasso-salvador","tag-dr-mazzanti-juan-carlos","tag-dr-napoli-luciano","tag-dra-poncet-monica"],"_links":{"self":[{"href":"https:\/\/www.elsindical.com.ar\/notas\/wp-json\/wp\/v2\/posts\/119116","targetHints":{"allow":["GET"]}}],"collection":[{"href":"https:\/\/www.elsindical.com.ar\/notas\/wp-json\/wp\/v2\/posts"}],"about":[{"href":"https:\/\/www.elsindical.com.ar\/notas\/wp-json\/wp\/v2\/types\/post"}],"author":[{"embeddable":true,"href":"https:\/\/www.elsindical.com.ar\/notas\/wp-json\/wp\/v2\/users\/1"}],"replies":[{"embeddable":true,"href":"https:\/\/www.elsindical.com.ar\/notas\/wp-json\/wp\/v2\/comments?post=119116"}],"version-history":[{"count":2,"href":"https:\/\/www.elsindical.com.ar\/notas\/wp-json\/wp\/v2\/posts\/119116\/revisions"}],"predecessor-version":[{"id":119122,"href":"https:\/\/www.elsindical.com.ar\/notas\/wp-json\/wp\/v2\/posts\/119116\/revisions\/119122"}],"wp:featuredmedia":[{"embeddable":true,"href":"https:\/\/www.elsindical.com.ar\/notas\/wp-json\/wp\/v2\/media\/119117"}],"wp:attachment":[{"href":"https:\/\/www.elsindical.com.ar\/notas\/wp-json\/wp\/v2\/media?parent=119116"}],"wp:term":[{"taxonomy":"category","embeddable":true,"href":"https:\/\/www.elsindical.com.ar\/notas\/wp-json\/wp\/v2\/categories?post=119116"},{"taxonomy":"post_tag","embeddable":true,"href":"https:\/\/www.elsindical.com.ar\/notas\/wp-json\/wp\/v2\/tags?post=119116"}],"curies":[{"name":"wp","href":"https:\/\/api.w.org\/{rel}","templated":true}]}}