{"id":119110,"date":"2022-12-24T09:22:29","date_gmt":"2022-12-24T12:22:29","guid":{"rendered":"https:\/\/www.elsindical.com.ar\/notas\/?p=119110"},"modified":"2022-12-24T09:22:29","modified_gmt":"2022-12-24T12:22:29","slug":"brasil-jair-bolsonaro-indulto-a-militares-y-policias-a-solo-nueve-dias-de-dejar-el-poder","status":"publish","type":"post","link":"https:\/\/www.elsindical.com.ar\/notas\/brasil-jair-bolsonaro-indulto-a-militares-y-policias-a-solo-nueve-dias-de-dejar-el-poder\/","title":{"rendered":"Brasil: Jair Bolsonaro indult\u00f3 a militares y polic\u00edas a solo nueve d\u00edas de dejar el poder"},"content":{"rendered":"<div class=\"wp-block-image\">\n<figure class=\"aligncenter size-full\"><a href=\"https:\/\/www.elsindical.com.ar\/notas\/var\/www\/html\/notas\/wp-content\/uploads\/2022\/12\/Jair-Bolso.jpg\"><img loading=\"lazy\" decoding=\"async\" width=\"756\" height=\"422\" src=\"https:\/\/www.elsindical.com.ar\/notas\/var\/www\/html\/notas\/wp-content\/uploads\/2022\/12\/Jair-Bolso.jpg\" alt=\"\" class=\"wp-image-119111\" srcset=\"https:\/\/www.elsindical.com.ar\/notas\/var\/www\/html\/notas\/wp-content\/uploads\/2022\/12\/Jair-Bolso.jpg 756w, https:\/\/www.elsindical.com.ar\/notas\/var\/www\/html\/notas\/wp-content\/uploads\/2022\/12\/Jair-Bolso-300x167.jpg 300w, https:\/\/www.elsindical.com.ar\/notas\/var\/www\/html\/notas\/wp-content\/uploads\/2022\/12\/Jair-Bolso-500x279.jpg 500w\" sizes=\"auto, (max-width: 756px) 100vw, 756px\" \/><\/a><\/figure>\n<\/div>\n\n\n<p>El presidente del pa\u00eds vecino benefici\u00f3 a 69 agentes que fueron condenados por los 111 homicidios de presidiarios cometidos en la c\u00e1rcel de Carandiru en 1992.<\/p>\n\n\n\n<p>El presidente de Brasil, Jair Bolsonaro, concedi\u00f3, a solo nueve d\u00edas de dejar el poder, un indulto navide\u00f1o que perdon\u00f3 condenas de c\u00e1rcel a militares y polic\u00edas, incluyendo a los responsables de la mayor masacre carcelaria registrada en el pa\u00eds, la de Carandiru de hace 31 a\u00f1os en San Pablo, que dej\u00f3 111 muertos, todos asesinados por fuerzas de seguridad.<\/p>\n\n\n\n<p>El indulto es extensivo a todos los agentes que hayan sido condenados por cr\u00edmenes culposos, o por actos realizados por \u00absu deber de actuar\u00bb o \u00aben raz\u00f3n de riesgos\u00bb enfrentados por las fuerzas de seguridad.<\/p>\n\n\n\n<p>La medida beneficia a los 69 agentes que siguen vivos de los 74 que fueron condenados por los 111 homicidios de presidiarios cometidos en la c\u00e1rcel de Carandiru en 1992 en San Pablo.<\/p>\n\n\n\n<p>Los agentes fueron condenados en juicios celebrados en 2013 y 2014, pero nunca fueron encarcelados debido a maniobras judiciales con las que sus abogados lograron dilatar los juicios de apelaci\u00f3n en instancias superiores.<\/p>\n\n\n\n<p>Se trata de un caso que se ha convertido en un s\u00edmbolo de la impunidad en Brasil.<\/p>\n\n\n\n<p>El decreto tambi\u00e9n beneficia a los condenados que hayan resultado afectados de paraplejia, cuadriplejia o ceguera, con posterioridad a la comisi\u00f3n del delito o como consecuencia de \u00e9ste; por enfermedad grave permanente, que, a la vez, imponga severa limitaci\u00f3n de la actividad y requiera cuidados continuos que no puedan ser brindados en el establecimiento penitenciario; o por una enfermedad grave, como una neoplasia maligna o el s\u00edndrome de inmunodeficiencia adquirida (SIDA), en estado terminal.<\/p>\n\n\n\n<p>En todas estas situaciones, ser\u00e1 necesario acreditarlo mediante informe m\u00e9dico oficial o, en su defecto, por m\u00e9dico designado por el tribunal de ejecuci\u00f3n, consign\u00f3 el sitio period\u00edstico Brasil247.<\/p>\n\n\n\n<p>Tambi\u00e9n se conceder\u00e1 indulto navide\u00f1o a los agentes p\u00fablicos de los organismos de seguridad que, en el ejercicio de su funci\u00f3n o con motivo de ella, hayan sido condenados, aunque sea provisionalmente, por un hecho cometido hace m\u00e1s de 30 a\u00f1os, siempre que, al momento de su comisi\u00f3n, no se considera un crimen atroz.<\/p>\n\n\n\n<p>El decreto tambi\u00e9n concede el indulto navide\u00f1o a las personas mayores de 70 a\u00f1os, condenadas a pena privativa de libertad, que hayan cumplido al menos un tercio de la pena.<br>El hecho que conmocion\u00f3 a Brasil<\/p>\n\n\n\n<p>La matanza de Carandiru se remonta al 2 de octubre de 1992 y se inici\u00f3 por un mot\u00edn en el pabell\u00f3n nueve de este recinto penal, el mayor de Brasil en la \u00e9poca, que albergaba a cerca de 8.000 internos hacinados y en condiciones insalubres.<\/p>\n\n\n\n<p>La Polic\u00eda reprimi\u00f3 con una violencia extrema, disparando a los reclusos cuando muchos de ellos estaban encerrados en sus respectivas celdas sin posibilidad de defenderse o huir.<\/p>\n\n\n\n<p>Seg\u00fan los an\u00e1lisis forenses presentados durante el juicio, los 111 muertos recibieron en total 515 balazos, entre ellos 126 en la cabeza, algo que para los grupos de derechos humanos constituye una prueba de que fueron ejecutados sumariamente.<\/p>\n\n\n\n<p>El responsable de la operaci\u00f3n, el coronel de polic\u00eda Ubiratan Guimar\u00e3es, fue condenado en 2001 por el uso excesivo de la fuerza, pero tampoco lleg\u00f3 a ser encarcelado y result\u00f3 absuelto en una apelaci\u00f3n en 2006, pocos meses antes de morir asesinado.<\/p>\n\n\n\n<p>La conmoci\u00f3n que produjo la matanza llev\u00f3 a las autoridades brasile\u00f1as a clausurar Carandiru en 2002 para luego ordenar su demolici\u00f3n y construir all\u00ed un parque.<\/p>\n","protected":false},"excerpt":{"rendered":"<p>El presidente del pa\u00eds vecino benefici\u00f3 a 69 agentes que fueron condenados por los 111 homicidios de presidiarios cometidos en la c\u00e1rcel de Carandiru en 1992. El presidente de Brasil, Jair Bolsonaro, concedi\u00f3, a solo nueve d\u00edas de dejar el poder, un indulto navide\u00f1o que perdon\u00f3 condenas de c\u00e1rcel a militares y polic\u00edas, incluyendo a&hellip;<\/p>\n","protected":false},"author":1,"featured_media":119111,"comment_status":"open","ping_status":"open","sticky":false,"template":"","format":"standard","meta":{"footnotes":""},"categories":[18],"tags":[2450,39082,29775,4793,39081,118],"class_list":["post-119110","post","type-post","status-publish","format-standard","has-post-thumbnail","hentry","category-internacionales","tag-diario-el-sindical","tag-indultos","tag-jair-bolsonaro","tag-militares","tag-nrasil","tag-policias"],"_links":{"self":[{"href":"https:\/\/www.elsindical.com.ar\/notas\/wp-json\/wp\/v2\/posts\/119110","targetHints":{"allow":["GET"]}}],"collection":[{"href":"https:\/\/www.elsindical.com.ar\/notas\/wp-json\/wp\/v2\/posts"}],"about":[{"href":"https:\/\/www.elsindical.com.ar\/notas\/wp-json\/wp\/v2\/types\/post"}],"author":[{"embeddable":true,"href":"https:\/\/www.elsindical.com.ar\/notas\/wp-json\/wp\/v2\/users\/1"}],"replies":[{"embeddable":true,"href":"https:\/\/www.elsindical.com.ar\/notas\/wp-json\/wp\/v2\/comments?post=119110"}],"version-history":[{"count":1,"href":"https:\/\/www.elsindical.com.ar\/notas\/wp-json\/wp\/v2\/posts\/119110\/revisions"}],"predecessor-version":[{"id":119112,"href":"https:\/\/www.elsindical.com.ar\/notas\/wp-json\/wp\/v2\/posts\/119110\/revisions\/119112"}],"wp:featuredmedia":[{"embeddable":true,"href":"https:\/\/www.elsindical.com.ar\/notas\/wp-json\/wp\/v2\/media\/119111"}],"wp:attachment":[{"href":"https:\/\/www.elsindical.com.ar\/notas\/wp-json\/wp\/v2\/media?parent=119110"}],"wp:term":[{"taxonomy":"category","embeddable":true,"href":"https:\/\/www.elsindical.com.ar\/notas\/wp-json\/wp\/v2\/categories?post=119110"},{"taxonomy":"post_tag","embeddable":true,"href":"https:\/\/www.elsindical.com.ar\/notas\/wp-json\/wp\/v2\/tags?post=119110"}],"curies":[{"name":"wp","href":"https:\/\/api.w.org\/{rel}","templated":true}]}}