{"id":119055,"date":"2022-12-22T09:40:35","date_gmt":"2022-12-22T12:40:35","guid":{"rendered":"https:\/\/www.elsindical.com.ar\/notas\/?p=119055"},"modified":"2022-12-22T09:40:36","modified_gmt":"2022-12-22T12:40:36","slug":"francia-extraen-un-proyectil-de-la-primera-guerra-mundial-del-recto-de-un-octogenario","status":"publish","type":"post","link":"https:\/\/www.elsindical.com.ar\/notas\/francia-extraen-un-proyectil-de-la-primera-guerra-mundial-del-recto-de-un-octogenario\/","title":{"rendered":"Francia: Extraen un proyectil de la Primera Guerra Mundial del recto de un octogenario"},"content":{"rendered":"<div class=\"wp-block-image\">\n<figure class=\"aligncenter size-full\"><a href=\"https:\/\/www.elsindical.com.ar\/notas\/var\/www\/html\/notas\/wp-content\/uploads\/2022\/12\/hospital-Sainte-Musse-de-Tolon.jpg\"><img loading=\"lazy\" decoding=\"async\" width=\"758\" height=\"531\" src=\"https:\/\/www.elsindical.com.ar\/notas\/var\/www\/html\/notas\/wp-content\/uploads\/2022\/12\/hospital-Sainte-Musse-de-Tolon.jpg\" alt=\"\" class=\"wp-image-119056\" srcset=\"https:\/\/www.elsindical.com.ar\/notas\/var\/www\/html\/notas\/wp-content\/uploads\/2022\/12\/hospital-Sainte-Musse-de-Tolon.jpg 758w, https:\/\/www.elsindical.com.ar\/notas\/var\/www\/html\/notas\/wp-content\/uploads\/2022\/12\/hospital-Sainte-Musse-de-Tolon-300x210.jpg 300w, https:\/\/www.elsindical.com.ar\/notas\/var\/www\/html\/notas\/wp-content\/uploads\/2022\/12\/hospital-Sainte-Musse-de-Tolon-428x300.jpg 428w\" sizes=\"auto, (max-width: 758px) 100vw, 758px\" \/><\/a><\/figure>\n<\/div>\n\n\n<p>Tras activar el protocolo de seguridad, y ante la estupefacci\u00f3n del personal m\u00e9dico presente, la direcci\u00f3n decidi\u00f3 evacuar parcialmente el recinto.<\/p>\n\n\n\n<p>Un hombre de 88 a\u00f1os acudi\u00f3 a urgencias del <strong>hospital Sainte-Musse de Tol\u00f3n<\/strong> \u2014en el sur de Francia\u2014 afirmando que ten\u00eda un proyectil de la Primera Guerra Mundial clavado en el recto.<\/p>\n\n\n\n<p>Tras activar el <strong>protocolo de seguridad<\/strong>, y ante la estupefacci\u00f3n del personal m\u00e9dico presente, la direcci\u00f3n decidi\u00f3 evacuar parcialmente el recinto; concretamente, parte del servicio de pediatr\u00eda se traslad\u00f3 al vest\u00edbulo, <a href=\"https:\/\/actu.fr\/provence-alpes-cote-d-azur\/toulon_83137\/toulon-un-homme-se-presente-avec-un-obus-dans-le-rectum-les-urgences-evacuees_56081215.html\" target=\"_blank\" rel=\"noreferrer noopener\">seg\u00fan apuntan medios franceses<\/a>.<\/p>\n\n\n\n<p>Seguidamente, se presentaron expertos en desactivaci\u00f3n de explosivos y, durante varias horas, los pacientes fueron desviados a otros hospitales. Los bomberos, que acudieron como refuerzo, instalaron una tienda de campa\u00f1a en el exterior para que el hombre pudiera ser examinado.<\/p>\n\n\n\n<p>Tras conocer y corroborar la historia del octogenario, y una vez desactivado el protocolo, un cirujano le extrajo la pieza del ano. Se trataba de un \u00abcaparaz\u00f3n de colecci\u00f3n\u00bb de la Primera Guerra Mundial ofrecido a los &#8216;Poilus&#8217; (un t\u00e9rmino para referirse a la infanter\u00eda francesa de la PGM) de unos 20 cent\u00edmetros de largo y entre cinco y seis cent\u00edmetros de di\u00e1metro.<\/p>\n\n\n\n<p><\/p>\n\n\n<div class=\"wp-block-image\">\n<figure class=\"aligncenter size-full\"><a href=\"https:\/\/www.elsindical.com.ar\/notas\/var\/www\/html\/notas\/wp-content\/uploads\/2022\/12\/proyectil-recto-anciano-en-Francia.jpg\"><img loading=\"lazy\" decoding=\"async\" width=\"718\" height=\"392\" src=\"https:\/\/www.elsindical.com.ar\/notas\/var\/www\/html\/notas\/wp-content\/uploads\/2022\/12\/proyectil-recto-anciano-en-Francia.jpg\" alt=\"\" class=\"wp-image-119057\" srcset=\"https:\/\/www.elsindical.com.ar\/notas\/var\/www\/html\/notas\/wp-content\/uploads\/2022\/12\/proyectil-recto-anciano-en-Francia.jpg 718w, https:\/\/www.elsindical.com.ar\/notas\/var\/www\/html\/notas\/wp-content\/uploads\/2022\/12\/proyectil-recto-anciano-en-Francia-300x164.jpg 300w, https:\/\/www.elsindical.com.ar\/notas\/var\/www\/html\/notas\/wp-content\/uploads\/2022\/12\/proyectil-recto-anciano-en-Francia-500x273.jpg 500w\" sizes=\"auto, (max-width: 718px) 100vw, 718px\" \/><\/a><\/figure>\n<\/div>","protected":false},"excerpt":{"rendered":"<p>Tras activar el protocolo de seguridad, y ante la estupefacci\u00f3n del personal m\u00e9dico presente, la direcci\u00f3n decidi\u00f3 evacuar parcialmente el recinto. Un hombre de 88 a\u00f1os acudi\u00f3 a urgencias del hospital Sainte-Musse de Tol\u00f3n \u2014en el sur de Francia\u2014 afirmando que ten\u00eda un proyectil de la Primera Guerra Mundial clavado en el recto. Tras activar&hellip;<\/p>\n","protected":false},"author":1,"featured_media":119056,"comment_status":"open","ping_status":"open","sticky":false,"template":"","format":"standard","meta":{"footnotes":""},"categories":[18],"tags":[412,710,4339,2450,174,39064,6101],"class_list":["post-119055","post","type-post","status-publish","format-standard","has-post-thumbnail","hentry","category-internacionales","tag-anciano","tag-ano","tag-brigada-de-explosivos","tag-diario-el-sindical","tag-francia","tag-hospital-sainte-musse-de-tolon","tag-proyectil"],"_links":{"self":[{"href":"https:\/\/www.elsindical.com.ar\/notas\/wp-json\/wp\/v2\/posts\/119055","targetHints":{"allow":["GET"]}}],"collection":[{"href":"https:\/\/www.elsindical.com.ar\/notas\/wp-json\/wp\/v2\/posts"}],"about":[{"href":"https:\/\/www.elsindical.com.ar\/notas\/wp-json\/wp\/v2\/types\/post"}],"author":[{"embeddable":true,"href":"https:\/\/www.elsindical.com.ar\/notas\/wp-json\/wp\/v2\/users\/1"}],"replies":[{"embeddable":true,"href":"https:\/\/www.elsindical.com.ar\/notas\/wp-json\/wp\/v2\/comments?post=119055"}],"version-history":[{"count":1,"href":"https:\/\/www.elsindical.com.ar\/notas\/wp-json\/wp\/v2\/posts\/119055\/revisions"}],"predecessor-version":[{"id":119058,"href":"https:\/\/www.elsindical.com.ar\/notas\/wp-json\/wp\/v2\/posts\/119055\/revisions\/119058"}],"wp:featuredmedia":[{"embeddable":true,"href":"https:\/\/www.elsindical.com.ar\/notas\/wp-json\/wp\/v2\/media\/119056"}],"wp:attachment":[{"href":"https:\/\/www.elsindical.com.ar\/notas\/wp-json\/wp\/v2\/media?parent=119055"}],"wp:term":[{"taxonomy":"category","embeddable":true,"href":"https:\/\/www.elsindical.com.ar\/notas\/wp-json\/wp\/v2\/categories?post=119055"},{"taxonomy":"post_tag","embeddable":true,"href":"https:\/\/www.elsindical.com.ar\/notas\/wp-json\/wp\/v2\/tags?post=119055"}],"curies":[{"name":"wp","href":"https:\/\/api.w.org\/{rel}","templated":true}]}}