{"id":118993,"date":"2022-12-20T09:40:24","date_gmt":"2022-12-20T12:40:24","guid":{"rendered":"https:\/\/www.elsindical.com.ar\/notas\/?p=118993"},"modified":"2022-12-20T09:41:07","modified_gmt":"2022-12-20T12:41:07","slug":"lomas-de-zamora-condenaron-a-25-anos-de-prision-los-7-ex-policias-que-cometieron-la-masacre-de-wilde","status":"publish","type":"post","link":"https:\/\/www.elsindical.com.ar\/notas\/lomas-de-zamora-condenaron-a-25-anos-de-prision-los-7-ex-policias-que-cometieron-la-masacre-de-wilde\/","title":{"rendered":"Lomas de Zamora: Condenaron a 25 a\u00f1os de prisi\u00f3n los 7 ex polic\u00edas que cometieron la Masacre de Wilde"},"content":{"rendered":"<div class=\"wp-block-image\">\n<figure class=\"aligncenter size-large\"><a href=\"https:\/\/www.elsindical.com.ar\/notas\/var\/www\/html\/notas\/wp-content\/uploads\/2022\/12\/masacre-de-Wilde-sentencia-1.jpg\"><img loading=\"lazy\" decoding=\"async\" width=\"1024\" height=\"683\" src=\"https:\/\/www.elsindical.com.ar\/notas\/var\/www\/html\/notas\/wp-content\/uploads\/2022\/12\/masacre-de-Wilde-sentencia-1-1024x683.jpg\" alt=\"\" class=\"wp-image-118994\" srcset=\"https:\/\/www.elsindical.com.ar\/notas\/var\/www\/html\/notas\/wp-content\/uploads\/2022\/12\/masacre-de-Wilde-sentencia-1-1024x683.jpg 1024w, https:\/\/www.elsindical.com.ar\/notas\/var\/www\/html\/notas\/wp-content\/uploads\/2022\/12\/masacre-de-Wilde-sentencia-1-300x200.jpg 300w, https:\/\/www.elsindical.com.ar\/notas\/var\/www\/html\/notas\/wp-content\/uploads\/2022\/12\/masacre-de-Wilde-sentencia-1-768x512.jpg 768w, https:\/\/www.elsindical.com.ar\/notas\/var\/www\/html\/notas\/wp-content\/uploads\/2022\/12\/masacre-de-Wilde-sentencia-1-450x300.jpg 450w, https:\/\/www.elsindical.com.ar\/notas\/var\/www\/html\/notas\/wp-content\/uploads\/2022\/12\/masacre-de-Wilde-sentencia-1-1536x1024.jpg 1536w, https:\/\/www.elsindical.com.ar\/notas\/var\/www\/html\/notas\/wp-content\/uploads\/2022\/12\/masacre-de-Wilde-sentencia-1-2048x1366.jpg 2048w\" sizes=\"auto, (max-width: 1024px) 100vw, 1024px\" \/><\/a><\/figure>\n<\/div>\n\n\n<p class=\"wp-block-paragraph\">Siete expolic\u00edas bonaerenses fueron condenados este lunes 25 a\u00f1os de prisi\u00f3n al ser hallados culpables de la denominada \u00abMasacre de Wilde\u00bb, el emblem\u00e1tico caso de \u00abgatillo f\u00e1cil\u00bb cometido en 1994 en esa localidad en el cual fueron asesinados cuatro hombres.<\/p>\n\n\n\n<p class=\"wp-block-paragraph\">A m\u00e1s&nbsp; 28 a\u00f1os del hecho, el Tribunal Oral en lo Criminal (TOC) 3 de Lomas de Zamora conden\u00f3 a los &nbsp;ex comisarios Roberto Mantel y Eduardo G\u00f3mez, el &nbsp;ex oficial Osvaldo Lorenz\u00f3n, el ex subteniente Pablo Dudek, los ex oficiales Julio Gatto y Marcelo Valenga, y el ex cabo Marcos Rodr\u00edguez como coautores del delito de <strong>\u00abhomicidio simple reiterado y homicidio simple en grado de tentativa \u00ab.<\/strong><\/p>\n\n\n\n<p class=\"wp-block-paragraph\"><strong>Los magistrados dispusieron adem\u00e1s que cuando el fallo quede firme los siete condenados sean detenidos. Mientras tanto, les fij\u00f3 una serie de condiciones (no salir del pa\u00eds ni ausentarse de sus casas sin orden judicial, no acercarse a los familiares de las v\u00edctimas, y acudir cada 10 d\u00edas a una sede judicial) que de no cumplirlas podr\u00eda hacerse efectiva la detenci\u00f3n.<\/strong><\/p>\n\n\n\n<p class=\"wp-block-paragraph\">Los jueces rechazaron todos los planteos de nulidades realizados por las defensas de los ex polic\u00edas. Adem\u00e1s, dispusieron que \u201cpor la importancia social e hist\u00f3rica de la causa\u201d cuando quede firme el fallo se env\u00ede el expediente al Archivo Nacional de la Memoria.<\/p>\n\n\n\n<p class=\"wp-block-paragraph\">El fallo fue dado a conocer cerca de las 12.30 por el TOC 3 de Lomas de Zamora, integrado por los jueces Marcelo Hugo Dellature, Luis Miguel Gabi\u00e1n y Claudio Fern\u00e1ndez, en la Sala de Audiencias m\u00e1s grande de los Tribunales de Lomas.<\/p>\n\n\n\n<p class=\"wp-block-paragraph\"><strong>La denominada \u00abMasacre de Wilde\u00bb ocurri\u00f3 el 10 de enero de 1994, en dicha localidad del sur del conurbano bonaerense, donde fueron asesinados de varios disparos al ser confundidos con delincuentes Cicutin, Norberto Corbo, Enrique Bielsa y Claudio Mendoza, cuyos familiares se presentaron este mediod\u00eda en la puerta de los tribunales con carteles que dec\u00edan: \u00abJusta justicia es perpetua para todos\u00bb.<\/strong><\/p>\n\n\n\n<p class=\"wp-block-paragraph\">Los acusados llegaron al juicio en libertad y escucharon desde el banquillo de los acusados las condenas en su contra.<\/p>\n\n\n\n<p class=\"wp-block-paragraph\">Para todos ellos, la fiscal Viviana Sim\u00f3n y los abogados Ciro Annichiaricco y Gustavo Romano Duffau, en representaci\u00f3n de las v\u00edctimas, hab\u00edan requerido en sus alegatos prisi\u00f3n perpetua al considerar que entre los imputados existi\u00f3 un \u00abacuerdo previo para matar entre todos\u00bb, ya que la prueba demuestra que \u00abse organizaron con medios, veh\u00edculos, armas de fuego y cantidad de participantes para consumar la muerte y ejecutar a las v\u00edctimas\u00bb, a las que emboscaron en la zona de Wilde.<\/p>\n\n\n\n<p class=\"wp-block-paragraph\">El &nbsp;\u201cconcurso premeditado de dos o m\u00e1s personas\u201d era el \u00fanico agravante al homicidio que exist\u00eda cuando ocurrieron los hechos. Los jueces consideraron que en el juicio no qued\u00f3 demostrado la existencia de ese agravante por eso calificaron lo ocurrido como \u201chomicidio simple\u201d<\/p>\n\n\n\n<p class=\"wp-block-paragraph\">Las defensas de todos los acusados, en tanto. pidieron la absoluci\u00f3n de los siete expolic\u00edas.<\/p>\n\n\n\n<p class=\"wp-block-paragraph\">La \u00abMasacre de Wilde\u00bb ocurri\u00f3 el 10 de enero de 1994 y tuvo como v\u00edctimas al remisero Corbo y a sus pasajeros, Mendoza y Bielsa, quienes viajaban a bordo de un Peugeot 505, y al vendedor de libros Cicutin, que se trasladaba en un Dodge 1500, conducido por Claudio D\u00edaz, el \u00fanico que sobrevivi\u00f3 al ataque.<\/p>\n\n\n\n<p class=\"wp-block-paragraph\">Los cinco fueron atacados a tiros por efectivos de la Brigada de Investigaciones de Lan\u00fas que al parecer los confundieron con delincuentes y les dispararon cerca de 200 veces.<\/p>\n\n\n\n<p class=\"wp-block-paragraph\">De acuerdo a los peritajes, los veh\u00edculos involucrados y las v\u00edctimas recibieron unos 200 impactos de bala calibre 9 mil\u00edmetros disparados con pistolas y al menos un subfusil Uzi.<\/p>\n\n\n\n<p class=\"wp-block-paragraph\">En principio, los polic\u00edas que intervinieron en el hecho fueron detenidos, aunque la C\u00e1mara de Apelaciones y Garant\u00edas los sobresey\u00f3 y liber\u00f3.<\/p>\n\n\n\n<p class=\"wp-block-paragraph\">Adem\u00e1s de quienes fueron juzgados, estaban imputados el comisario C\u00e9sar C\u00f3rdoba, Carlos Saladino y Hugo Reyes, (ya fallecidos), todos integrantes de la brigada cuyo subjefe era el entonces comisario y actual abogado Juan Jos\u00e9 Ribelli, procesado y luego absuelto por el atentado a la AMIA y quien no estaba en el pa\u00eds cuando ocurri\u00f3 el hecho y el ex subteniente Marciano Gonz\u00e1lez, que qued\u00f3 fuera del proceso por incapacidad mental, luego de sufrir un accidente cerebrovascular (ACV).<\/p>\n\n\n\n<p class=\"wp-block-paragraph\">Tras apelaciones de familiares de las v\u00edctimas, en 2003 y en 2007 volvieron a ser sobrese\u00eddos por la misma medida.<\/p>\n\n\n\n<p class=\"wp-block-paragraph\">No obstante, la causa sigui\u00f3 su curso hasta la Suprema Corte de Justicia bonaerense, que en 2013 orden\u00f3 reabrir el expediente y anular los sobreseimientos.<\/p>\n\n\n\n<p class=\"wp-block-paragraph\">Tras el fallo del TOC 3 de Lomas de Zamora ser\u00e1 la Casaci\u00f3n Penal bonaerense la que debe avalar o modificar la resoluci\u00f3n de este lunes. En el primer caso, se deber\u00eda hacer efectiva la prisi\u00f3n a los ex polic\u00edas.<\/p>\n\n\n\n<figure class=\"wp-block-image size-large\"><a href=\"https:\/\/www.elsindical.com.ar\/notas\/var\/www\/html\/notas\/wp-content\/uploads\/2022\/12\/masacre-de-Wilde-sentencia-2.jpg\"><img loading=\"lazy\" decoding=\"async\" width=\"1024\" height=\"683\" src=\"https:\/\/www.elsindical.com.ar\/notas\/var\/www\/html\/notas\/wp-content\/uploads\/2022\/12\/masacre-de-Wilde-sentencia-2-1024x683.jpg\" alt=\"\" class=\"wp-image-118995\" srcset=\"https:\/\/www.elsindical.com.ar\/notas\/var\/www\/html\/notas\/wp-content\/uploads\/2022\/12\/masacre-de-Wilde-sentencia-2-1024x683.jpg 1024w, https:\/\/www.elsindical.com.ar\/notas\/var\/www\/html\/notas\/wp-content\/uploads\/2022\/12\/masacre-de-Wilde-sentencia-2-300x200.jpg 300w, https:\/\/www.elsindical.com.ar\/notas\/var\/www\/html\/notas\/wp-content\/uploads\/2022\/12\/masacre-de-Wilde-sentencia-2-768x512.jpg 768w, https:\/\/www.elsindical.com.ar\/notas\/var\/www\/html\/notas\/wp-content\/uploads\/2022\/12\/masacre-de-Wilde-sentencia-2-450x300.jpg 450w, https:\/\/www.elsindical.com.ar\/notas\/var\/www\/html\/notas\/wp-content\/uploads\/2022\/12\/masacre-de-Wilde-sentencia-2-1536x1024.jpg 1536w, https:\/\/www.elsindical.com.ar\/notas\/var\/www\/html\/notas\/wp-content\/uploads\/2022\/12\/masacre-de-Wilde-sentencia-2-2048x1366.jpg 2048w\" sizes=\"auto, (max-width: 1024px) 100vw, 1024px\" \/><\/a><\/figure>\n","protected":false},"excerpt":{"rendered":"<p>Siete expolic\u00edas bonaerenses fueron condenados este lunes 25 a\u00f1os de prisi\u00f3n al ser hallados culpables de la denominada \u00abMasacre de Wilde\u00bb, el emblem\u00e1tico caso de \u00abgatillo f\u00e1cil\u00bb cometido en 1994 en esa localidad en el cual fueron asesinados cuatro hombres. A m\u00e1s&nbsp; 28 a\u00f1os del hecho, el Tribunal Oral en lo Criminal (TOC) 3 de&hellip;<\/p>\n","protected":false},"author":1,"featured_media":118994,"comment_status":"open","ping_status":"open","sticky":false,"template":"","format":"standard","meta":{"footnotes":""},"categories":[20],"tags":[39044,2450,39038,516,39041,744,39042,39043,17586,39039,39040,39037,4040,9274],"class_list":["post-118993","post","type-post","status-publish","format-standard","has-post-thumbnail","hentry","category-judiciales","tag-archivo-nacional-de-la-memoria","tag-diario-el-sindical","tag-eduardo-gomez","tag-juicio-oral","tag-julio-gatto","tag-lomas-de-zamora","tag-marcelo-valenga","tag-marcos-rodriguez","tag-masacre-de-wilde","tag-osvaldo-lorenzon","tag-pablo-dudek","tag-roberto-mantel","tag-sentencia","tag-toc-3"],"_links":{"self":[{"href":"https:\/\/www.elsindical.com.ar\/notas\/wp-json\/wp\/v2\/posts\/118993","targetHints":{"allow":["GET"]}}],"collection":[{"href":"https:\/\/www.elsindical.com.ar\/notas\/wp-json\/wp\/v2\/posts"}],"about":[{"href":"https:\/\/www.elsindical.com.ar\/notas\/wp-json\/wp\/v2\/types\/post"}],"author":[{"embeddable":true,"href":"https:\/\/www.elsindical.com.ar\/notas\/wp-json\/wp\/v2\/users\/1"}],"replies":[{"embeddable":true,"href":"https:\/\/www.elsindical.com.ar\/notas\/wp-json\/wp\/v2\/comments?post=118993"}],"version-history":[{"count":1,"href":"https:\/\/www.elsindical.com.ar\/notas\/wp-json\/wp\/v2\/posts\/118993\/revisions"}],"predecessor-version":[{"id":118996,"href":"https:\/\/www.elsindical.com.ar\/notas\/wp-json\/wp\/v2\/posts\/118993\/revisions\/118996"}],"wp:featuredmedia":[{"embeddable":true,"href":"https:\/\/www.elsindical.com.ar\/notas\/wp-json\/wp\/v2\/media\/118994"}],"wp:attachment":[{"href":"https:\/\/www.elsindical.com.ar\/notas\/wp-json\/wp\/v2\/media?parent=118993"}],"wp:term":[{"taxonomy":"category","embeddable":true,"href":"https:\/\/www.elsindical.com.ar\/notas\/wp-json\/wp\/v2\/categories?post=118993"},{"taxonomy":"post_tag","embeddable":true,"href":"https:\/\/www.elsindical.com.ar\/notas\/wp-json\/wp\/v2\/tags?post=118993"}],"curies":[{"name":"wp","href":"https:\/\/api.w.org\/{rel}","templated":true}]}}