{"id":118876,"date":"2022-12-16T00:23:47","date_gmt":"2022-12-16T03:23:47","guid":{"rendered":"https:\/\/www.elsindical.com.ar\/notas\/?p=118876"},"modified":"2022-12-16T00:24:28","modified_gmt":"2022-12-16T03:24:28","slug":"perczyk-destaco-aumento-de-matricula-universitaria-en-reunion-del-consejo-de-rectores-del-grupo-montevideo","status":"publish","type":"post","link":"https:\/\/www.elsindical.com.ar\/notas\/perczyk-destaco-aumento-de-matricula-universitaria-en-reunion-del-consejo-de-rectores-del-grupo-montevideo\/","title":{"rendered":"Perczyk destac\u00f3 aumento de matr\u00edcula universitaria en Reuni\u00f3n del Consejo de Rectores del Grupo Montevideo"},"content":{"rendered":"<div class=\"wp-block-image\">\n<figure class=\"aligncenter size-full\"><a href=\"https:\/\/www.elsindical.com.ar\/notas\/var\/www\/html\/notas\/wp-content\/uploads\/2022\/12\/unnoba_1.jpeg\"><img loading=\"lazy\" decoding=\"async\" width=\"1024\" height=\"626\" src=\"https:\/\/www.elsindical.com.ar\/notas\/var\/www\/html\/notas\/wp-content\/uploads\/2022\/12\/unnoba_1.jpeg\" alt=\"\" class=\"wp-image-118877\" srcset=\"https:\/\/www.elsindical.com.ar\/notas\/var\/www\/html\/notas\/wp-content\/uploads\/2022\/12\/unnoba_1.jpeg 1024w, https:\/\/www.elsindical.com.ar\/notas\/var\/www\/html\/notas\/wp-content\/uploads\/2022\/12\/unnoba_1-300x183.jpeg 300w, https:\/\/www.elsindical.com.ar\/notas\/var\/www\/html\/notas\/wp-content\/uploads\/2022\/12\/unnoba_1-768x470.jpeg 768w, https:\/\/www.elsindical.com.ar\/notas\/var\/www\/html\/notas\/wp-content\/uploads\/2022\/12\/unnoba_1-491x300.jpeg 491w\" sizes=\"auto, (max-width: 1024px) 100vw, 1024px\" \/><\/a><\/figure>\n<\/div>\n\n\n<p><em>El ministro de Educaci\u00f3n de la Naci\u00f3n, Jaime Perczyk, particip\u00f3 hoy de la reuni\u00f3n del Consejo de Rectores de la Asociaci\u00f3n de Universidades del Grupo Montevideo (AUGM) que se desarroll\u00f3 en la ciudad de Jun\u00edn, en el marco del 20\u00b0 aniversario de la Universidad Nacional del Noroeste de Buenos Aires (UNNOBA).<\/em><\/p>\n\n\n\n<p><em>\u00abTodos los pa\u00edses de la regi\u00f3n hemos tenido una gran cantidad de logros y la UNNOBA es uno de ellos como parte de las conquistas de la democracia\u00bb,<\/em> destac\u00f3 el titular de la cartera educativa nacional y resalt\u00f3 que <em>\u00aben democracia, la Argentina duplic\u00f3 la cantidad de universidades y multiplic\u00f3 por 10 la cantidad de estudiantes universitarios\u00bb.<\/em><\/p>\n\n\n\n<p>Consider\u00f3 adem\u00e1s <em>\u00abun orgullo que se haya multiplicado exponencialmente la cantidad de estudiantes universitarios pese los problemas y las crisis econ\u00f3micas por las que atraves\u00f3 nuestro pa\u00eds\u00bb.<\/em><\/p>\n\n\n\n<p><em>\u00abEn los \u00faltimos 14 a\u00f1os, aument\u00f3 casi un 300% de argentinas y argentinos que tienen t\u00edtulo universitario. &nbsp;Esto tambi\u00e9n hay que decirlo porque pas\u00f3 en Argentina\u00bb, <\/em>grafic\u00f3.<\/p>\n\n\n\n<p>Durante su discurso, Perczyk adem\u00e1s hizo referencia al encuentro organizado por la Argentina en mayo con ministras y ministros de Am\u00e9rica Latina y el Caribe, en el cual <em>\u00abse acord\u00f3 entre todos, con la participaci\u00f3n del sistema universitario argentino, que los estados tienen la responsabilidad de garantizar derechos y de asegurar el financiamiento de la educaci\u00f3n p\u00fablica m\u00e1s all\u00e1 de condicionamientos externos\u00bb.<\/em><\/p>\n\n\n\n<p><em>\u00abEstamos en un tiempo en el que nuestra regi\u00f3n ha recuperado muchas cosas para el &nbsp;pueblo. Necesitamos lograr m\u00e1s justicia, menos desigualdad y desarrollo pleno para nuestros pa\u00edses; &nbsp;y en eso la universidad tiene un papel muy importante\u00bb,<\/em> explic\u00f3.<\/p>\n\n\n\n<p>Agreg\u00f3 que <em>\u00abla universidad, y la educaci\u00f3n en general son dos de los pilares que tiene nuestra sociedad para mejorar los niveles de desigualdad y al mismo tiempo construir un camino de desarrollo que necesita nuestra regi\u00f3n\u00bb.<\/em><\/p>\n\n\n\n<p>Por su parte, el <strong>rector de la UNNOBA, Guillermo Tamarit,<\/strong> afirm\u00f3 que la UNNOBA <em>\u00abfue creada hace 20 a\u00f1os y es el resultado de experiencias universitarias previas, la UBA, las Universidades Nacionales de La Plata y Rosario, quienes fueron fundadoras de AUGM. Por eso nos pareci\u00f3 tan natural su incorporaci\u00f3n\u00bb.<\/em><\/p>\n\n\n\n<p>Tamarit, adem\u00e1s, se refiri\u00f3 a la disertaci\u00f3n que tuvo lugar en mayo en la UNESCO por parte del ministro de Educaci\u00f3n, Jaime Perczyk, sobre transformaci\u00f3n en la educaci\u00f3n.<\/p>\n\n\n\n<p><em>\u00abSent\u00ed mucha emoci\u00f3n al escuchar al ministro, quien recuper\u00f3 la idea de la obligaci\u00f3n del Estado de hacerse cargo del financiamiento en la educaci\u00f3n. La emoci\u00f3n me ocurre porque en ese mismo lugar, en 1998, representantes del Grupo Montevideo fueron los que pusieron poner en debate por primera vez este tema en el contexto de la Conferencia Mundial de Educaci\u00f3n Superior\u00bb<\/em>, resalt\u00f3.<\/p>\n\n\n\n<p>La AUGM est\u00e1 integrada por universidades p\u00fablicas, aut\u00f3nomas, autogobernadas de Argentina, Bolivia, Brasil, Chile, Paraguay y Uruguay. Se trata de un espacio acad\u00e9mico com\u00fan de car\u00e1cter regional que, desde agosto de 1991, tiene como prop\u00f3sito la cooperaci\u00f3n cient\u00edfica, tecnol\u00f3gica, educativa y cultural.<\/p>\n\n\n\n<p>Estuvieron presentes en el evento rectoras y rectores de universidades nacionales y de universidades de la regi\u00f3n latinoamericana.<\/p>\n\n\n\n<figure class=\"wp-block-image size-full\"><a href=\"https:\/\/www.elsindical.com.ar\/notas\/var\/www\/html\/notas\/wp-content\/uploads\/2022\/12\/unnoba_2.jpeg\"><img loading=\"lazy\" decoding=\"async\" width=\"1024\" height=\"665\" src=\"https:\/\/www.elsindical.com.ar\/notas\/var\/www\/html\/notas\/wp-content\/uploads\/2022\/12\/unnoba_2.jpeg\" alt=\"\" class=\"wp-image-118878\" srcset=\"https:\/\/www.elsindical.com.ar\/notas\/var\/www\/html\/notas\/wp-content\/uploads\/2022\/12\/unnoba_2.jpeg 1024w, https:\/\/www.elsindical.com.ar\/notas\/var\/www\/html\/notas\/wp-content\/uploads\/2022\/12\/unnoba_2-300x195.jpeg 300w, https:\/\/www.elsindical.com.ar\/notas\/var\/www\/html\/notas\/wp-content\/uploads\/2022\/12\/unnoba_2-768x499.jpeg 768w, https:\/\/www.elsindical.com.ar\/notas\/var\/www\/html\/notas\/wp-content\/uploads\/2022\/12\/unnoba_2-462x300.jpeg 462w\" sizes=\"auto, (max-width: 1024px) 100vw, 1024px\" \/><\/a><\/figure>\n","protected":false},"excerpt":{"rendered":"<p>El ministro de Educaci\u00f3n de la Naci\u00f3n, Jaime Perczyk, particip\u00f3 hoy de la reuni\u00f3n del Consejo de Rectores de la Asociaci\u00f3n de Universidades del Grupo Montevideo (AUGM) que se desarroll\u00f3 en la ciudad de Jun\u00edn, en el marco del 20\u00b0 aniversario de la Universidad Nacional del Noroeste de Buenos Aires (UNNOBA). \u00abTodos los pa\u00edses de&hellip;<\/p>\n","protected":false},"author":1,"featured_media":118877,"comment_status":"open","ping_status":"open","sticky":false,"template":"","format":"standard","meta":{"footnotes":""},"categories":[13],"tags":[39006,2450,5561,17299,10267,1548],"class_list":["post-118876","post","type-post","status-publish","format-standard","has-post-thumbnail","hentry","category-politica","tag-augm","tag-diario-el-sindical","tag-educacion","tag-lic-jaime-perczyk","tag-ministerio-de-educacion-de-la-nacion","tag-unnoba"],"_links":{"self":[{"href":"https:\/\/www.elsindical.com.ar\/notas\/wp-json\/wp\/v2\/posts\/118876","targetHints":{"allow":["GET"]}}],"collection":[{"href":"https:\/\/www.elsindical.com.ar\/notas\/wp-json\/wp\/v2\/posts"}],"about":[{"href":"https:\/\/www.elsindical.com.ar\/notas\/wp-json\/wp\/v2\/types\/post"}],"author":[{"embeddable":true,"href":"https:\/\/www.elsindical.com.ar\/notas\/wp-json\/wp\/v2\/users\/1"}],"replies":[{"embeddable":true,"href":"https:\/\/www.elsindical.com.ar\/notas\/wp-json\/wp\/v2\/comments?post=118876"}],"version-history":[{"count":2,"href":"https:\/\/www.elsindical.com.ar\/notas\/wp-json\/wp\/v2\/posts\/118876\/revisions"}],"predecessor-version":[{"id":118880,"href":"https:\/\/www.elsindical.com.ar\/notas\/wp-json\/wp\/v2\/posts\/118876\/revisions\/118880"}],"wp:featuredmedia":[{"embeddable":true,"href":"https:\/\/www.elsindical.com.ar\/notas\/wp-json\/wp\/v2\/media\/118877"}],"wp:attachment":[{"href":"https:\/\/www.elsindical.com.ar\/notas\/wp-json\/wp\/v2\/media?parent=118876"}],"wp:term":[{"taxonomy":"category","embeddable":true,"href":"https:\/\/www.elsindical.com.ar\/notas\/wp-json\/wp\/v2\/categories?post=118876"},{"taxonomy":"post_tag","embeddable":true,"href":"https:\/\/www.elsindical.com.ar\/notas\/wp-json\/wp\/v2\/tags?post=118876"}],"curies":[{"name":"wp","href":"https:\/\/api.w.org\/{rel}","templated":true}]}}