{"id":118853,"date":"2022-12-15T08:06:20","date_gmt":"2022-12-15T11:06:20","guid":{"rendered":"https:\/\/www.elsindical.com.ar\/notas\/?p=118853"},"modified":"2022-12-15T08:06:21","modified_gmt":"2022-12-15T11:06:21","slug":"quilmes-anunciaron-la-construccion-de-un-parque-acuatico","status":"publish","type":"post","link":"https:\/\/www.elsindical.com.ar\/notas\/quilmes-anunciaron-la-construccion-de-un-parque-acuatico\/","title":{"rendered":"Quilmes: Anunciaron la construcci\u00f3n de un parque acu\u00e1tico"},"content":{"rendered":"<div class=\"wp-block-image\">\n<figure class=\"aligncenter size-large\"><a href=\"https:\/\/www.elsindical.com.ar\/notas\/var\/www\/html\/notas\/wp-content\/uploads\/2022\/12\/proyecto-parque-acuatico.jpg\"><img loading=\"lazy\" decoding=\"async\" width=\"1024\" height=\"576\" src=\"https:\/\/www.elsindical.com.ar\/notas\/var\/www\/html\/notas\/wp-content\/uploads\/2022\/12\/proyecto-parque-acuatico-1024x576.jpg\" alt=\"\" class=\"wp-image-118854\" srcset=\"https:\/\/www.elsindical.com.ar\/notas\/var\/www\/html\/notas\/wp-content\/uploads\/2022\/12\/proyecto-parque-acuatico-1024x576.jpg 1024w, https:\/\/www.elsindical.com.ar\/notas\/var\/www\/html\/notas\/wp-content\/uploads\/2022\/12\/proyecto-parque-acuatico-300x169.jpg 300w, https:\/\/www.elsindical.com.ar\/notas\/var\/www\/html\/notas\/wp-content\/uploads\/2022\/12\/proyecto-parque-acuatico-768x432.jpg 768w, https:\/\/www.elsindical.com.ar\/notas\/var\/www\/html\/notas\/wp-content\/uploads\/2022\/12\/proyecto-parque-acuatico-500x281.jpg 500w, https:\/\/www.elsindical.com.ar\/notas\/var\/www\/html\/notas\/wp-content\/uploads\/2022\/12\/proyecto-parque-acuatico-460x260.jpg 460w, https:\/\/www.elsindical.com.ar\/notas\/var\/www\/html\/notas\/wp-content\/uploads\/2022\/12\/proyecto-parque-acuatico.jpg 1280w\" sizes=\"auto, (max-width: 1024px) 100vw, 1024px\" \/><\/a><\/figure>\n<\/div>\n\n\n<p>El Municipio de Quilmes anuncia que comenz\u00f3 la construcci\u00f3n del <strong>Nuevo Parque Acu\u00e1tico,<\/strong> que se emplazar\u00e1 en el Museo del Transporte, ubicado en la avenida Laprida 2200 esquina Ricardo Rojas, en Quilmes Oeste, <strong>en un sector en el que no hay \u00e1rboles para continuar con el compromiso asumido por la gesti\u00f3n que encabeza la intendenta Mayra Mendoza, de preservaci\u00f3n y cuidado del ambiente.<\/strong><\/p>\n\n\n\n<p>El proyecto propone la construcci\u00f3n de un parque acu\u00e1tico con juegos, toboganes y aspersores aptos para todas las edades, junto a un n\u00facleo de vestuarios, sanitarios y una sala de m\u00e1quinas.<strong> Esta iniciativa permitir\u00e1 un uso m\u00e1s activo y beneficioso del este espacio, adem\u00e1s de una mejora considerable del predio.<\/strong><\/p>\n\n\n\n<p>Dentro de este importante espacio, delimitado por las avenidas Laprida, Joaqu\u00edn V. Gonz\u00e1lez, y las calles Andrade y la continuidad de Paula Albarrac\u00edn,&nbsp; se ubican varios sectores para diversas actividades como el propio Museo Hist\u00f3rico del Transporte Don Carlos Hillner y Decoud, circuitos para caminar, juegos para ni\u00f1os, \u00e1reas descampadas para el desarrollo de eventos, y bancos y mesas para juegos de mesa, entre otros.<\/p>\n\n\n\n<p>En este marco, el Parque Acu\u00e1tico contribuir\u00e1 a una mejora sustancial en el predio, conservando la arboleda natural del espacio y potenciando la visita de vecinas y vecinos con esta nueva atracci\u00f3n deportiva, de recreaci\u00f3n y esparcimiento, ideal como punto de encuentro e interacci\u00f3n para toda la familia.<\/p>\n","protected":false},"excerpt":{"rendered":"<p>El Municipio de Quilmes anuncia que comenz\u00f3 la construcci\u00f3n del Nuevo Parque Acu\u00e1tico, que se emplazar\u00e1 en el Museo del Transporte, ubicado en la avenida Laprida 2200 esquina Ricardo Rojas, en Quilmes Oeste, en un sector en el que no hay \u00e1rboles para continuar con el compromiso asumido por la gesti\u00f3n que encabeza la intendenta&hellip;<\/p>\n","protected":false},"author":1,"featured_media":118854,"comment_status":"open","ping_status":"open","sticky":false,"template":"","format":"standard","meta":{"footnotes":""},"categories":[13],"tags":[2450,31234,38996,38995,684],"class_list":["post-118853","post","type-post","status-publish","format-standard","has-post-thumbnail","hentry","category-politica","tag-diario-el-sindical","tag-mayra-mendoza","tag-museo-del-transporte","tag-parque-acuatico","tag-quilmes"],"_links":{"self":[{"href":"https:\/\/www.elsindical.com.ar\/notas\/wp-json\/wp\/v2\/posts\/118853","targetHints":{"allow":["GET"]}}],"collection":[{"href":"https:\/\/www.elsindical.com.ar\/notas\/wp-json\/wp\/v2\/posts"}],"about":[{"href":"https:\/\/www.elsindical.com.ar\/notas\/wp-json\/wp\/v2\/types\/post"}],"author":[{"embeddable":true,"href":"https:\/\/www.elsindical.com.ar\/notas\/wp-json\/wp\/v2\/users\/1"}],"replies":[{"embeddable":true,"href":"https:\/\/www.elsindical.com.ar\/notas\/wp-json\/wp\/v2\/comments?post=118853"}],"version-history":[{"count":1,"href":"https:\/\/www.elsindical.com.ar\/notas\/wp-json\/wp\/v2\/posts\/118853\/revisions"}],"predecessor-version":[{"id":118855,"href":"https:\/\/www.elsindical.com.ar\/notas\/wp-json\/wp\/v2\/posts\/118853\/revisions\/118855"}],"wp:featuredmedia":[{"embeddable":true,"href":"https:\/\/www.elsindical.com.ar\/notas\/wp-json\/wp\/v2\/media\/118854"}],"wp:attachment":[{"href":"https:\/\/www.elsindical.com.ar\/notas\/wp-json\/wp\/v2\/media?parent=118853"}],"wp:term":[{"taxonomy":"category","embeddable":true,"href":"https:\/\/www.elsindical.com.ar\/notas\/wp-json\/wp\/v2\/categories?post=118853"},{"taxonomy":"post_tag","embeddable":true,"href":"https:\/\/www.elsindical.com.ar\/notas\/wp-json\/wp\/v2\/tags?post=118853"}],"curies":[{"name":"wp","href":"https:\/\/api.w.org\/{rel}","templated":true}]}}