{"id":118848,"date":"2022-12-14T21:57:32","date_gmt":"2022-12-15T00:57:32","guid":{"rendered":"https:\/\/www.elsindical.com.ar\/notas\/?p=118848"},"modified":"2022-12-14T21:57:32","modified_gmt":"2022-12-15T00:57:32","slug":"cierra-el-plazo-para-aplicar-para-el-fomento-de-proyectos-audiovisuales","status":"publish","type":"post","link":"https:\/\/www.elsindical.com.ar\/notas\/cierra-el-plazo-para-aplicar-para-el-fomento-de-proyectos-audiovisuales\/","title":{"rendered":"Cierra el plazo para aplicar para el fomento de proyectos audiovisuales"},"content":{"rendered":"<div class=\"wp-block-image\">\n<figure class=\"aligncenter size-full\"><a href=\"https:\/\/www.elsindical.com.ar\/notas\/var\/www\/html\/notas\/wp-content\/uploads\/2022\/12\/Plan-de-Fomento-desarrollo-audiovisual.jpg\"><img loading=\"lazy\" decoding=\"async\" width=\"720\" height=\"695\" src=\"https:\/\/www.elsindical.com.ar\/notas\/var\/www\/html\/notas\/wp-content\/uploads\/2022\/12\/Plan-de-Fomento-desarrollo-audiovisual.jpg\" alt=\"\" class=\"wp-image-118849\" srcset=\"https:\/\/www.elsindical.com.ar\/notas\/var\/www\/html\/notas\/wp-content\/uploads\/2022\/12\/Plan-de-Fomento-desarrollo-audiovisual.jpg 720w, https:\/\/www.elsindical.com.ar\/notas\/var\/www\/html\/notas\/wp-content\/uploads\/2022\/12\/Plan-de-Fomento-desarrollo-audiovisual-300x290.jpg 300w, https:\/\/www.elsindical.com.ar\/notas\/var\/www\/html\/notas\/wp-content\/uploads\/2022\/12\/Plan-de-Fomento-desarrollo-audiovisual-311x300.jpg 311w\" sizes=\"auto, (max-width: 720px) 100vw, 720px\" \/><\/a><\/figure>\n<\/div>\n\n\n<p>Este viernes 16 de diciembre cierra la inscripci\u00f3n para aplicar al Plan de Fomento para el desarrollo de proyectos audiovisuales, impulsado por el <a href=\"https:\/\/www.facebook.com\/CulturaPBA?__cft__[0]=AZWl8N37uzpx-lCfnsQ5iU0saN6Fh-lUuGIaULgjfbZ-8oIyz1ujK9KG-5NU8G-X9V8Jb7ChZCf4ArBiucNF-zhrJmO-XRWw6Qebwl9Fgc4ONfXjfF768oH9OMCYCma138OBepZYS7ENda0tML6rHDTzOvzdhWzsfboQQHN0i7Cr2UhUHiJW0yVDnlt1ynFuDrI&amp;__tn__=-]K*F\">Instituto Cultural de la Provincia de Buenos Aires<\/a>. La l\u00ednea de fomento est\u00e1 dividida en 8 regiones de la Provincia y alcanzar\u00e1 a 80 proyectos.<br><br>El fomento por 30 millones de pesos est\u00e1 orientado para desarrollar proyectos en las siguientes categor\u00edas:<br><br>a) Desarrollo de Proyecto de Largometraje Documental.<br>b) Desarrollo de Proyecto de Cortometraje de Ficci\u00f3n.<br>c) Desarrollo de Proyecto de Nuevos Formatos y Tecnolog\u00edas.<br>d) Desarrollo de Proyecto de Cine Comunitario.<br>e) Desarrollo de Proyecto de Festival de Cine Regional.<br><br>M\u00e1s informaci\u00f3n:<br><a rel=\"noreferrer noopener\" href=\"https:\/\/www.gba.gob.ar\/cultura\/plan_de_fomento_la_producci%C3%B3n_audiovisual_bonaerense?fbclid=IwAR2k9lKHjF0BF2i8XrNbjK4TJRG_9SMzBNyXyZ5dHgHOjCMRFEmw7DpZjC4\" target=\"_blank\">https:\/\/www.gba.gob.ar\/&#8230;\/plan_de_fomento_la_producci%C3.<\/a><\/p>\n","protected":false},"excerpt":{"rendered":"<p>Este viernes 16 de diciembre cierra la inscripci\u00f3n para aplicar al Plan de Fomento para el desarrollo de proyectos audiovisuales, impulsado por el Instituto Cultural de la Provincia de Buenos Aires. La l\u00ednea de fomento est\u00e1 dividida en 8 regiones de la Provincia y alcanzar\u00e1 a 80 proyectos. El fomento por 30 millones de pesos&hellip;<\/p>\n","protected":false},"author":1,"featured_media":118849,"comment_status":"open","ping_status":"open","sticky":false,"template":"","format":"standard","meta":{"footnotes":""},"categories":[5],"tags":[38993,38991,2450,38994,38990,38992,38989],"class_list":["post-118848","post","type-post","status-publish","format-standard","has-post-thumbnail","hentry","category-cultura","tag-cine-comunitario","tag-cortometraje-de-ficcion","tag-diario-el-sindical","tag-festival-de-cine-regional","tag-largometraje-documental","tag-nuevos-formatos-y-tecnologias","tag-plan-fomento-desarrollos-audiovisuales"],"_links":{"self":[{"href":"https:\/\/www.elsindical.com.ar\/notas\/wp-json\/wp\/v2\/posts\/118848","targetHints":{"allow":["GET"]}}],"collection":[{"href":"https:\/\/www.elsindical.com.ar\/notas\/wp-json\/wp\/v2\/posts"}],"about":[{"href":"https:\/\/www.elsindical.com.ar\/notas\/wp-json\/wp\/v2\/types\/post"}],"author":[{"embeddable":true,"href":"https:\/\/www.elsindical.com.ar\/notas\/wp-json\/wp\/v2\/users\/1"}],"replies":[{"embeddable":true,"href":"https:\/\/www.elsindical.com.ar\/notas\/wp-json\/wp\/v2\/comments?post=118848"}],"version-history":[{"count":1,"href":"https:\/\/www.elsindical.com.ar\/notas\/wp-json\/wp\/v2\/posts\/118848\/revisions"}],"predecessor-version":[{"id":118850,"href":"https:\/\/www.elsindical.com.ar\/notas\/wp-json\/wp\/v2\/posts\/118848\/revisions\/118850"}],"wp:featuredmedia":[{"embeddable":true,"href":"https:\/\/www.elsindical.com.ar\/notas\/wp-json\/wp\/v2\/media\/118849"}],"wp:attachment":[{"href":"https:\/\/www.elsindical.com.ar\/notas\/wp-json\/wp\/v2\/media?parent=118848"}],"wp:term":[{"taxonomy":"category","embeddable":true,"href":"https:\/\/www.elsindical.com.ar\/notas\/wp-json\/wp\/v2\/categories?post=118848"},{"taxonomy":"post_tag","embeddable":true,"href":"https:\/\/www.elsindical.com.ar\/notas\/wp-json\/wp\/v2\/tags?post=118848"}],"curies":[{"name":"wp","href":"https:\/\/api.w.org\/{rel}","templated":true}]}}