{"id":118839,"date":"2022-12-14T17:22:14","date_gmt":"2022-12-14T20:22:14","guid":{"rendered":"https:\/\/www.elsindical.com.ar\/notas\/?p=118839"},"modified":"2022-12-14T17:48:29","modified_gmt":"2022-12-14T20:48:29","slug":"la-leyenda-del-heavy-metal-judas-priest-impacto-con-su-mega-show-en-el-movistar-arena","status":"publish","type":"post","link":"https:\/\/www.elsindical.com.ar\/notas\/la-leyenda-del-heavy-metal-judas-priest-impacto-con-su-mega-show-en-el-movistar-arena\/","title":{"rendered":"La leyenda del Heavy Metal Judas Priest impact\u00f3 con su Mega Show en el Movistar Arena"},"content":{"rendered":"<div class=\"wp-block-image\">\n<figure class=\"aligncenter size-full\"><a href=\"https:\/\/www.elsindical.com.ar\/notas\/var\/www\/html\/notas\/wp-content\/uploads\/2022\/12\/Judas-Priest-Movistar-Arena-1.png\"><img loading=\"lazy\" decoding=\"async\" width=\"1024\" height=\"512\" src=\"https:\/\/www.elsindical.com.ar\/notas\/var\/www\/html\/notas\/wp-content\/uploads\/2022\/12\/Judas-Priest-Movistar-Arena-1.png\" alt=\"\" class=\"wp-image-118840\" srcset=\"https:\/\/www.elsindical.com.ar\/notas\/var\/www\/html\/notas\/wp-content\/uploads\/2022\/12\/Judas-Priest-Movistar-Arena-1.png 1024w, https:\/\/www.elsindical.com.ar\/notas\/var\/www\/html\/notas\/wp-content\/uploads\/2022\/12\/Judas-Priest-Movistar-Arena-1-300x150.png 300w, https:\/\/www.elsindical.com.ar\/notas\/var\/www\/html\/notas\/wp-content\/uploads\/2022\/12\/Judas-Priest-Movistar-Arena-1-768x384.png 768w, https:\/\/www.elsindical.com.ar\/notas\/var\/www\/html\/notas\/wp-content\/uploads\/2022\/12\/Judas-Priest-Movistar-Arena-1-500x250.png 500w\" sizes=\"auto, (max-width: 1024px) 100vw, 1024px\" \/><\/a><\/figure>\n<\/div>\n\n\n<p>Lleg\u00f3 la segunda fecha del Knotfest Roadshow en Argentina de la mano de Judas Priest, la legendaria banda liderada por el \u00fanico e inigualable Rob Halford.&nbsp; El&nbsp; mega concierto deleit\u00f3 a m\u00e1s de 14000 fan\u00e1ticos en un Movistar Arena sold-out, con una&nbsp; puesta en escena espectacular, un equipo luminot\u00e9cnico de alta calidad y pantallas que acompa\u00f1aron a la agrupaci\u00f3n en un viaje por sus grandes temas. En estas \u00faltimas se luci\u00f3 adem\u00e1s una imagen de Lionel Messi en pleno show, y no faltaron comentarios entusiastas por parte de Judas Priest para su p\u00fablico argentino en un d\u00eda tan especial.<\/p>\n\n\n\n<p>En la previa del tan esperado concierto, el talento argentino deslumbr\u00f3 con la banda de heavy metal Horcas, que con su excelente repertorio calent\u00f3 la noche para darle bienvenida al grupo brit\u00e1nico.<\/p>\n\n\n\n<p>Judas Priest dej\u00f3 muy en alto por qu\u00e9 despu\u00e9s de 50 a\u00f1os de trayectoria siguen siendo una de las m\u00e1s grandes leyendas del metal. El repertorio de temas incluy\u00f3 desde \u00abHellion\u00bb \u00abAnother thing coming\u00bb \u00abMetal gods\u00bb, seguidos los ic\u00f3nicos \u00abPainkiller\u00bb y \u00abBreaking the law\u00bb, entre otros, que, de la mano del poder de Rob Halford, su magn\u00edfica vestimenta y, por supuesto, su m\u00edtica moto, no dejaron que el p\u00fablico descansara: entre cantos y gritos constantes, qued\u00f3 presente el deseo de que alg\u00fan d\u00eda vuelvan al pa\u00eds, como lo prometi\u00f3 la banda al final del show.<\/p>\n\n\n\n<p>El 15 ser\u00e1 el turno del sideshow oficial de Trivium en el C Complejo Art Media, la \u00faltima pieza de la primera edici\u00f3n del Knotfest Roadshow en Argentina, para el que todav\u00eda quedan entradas en www.passline.com.<\/p>\n\n\n\n<figure class=\"wp-block-embed is-type-video is-provider-youtube wp-block-embed-youtube wp-embed-aspect-16-9 wp-has-aspect-ratio\"><div class=\"wp-block-embed__wrapper\">\n<iframe loading=\"lazy\" title=\"Judas Priest en Movistar Arena\" width=\"700\" height=\"394\" src=\"https:\/\/www.youtube.com\/embed\/2jhTKkDgqWI?feature=oembed\" frameborder=\"0\" allow=\"accelerometer; autoplay; clipboard-write; encrypted-media; gyroscope; picture-in-picture\" allowfullscreen><\/iframe>\n<\/div><\/figure>\n","protected":false},"excerpt":{"rendered":"<p>Lleg\u00f3 la segunda fecha del Knotfest Roadshow en Argentina de la mano de Judas Priest, la legendaria banda liderada por el \u00fanico e inigualable Rob Halford.&nbsp; El&nbsp; mega concierto deleit\u00f3 a m\u00e1s de 14000 fan\u00e1ticos en un Movistar Arena sold-out, con una&nbsp; puesta en escena espectacular, un equipo luminot\u00e9cnico de alta calidad y pantallas que&hellip;<\/p>\n","protected":false},"author":1,"featured_media":118840,"comment_status":"open","ping_status":"open","sticky":false,"template":"","format":"standard","meta":{"footnotes":""},"categories":[15],"tags":[2450,38731,38987,38988,32612],"class_list":["post-118839","post","type-post","status-publish","format-standard","has-post-thumbnail","hentry","category-espectaculos","tag-diario-el-sindical","tag-heavy-metal","tag-judas-priest","tag-mega-show","tag-movistar-arena"],"_links":{"self":[{"href":"https:\/\/www.elsindical.com.ar\/notas\/wp-json\/wp\/v2\/posts\/118839","targetHints":{"allow":["GET"]}}],"collection":[{"href":"https:\/\/www.elsindical.com.ar\/notas\/wp-json\/wp\/v2\/posts"}],"about":[{"href":"https:\/\/www.elsindical.com.ar\/notas\/wp-json\/wp\/v2\/types\/post"}],"author":[{"embeddable":true,"href":"https:\/\/www.elsindical.com.ar\/notas\/wp-json\/wp\/v2\/users\/1"}],"replies":[{"embeddable":true,"href":"https:\/\/www.elsindical.com.ar\/notas\/wp-json\/wp\/v2\/comments?post=118839"}],"version-history":[{"count":2,"href":"https:\/\/www.elsindical.com.ar\/notas\/wp-json\/wp\/v2\/posts\/118839\/revisions"}],"predecessor-version":[{"id":118847,"href":"https:\/\/www.elsindical.com.ar\/notas\/wp-json\/wp\/v2\/posts\/118839\/revisions\/118847"}],"wp:featuredmedia":[{"embeddable":true,"href":"https:\/\/www.elsindical.com.ar\/notas\/wp-json\/wp\/v2\/media\/118840"}],"wp:attachment":[{"href":"https:\/\/www.elsindical.com.ar\/notas\/wp-json\/wp\/v2\/media?parent=118839"}],"wp:term":[{"taxonomy":"category","embeddable":true,"href":"https:\/\/www.elsindical.com.ar\/notas\/wp-json\/wp\/v2\/categories?post=118839"},{"taxonomy":"post_tag","embeddable":true,"href":"https:\/\/www.elsindical.com.ar\/notas\/wp-json\/wp\/v2\/tags?post=118839"}],"curies":[{"name":"wp","href":"https:\/\/api.w.org\/{rel}","templated":true}]}}