{"id":118784,"date":"2022-12-12T12:52:31","date_gmt":"2022-12-12T15:52:31","guid":{"rendered":"https:\/\/www.elsindical.com.ar\/notas\/?p=118784"},"modified":"2022-12-12T12:52:33","modified_gmt":"2022-12-12T15:52:33","slug":"paro-de-subtes-en-la-linea-c-sin-servicio-desde-las-21-hs-de-este-lunes","status":"publish","type":"post","link":"https:\/\/www.elsindical.com.ar\/notas\/paro-de-subtes-en-la-linea-c-sin-servicio-desde-las-21-hs-de-este-lunes\/","title":{"rendered":"Paro de subtes en la l\u00ednea C: sin servicio desde las 21 hs. de este lunes"},"content":{"rendered":"\n<figure class=\"wp-block-image size-full\"><a href=\"https:\/\/www.elsindical.com.ar\/notas\/var\/www\/html\/notas\/wp-content\/uploads\/2021\/03\/subte-CABA.jpg\"><img loading=\"lazy\" decoding=\"async\" width=\"1024\" height=\"570\" src=\"https:\/\/www.elsindical.com.ar\/notas\/var\/www\/html\/notas\/wp-content\/uploads\/2021\/03\/subte-CABA.jpg\" alt=\"\" class=\"wp-image-103325\" srcset=\"https:\/\/www.elsindical.com.ar\/notas\/var\/www\/html\/notas\/wp-content\/uploads\/2021\/03\/subte-CABA.jpg 1024w, https:\/\/www.elsindical.com.ar\/notas\/var\/www\/html\/notas\/wp-content\/uploads\/2021\/03\/subte-CABA-300x167.jpg 300w, https:\/\/www.elsindical.com.ar\/notas\/var\/www\/html\/notas\/wp-content\/uploads\/2021\/03\/subte-CABA-768x428.jpg 768w, https:\/\/www.elsindical.com.ar\/notas\/var\/www\/html\/notas\/wp-content\/uploads\/2021\/03\/subte-CABA-500x278.jpg 500w\" sizes=\"auto, (max-width: 1024px) 100vw, 1024px\" \/><\/a><\/figure>\n\n\n\n<p class=\"wp-block-paragraph\">De 20 a 21 horas se levantar\u00e1s los molinetes, y a partir de all\u00ed hasta que finalice la jornada, las formaciones de trenes dejar\u00e1n de funcionar.<\/p>\n\n\n\n<p class=\"wp-block-paragraph\">La de este <strong>lunes<\/strong> es otra jornada en la que los usuarios de <strong>subterr\u00e1neos de la L\u00ednea <\/strong><strong>C&nbsp;<\/strong>deber\u00e1n tener en cuenta que una <strong>medida gremial<\/strong> puede&nbsp;complicarles el regreso a casa. Se ha comunicado que la <strong>Asociaci\u00f3n Gremial de Trabajadores del Subte y Premetro (AGTSyP)<\/strong> llevar\u00e1n a cabo un <strong>paro<\/strong> en horas de la noche.<\/p>\n\n\n\n<p class=\"wp-block-paragraph\">Como parte de la medida anunciada, tambi\u00e9n van a <strong>levantar los molinetes<\/strong> por el lapso de <strong>una hora<\/strong>, una metodolog\u00eda que ya han venido implementando en otras l\u00edneas.<\/p>\n\n\n\n<p class=\"wp-block-paragraph\">El reclamo y la protesta de los <strong>Metrodelegados<\/strong> es contra la firma <strong>Emova<\/strong>, actual <strong>concesionaria del subte y del Premetro<\/strong>. Los trabajadores exigen <strong>\u201cdos francos semanales\u201d<\/strong> y la adquisici\u00f3n de parte de la empresa de <strong>formaciones de trenes sin asbesto<\/strong>, aunque \u201ca\u00fan no la empresa ha dado respuesta\u201d, seg\u00fan indicaron en un comunicado.<\/p>\n\n\n\n<p class=\"wp-block-paragraph\"><strong>Roberto Pianelli<\/strong>, Secretario General de AGTSyP, y <strong>N\u00e9stor Segovia<\/strong>, Secretario Adjunto, son los firmantes de una nota con las exigencias. Dicen en la misma: \u00ab<strong>Tampoco hay contestaci\u00f3n sobre la falta de personal<\/strong> en todos los sectores ni sobre la compra de una flota de trenes nuevos libres de asbesto\u201d.<\/p>\n\n\n\n<p class=\"wp-block-paragraph\">El paro es <strong>desde las 21 horas<\/strong> de este <strong>lunes<\/strong> hasta que finalice la jornada. As\u00ed mismo, <strong>los molinetes se levantar\u00e1n de 20 a 21<\/strong> en las estaciones de Constituci\u00f3n y Retiro. El servicio retomar\u00e1 su funcionamiento normal el martes.<\/p>\n\n\n\n<h2 class=\"wp-block-heading\">Paro de subte: el reclamo<\/h2>\n\n\n\n<p class=\"wp-block-paragraph\">\u00ab<strong>El asbesto es un mineral cancer\u00edgeno<\/strong> y que, hasta el d\u00eda de hoy, <strong>77 compa\u00f1erxs sufren diversas afecciones<\/strong> generadas por la exposici\u00f3n a dicho mineral y lamentablemente <strong>3 compa\u00f1erxs han fallecido<\/strong> a causa de enfermedades provocadas por el amianto\u00bb, mencionaron.<\/p>\n\n\n\n<p class=\"wp-block-paragraph\">Y sumaron: \u00abPara lxs trabajadorxs, <strong>reducir la jornada semanal significa tambi\u00e9n reducir la exposici\u00f3n<\/strong> a este cancer\u00edgeno y ganar en salud\u00bb.<\/p>\n\n\n\n<p class=\"wp-block-paragraph\">De ese modo, le piden una <strong>\u201creflexi\u00f3n\u201d a Emova<\/strong> \u201csobre su persistente accionar que <strong>perjudica a trabajadorxs y a usuarios<\/strong>\u00ab, adem\u00e1s de solicitarle las debidas \u00abdisculpas a aquellas personas que resulten afectadas por esta medida de autodefensa de los derechos laborales y de la seguridad de todxs\u00bb.<\/p>\n\n\n\n<p class=\"wp-block-paragraph\">El reclamo de los <strong>Metrodelegados<\/strong> se hace sentir seguido en la <strong>Ciudad de Buenos Aires<\/strong>, ya que los paros fueron reiterados y sorpresivos, en las \u00faltimas semanas.<\/p>\n","protected":false},"excerpt":{"rendered":"<p>De 20 a 21 horas se levantar\u00e1s los molinetes, y a partir de all\u00ed hasta que finalice la jornada, las formaciones de trenes dejar\u00e1n de funcionar. La de este lunes es otra jornada en la que los usuarios de subterr\u00e1neos de la L\u00ednea C&nbsp;deber\u00e1n tener en cuenta que una medida gremial puede&nbsp;complicarles el regreso a&hellip;<\/p>\n","protected":false},"author":1,"featured_media":103325,"comment_status":"open","ping_status":"open","sticky":false,"template":"","format":"standard","meta":{"footnotes":""},"categories":[16],"tags":[7721,2450,38960,2052,4711,38959],"class_list":["post-118784","post","type-post","status-publish","format-standard","has-post-thumbnail","hentry","category-gremiales","tag-agtsyp","tag-diario-el-sindical","tag-emova","tag-linea-c","tag-metrodelegados","tag-paro-de-subtes"],"_links":{"self":[{"href":"https:\/\/www.elsindical.com.ar\/notas\/wp-json\/wp\/v2\/posts\/118784","targetHints":{"allow":["GET"]}}],"collection":[{"href":"https:\/\/www.elsindical.com.ar\/notas\/wp-json\/wp\/v2\/posts"}],"about":[{"href":"https:\/\/www.elsindical.com.ar\/notas\/wp-json\/wp\/v2\/types\/post"}],"author":[{"embeddable":true,"href":"https:\/\/www.elsindical.com.ar\/notas\/wp-json\/wp\/v2\/users\/1"}],"replies":[{"embeddable":true,"href":"https:\/\/www.elsindical.com.ar\/notas\/wp-json\/wp\/v2\/comments?post=118784"}],"version-history":[{"count":1,"href":"https:\/\/www.elsindical.com.ar\/notas\/wp-json\/wp\/v2\/posts\/118784\/revisions"}],"predecessor-version":[{"id":118785,"href":"https:\/\/www.elsindical.com.ar\/notas\/wp-json\/wp\/v2\/posts\/118784\/revisions\/118785"}],"wp:featuredmedia":[{"embeddable":true,"href":"https:\/\/www.elsindical.com.ar\/notas\/wp-json\/wp\/v2\/media\/103325"}],"wp:attachment":[{"href":"https:\/\/www.elsindical.com.ar\/notas\/wp-json\/wp\/v2\/media?parent=118784"}],"wp:term":[{"taxonomy":"category","embeddable":true,"href":"https:\/\/www.elsindical.com.ar\/notas\/wp-json\/wp\/v2\/categories?post=118784"},{"taxonomy":"post_tag","embeddable":true,"href":"https:\/\/www.elsindical.com.ar\/notas\/wp-json\/wp\/v2\/tags?post=118784"}],"curies":[{"name":"wp","href":"https:\/\/api.w.org\/{rel}","templated":true}]}}