{"id":118771,"date":"2022-12-12T00:46:34","date_gmt":"2022-12-12T03:46:34","guid":{"rendered":"https:\/\/www.elsindical.com.ar\/notas\/?p=118771"},"modified":"2022-12-12T00:46:35","modified_gmt":"2022-12-12T03:46:35","slug":"lanus-detienen-a-un-joven-por-vandalizar-el-paseo-peatonal-de-sandro","status":"publish","type":"post","link":"https:\/\/www.elsindical.com.ar\/notas\/lanus-detienen-a-un-joven-por-vandalizar-el-paseo-peatonal-de-sandro\/","title":{"rendered":"Lan\u00fas: Detienen a un joven por vandalizar el Paseo Peatonal de Sandro"},"content":{"rendered":"<div class=\"wp-block-image\">\n<figure class=\"aligncenter size-full\"><a href=\"https:\/\/www.elsindical.com.ar\/notas\/var\/www\/html\/notas\/wp-content\/uploads\/2022\/12\/Paseo-peatonal-de-Sandro.jpg\"><img loading=\"lazy\" decoding=\"async\" width=\"750\" height=\"1000\" src=\"https:\/\/www.elsindical.com.ar\/notas\/var\/www\/html\/notas\/wp-content\/uploads\/2022\/12\/Paseo-peatonal-de-Sandro.jpg\" alt=\"\" class=\"wp-image-118772\" srcset=\"https:\/\/www.elsindical.com.ar\/notas\/var\/www\/html\/notas\/wp-content\/uploads\/2022\/12\/Paseo-peatonal-de-Sandro.jpg 750w, https:\/\/www.elsindical.com.ar\/notas\/var\/www\/html\/notas\/wp-content\/uploads\/2022\/12\/Paseo-peatonal-de-Sandro-225x300.jpg 225w\" sizes=\"auto, (max-width: 750px) 100vw, 750px\" \/><\/a><\/figure>\n<\/div>\n\n\n<p>Un joven fue detenido esta ma\u00f1ana por haber arrojado piedras y pintado con aerosol el paseo de Sandro en la localidad bonaerense de Valent\u00edn Alsina, informaron fuentes policiales.<\/p>\n\n\n\n<p>Se trata de un joven identificado como Rodrigo Ezequiel S\u00e1nchez, quien fue detenido por efectivos policiales de la Comisar\u00eda 3ra pasadas las 10.30 en la calle Juan Domingo Per\u00f3n entre Armenia y Choele Choel, de la mencionada localidad bonaerense perteneciente al partido de Lan\u00fas.<\/p>\n\n\n\n<p>El aprehendido, que vest\u00eda una camiseta de la Selecci\u00f3n Argentina de F\u00fatbol al momento de su captura, fue acusado de haber generado da\u00f1os y destrozos arrojando piedras en el Paseo Peatonal Roberto S\u00e1nchez-Sandro -un paseo dedicado al c\u00e9lebre cantante-.<\/p>\n\n\n\n<p><strong>En ese sentido, voceros policiales afirmaron que el joven detenido tambi\u00e9n pint\u00f3 con aerosol algunos posters dedicados al \u00abGitano\u00bb con leyendas que indicaban \u00abTe amo Messi\u00bb y \u00abMessi, mi amor\u00bb.<\/strong><\/p>\n\n\n\n<p>Ante esta situaci\u00f3n, Rodrigo S\u00e1nchez qued\u00f3 a disposici\u00f3n de la Unidad Funcional de Instrucci\u00f3n (UFI) 6 descentralizada de Avellaneda-Lan\u00fas, imputado por el delito de \u00abda\u00f1os\u00bb.<\/p>\n","protected":false},"excerpt":{"rendered":"<p>Un joven fue detenido esta ma\u00f1ana por haber arrojado piedras y pintado con aerosol el paseo de Sandro en la localidad bonaerense de Valent\u00edn Alsina, informaron fuentes policiales. Se trata de un joven identificado como Rodrigo Ezequiel S\u00e1nchez, quien fue detenido por efectivos policiales de la Comisar\u00eda 3ra pasadas las 10.30 en la calle Juan&hellip;<\/p>\n","protected":false},"author":1,"featured_media":118772,"comment_status":"open","ping_status":"open","sticky":false,"template":"","format":"standard","meta":{"footnotes":""},"categories":[22],"tags":[2450,209,38955,38956,325],"class_list":["post-118771","post","type-post","status-publish","format-standard","has-post-thumbnail","hentry","category-policiales","tag-diario-el-sindical","tag-lanus","tag-paseo-peatonal-de-sandro","tag-rodrigo-ezequiel-sanchez","tag-valentin-alsina"],"_links":{"self":[{"href":"https:\/\/www.elsindical.com.ar\/notas\/wp-json\/wp\/v2\/posts\/118771","targetHints":{"allow":["GET"]}}],"collection":[{"href":"https:\/\/www.elsindical.com.ar\/notas\/wp-json\/wp\/v2\/posts"}],"about":[{"href":"https:\/\/www.elsindical.com.ar\/notas\/wp-json\/wp\/v2\/types\/post"}],"author":[{"embeddable":true,"href":"https:\/\/www.elsindical.com.ar\/notas\/wp-json\/wp\/v2\/users\/1"}],"replies":[{"embeddable":true,"href":"https:\/\/www.elsindical.com.ar\/notas\/wp-json\/wp\/v2\/comments?post=118771"}],"version-history":[{"count":1,"href":"https:\/\/www.elsindical.com.ar\/notas\/wp-json\/wp\/v2\/posts\/118771\/revisions"}],"predecessor-version":[{"id":118773,"href":"https:\/\/www.elsindical.com.ar\/notas\/wp-json\/wp\/v2\/posts\/118771\/revisions\/118773"}],"wp:featuredmedia":[{"embeddable":true,"href":"https:\/\/www.elsindical.com.ar\/notas\/wp-json\/wp\/v2\/media\/118772"}],"wp:attachment":[{"href":"https:\/\/www.elsindical.com.ar\/notas\/wp-json\/wp\/v2\/media?parent=118771"}],"wp:term":[{"taxonomy":"category","embeddable":true,"href":"https:\/\/www.elsindical.com.ar\/notas\/wp-json\/wp\/v2\/categories?post=118771"},{"taxonomy":"post_tag","embeddable":true,"href":"https:\/\/www.elsindical.com.ar\/notas\/wp-json\/wp\/v2\/tags?post=118771"}],"curies":[{"name":"wp","href":"https:\/\/api.w.org\/{rel}","templated":true}]}}