{"id":118766,"date":"2022-12-11T23:38:19","date_gmt":"2022-12-12T02:38:19","guid":{"rendered":"https:\/\/www.elsindical.com.ar\/notas\/?p=118766"},"modified":"2022-12-11T23:38:22","modified_gmt":"2022-12-12T02:38:22","slug":"gaston-dario-seillan-el-funcionario-que-no-funciona-en-avellaneda","status":"publish","type":"post","link":"https:\/\/www.elsindical.com.ar\/notas\/gaston-dario-seillan-el-funcionario-que-no-funciona-en-avellaneda\/","title":{"rendered":"Gast\u00f3n Dar\u00edo Seill\u00e1n el funcionario que no funciona en Avellaneda"},"content":{"rendered":"\n<figure class=\"wp-block-image size-full\"><a href=\"https:\/\/www.elsindical.com.ar\/notas\/var\/www\/html\/notas\/wp-content\/uploads\/2022\/12\/Gaston-Seillan-3.jpg\"><img loading=\"lazy\" decoding=\"async\" width=\"864\" height=\"825\" src=\"https:\/\/www.elsindical.com.ar\/notas\/var\/www\/html\/notas\/wp-content\/uploads\/2022\/12\/Gaston-Seillan-3.jpg\" alt=\"\" class=\"wp-image-118767\" srcset=\"https:\/\/www.elsindical.com.ar\/notas\/var\/www\/html\/notas\/wp-content\/uploads\/2022\/12\/Gaston-Seillan-3.jpg 864w, https:\/\/www.elsindical.com.ar\/notas\/var\/www\/html\/notas\/wp-content\/uploads\/2022\/12\/Gaston-Seillan-3-300x286.jpg 300w, https:\/\/www.elsindical.com.ar\/notas\/var\/www\/html\/notas\/wp-content\/uploads\/2022\/12\/Gaston-Seillan-3-768x733.jpg 768w, https:\/\/www.elsindical.com.ar\/notas\/var\/www\/html\/notas\/wp-content\/uploads\/2022\/12\/Gaston-Seillan-3-314x300.jpg 314w\" sizes=\"auto, (max-width: 864px) 100vw, 864px\" \/><\/a><\/figure>\n\n\n\n<p>   El secretario de Obras y Servicios P\u00fablicos, <strong>Gast\u00f3n Dar\u00edo Seill\u00e1n, Cuit-20-33502169-0<\/strong>, sigue siendo el mismo irresponsable e ineficiente funcionario que es incapaz de solucionar los reclamos de los vecinos, porque sus horas las dedica al marketing de la pol\u00edtica, que es sobre facturar obras, aumentar el intendente la TAS, pero a nadie le interesa mejorar la calidad de vida de los vecinos.<\/p>\n\n\n\n<p>Hace meses que se realizaron por la plataforma de Asistencia al Vecino, reclamos por la calle rota en la calle Tapalqu\u00e9 entre Nazar y Tres Sargentos, lo que ha generado un desnivel en el asfalto y al llover el agua se acumula, se pudre y es un criadero de mosquitos, los \u00faltimos reclamos realizados llevan los n\u00fameros <strong>Reclamo ID: <\/strong>488299 y <strong>Reclamo ID: <\/strong>492800, ambos pendientes de ser vistos y derivados a un tal <strong>Sebasti\u00e1n Gonz\u00e1les<\/strong>, responsable de arreglos en la v\u00eda p\u00fablica.<\/p>\n\n\n\n<p>A pesar de los reclamos parece que Seill\u00e1n es un tipo afortunado, solo en el municipio de Avellaneda un egresado de secundario accede a un cargo de secretario y pega un salto de una modesta casa en Sarand\u00ed a fiestas en exclusivos barrios privados, viajes y una vida muy distinta del resto de los empleados municipales.<\/p>\n\n\n\n<p>Con la acumulaci\u00f3n de reclamos sin resolver, se puede inferir que Gast\u00f3n Seill\u00e1n incurre en el incumplimiento de los deberes de funcionario p\u00fablico porque ese es su trabajo, por el cual cobra un sueldo y por el hecho de que los da\u00f1os en la v\u00eda p\u00fablica son producto de la incompetencia y falta de controles municipales de grandes camiones que circulan por calles prohibidas o bien de f\u00e1bricas que no se han adecuado y trabajan en infracci\u00f3n todos los d\u00edas como ser la firma de galletitas y panificados Pozo y la f\u00e1brica de azufre Gigante que ha sumado la acumulaci\u00f3n de bebidas que llegan en camiones de gran porte y peso.<\/p>\n\n\n\n<p>Por Marcelo Ricardo Hawrylciw<\/p>\n","protected":false},"excerpt":{"rendered":"<p>El secretario de Obras y Servicios P\u00fablicos, Gast\u00f3n Dar\u00edo Seill\u00e1n, Cuit-20-33502169-0, sigue siendo el mismo irresponsable e ineficiente funcionario que es incapaz de solucionar los reclamos de los vecinos, porque sus horas las dedica al marketing de la pol\u00edtica, que es sobre facturar obras, aumentar el intendente la TAS, pero a nadie le interesa mejorar&hellip;<\/p>\n","protected":false},"author":1,"featured_media":118767,"comment_status":"open","ping_status":"open","sticky":false,"template":"","format":"standard","meta":{"footnotes":""},"categories":[6,10],"tags":[461,2450,9638,35546,16491,38954,31988],"class_list":["post-118766","post","type-post","status-publish","format-standard","has-post-thumbnail","hentry","category-denuncias","category-editorial","tag-avellaneda","tag-diario-el-sindical","tag-funcionario","tag-gaston-dario-seillan","tag-obras-y-servicios-publicos","tag-sebastian-gonzales","tag-tas"],"_links":{"self":[{"href":"https:\/\/www.elsindical.com.ar\/notas\/wp-json\/wp\/v2\/posts\/118766","targetHints":{"allow":["GET"]}}],"collection":[{"href":"https:\/\/www.elsindical.com.ar\/notas\/wp-json\/wp\/v2\/posts"}],"about":[{"href":"https:\/\/www.elsindical.com.ar\/notas\/wp-json\/wp\/v2\/types\/post"}],"author":[{"embeddable":true,"href":"https:\/\/www.elsindical.com.ar\/notas\/wp-json\/wp\/v2\/users\/1"}],"replies":[{"embeddable":true,"href":"https:\/\/www.elsindical.com.ar\/notas\/wp-json\/wp\/v2\/comments?post=118766"}],"version-history":[{"count":1,"href":"https:\/\/www.elsindical.com.ar\/notas\/wp-json\/wp\/v2\/posts\/118766\/revisions"}],"predecessor-version":[{"id":118768,"href":"https:\/\/www.elsindical.com.ar\/notas\/wp-json\/wp\/v2\/posts\/118766\/revisions\/118768"}],"wp:featuredmedia":[{"embeddable":true,"href":"https:\/\/www.elsindical.com.ar\/notas\/wp-json\/wp\/v2\/media\/118767"}],"wp:attachment":[{"href":"https:\/\/www.elsindical.com.ar\/notas\/wp-json\/wp\/v2\/media?parent=118766"}],"wp:term":[{"taxonomy":"category","embeddable":true,"href":"https:\/\/www.elsindical.com.ar\/notas\/wp-json\/wp\/v2\/categories?post=118766"},{"taxonomy":"post_tag","embeddable":true,"href":"https:\/\/www.elsindical.com.ar\/notas\/wp-json\/wp\/v2\/tags?post=118766"}],"curies":[{"name":"wp","href":"https:\/\/api.w.org\/{rel}","templated":true}]}}