{"id":11869,"date":"2011-01-19T01:44:11","date_gmt":"2011-01-19T04:44:11","guid":{"rendered":"http:\/\/www.elsindical.com.ar\/notas\/?p=11869"},"modified":"2011-01-19T01:44:11","modified_gmt":"2011-01-19T04:44:11","slug":"estamos-buscando-a-paola-da-silva","status":"publish","type":"post","link":"https:\/\/www.elsindical.com.ar\/notas\/estamos-buscando-a-paola-da-silva\/","title":{"rendered":"Estamos buscando a Paola Da Silva"},"content":{"rendered":"<p style=\"text-align: justify;\"><a href=\"http:\/\/www.elsindical.com.ar\/notas\/var\/www\/html\/notas\/wp-content\/uploads\/2011\/01\/Paola-Da-Silva.jpg\"><img loading=\"lazy\" decoding=\"async\" class=\"alignleft size-medium wp-image-11870\" title=\"Paola-Da-Silva\" src=\"http:\/\/www.elsindical.com.ar\/notas\/var\/www\/html\/notas\/wp-content\/uploads\/2011\/01\/Paola-Da-Silva-235x300.jpg\" alt=\"\" width=\"235\" height=\"300\" srcset=\"https:\/\/www.elsindical.com.ar\/notas\/var\/www\/html\/notas\/wp-content\/uploads\/2011\/01\/Paola-Da-Silva-235x300.jpg 235w, https:\/\/www.elsindical.com.ar\/notas\/var\/www\/html\/notas\/wp-content\/uploads\/2011\/01\/Paola-Da-Silva.jpg 413w\" sizes=\"auto, (max-width: 235px) 100vw, 235px\" \/><\/a>Reproducimos comunicado de prensa:<\/p>\n<p style=\"text-align: justify;\">Necesitamos\u00a0publicar en los medios nacionales, con el bjetivo de hacer llegar a todo el pa\u00eds en un principio la foto adjunta de Paola Da Silva, LA QUEREMOS ENCONTRAR.<\/p>\n<p style=\"text-align: justify;\">Paola Da Silva desaparecio hace aproximadamente 10 d\u00edas, de la Localidad de San Vicente, Misiones.<\/p>\n<p style=\"text-align: justify;\">Se radic\u00f3 la denuncia, efectuada por los padres, en la Comisar\u00eda Primera de la Localidad de San Vicente, Misiones el 13 de enero del corriente a\u00f1o y se hizo una ampliaci\u00f3n de la misma el 15 de enero de 2011.<\/p>\n<p style=\"text-align: justify;\">Esta joven es oriunda de la Localidad de Dos de Mayo, Misiones, proveniente de una familia muy humilde, que hoy necesita la ayuda de\u00a0toda la Sociedad,\u00a0AYUDEMOSLOS POR FAVOR.<\/p>\n<p style=\"text-align: justify;\">Paola tiene 18 a\u00f1os, dentro de lo que la familia pudo averiguar, ella sali\u00f3 de San Vicente con supuestos rumbo\u00a0\u00abBuenos Aires\u00bb\u00a0con un\u00a0hombre, datos del cual preferimos los aporte la Polic\u00eda, habida cuenta que aparentemente tiene varias entradas a la\u00a0misma, motivo por el cual les comunico el nombre de Comisario a cargo de la Comisar\u00eda de la Localidad de San Vicente Misiones, Comisario Luis Omar Esteche, tel 03755-460111.<\/p>\n<p style=\"text-align: justify;\">Paola seguramente se fue con ilusiones, con proyectos de nuevos trabajos, pero nunca con la idea de que perder\u00eda contacto con sus familiares, amigos y conocidos, digo ello en raz\u00f3n de que hace 10 d\u00edas aproximadamente no responde a los llamados que se efect\u00faan a su celular como tampoco a mensajes, lo que hace presumir a la familia que algo no est\u00e1 bien.<\/p>\n<p style=\"text-align: justify;\">\u00a0POR FAVOR AYUDEN A ENCONTRAR A PAOLA, LA FAMILIA NECESITA CONOCER SU PARADERO Y SABER COMO ESTA, CON QUIEN ESTA Y QUE NO ESTE HACIENDO ALGO EN CONTRA DE SU VOLUNTAD, NO PODEMOS ESPERAR QUE ELLA LOGRE ESCAPAR EN CASO DE QUE ESTE SOMETIDA A ALGO O A ALGUIEN.<\/p>\n<p style=\"text-align: justify;\">EL TELEFONO DEL PADRE DE PAOLA ES 03755-15445674\u00a0\u00a0 EL TELEFONO DE SU HERMANA PAMELA ES 03755-15633701 O BIEN COMUNICARSE CON LA COMISARIA PRIMERA DE LA LOCALIDAD DE SAN VICNETE MISIONES 03755-460111 COMISARIO ESTECHE, O LA COMISAR\u00cdA MAS CERCANA DEL LUGAR, CUALQUIER DATO SIRVE Y APORTA A LA CAUSA AYUDEMOS A ENCONTRAR A PAOLA SANA Y SALVA. MUCHAS GRACIAS.<\/p>\n","protected":false},"excerpt":{"rendered":"<p>Reproducimos comunicado de prensa: Necesitamos\u00a0publicar en los medios nacionales, con el bjetivo de hacer llegar a todo el pa\u00eds en un principio la foto adjunta de Paola Da Silva, LA QUEREMOS ENCONTRAR. Paola Da Silva desaparecio hace aproximadamente 10 d\u00edas, de la Localidad de San Vicente, Misiones. Se radic\u00f3 la denuncia, efectuada por los padres,&hellip;<\/p>\n","protected":false},"author":1,"featured_media":0,"comment_status":"open","ping_status":"open","sticky":false,"template":"","format":"standard","meta":{"footnotes":""},"categories":[26],"tags":[154,5689,973,2243,5688],"class_list":["post-11869","post","type-post","status-publish","format-standard","hentry","category-solidaridad","tag-buenos-aires","tag-comisario-esteche","tag-desaparecida","tag-misiones","tag-paola-da-silva"],"_links":{"self":[{"href":"https:\/\/www.elsindical.com.ar\/notas\/wp-json\/wp\/v2\/posts\/11869","targetHints":{"allow":["GET"]}}],"collection":[{"href":"https:\/\/www.elsindical.com.ar\/notas\/wp-json\/wp\/v2\/posts"}],"about":[{"href":"https:\/\/www.elsindical.com.ar\/notas\/wp-json\/wp\/v2\/types\/post"}],"author":[{"embeddable":true,"href":"https:\/\/www.elsindical.com.ar\/notas\/wp-json\/wp\/v2\/users\/1"}],"replies":[{"embeddable":true,"href":"https:\/\/www.elsindical.com.ar\/notas\/wp-json\/wp\/v2\/comments?post=11869"}],"version-history":[{"count":1,"href":"https:\/\/www.elsindical.com.ar\/notas\/wp-json\/wp\/v2\/posts\/11869\/revisions"}],"predecessor-version":[{"id":11871,"href":"https:\/\/www.elsindical.com.ar\/notas\/wp-json\/wp\/v2\/posts\/11869\/revisions\/11871"}],"wp:attachment":[{"href":"https:\/\/www.elsindical.com.ar\/notas\/wp-json\/wp\/v2\/media?parent=11869"}],"wp:term":[{"taxonomy":"category","embeddable":true,"href":"https:\/\/www.elsindical.com.ar\/notas\/wp-json\/wp\/v2\/categories?post=11869"},{"taxonomy":"post_tag","embeddable":true,"href":"https:\/\/www.elsindical.com.ar\/notas\/wp-json\/wp\/v2\/tags?post=11869"}],"curies":[{"name":"wp","href":"https:\/\/api.w.org\/{rel}","templated":true}]}}