{"id":11866,"date":"2011-01-19T01:39:08","date_gmt":"2011-01-19T04:39:08","guid":{"rendered":"http:\/\/www.elsindical.com.ar\/notas\/?p=11866"},"modified":"2011-01-19T01:39:08","modified_gmt":"2011-01-19T04:39:08","slug":"formosadescubren-una-pista-de-aterrizaje-narco-y-detienen-a-conseja-del-pj-y-familiares","status":"publish","type":"post","link":"https:\/\/www.elsindical.com.ar\/notas\/formosadescubren-una-pista-de-aterrizaje-narco-y-detienen-a-conseja-del-pj-y-familiares\/","title":{"rendered":"Formosa:Descubren una pista de aterrizaje narco y detienen a Conseja del PJ y familiares"},"content":{"rendered":"<p style=\"text-align: justify;\"><em><a href=\"http:\/\/www.elsindical.com.ar\/notas\/var\/www\/html\/notas\/wp-content\/uploads\/2011\/01\/secuestro-de-drogas-en-Form.jpg\"><img loading=\"lazy\" decoding=\"async\" class=\"alignleft size-medium wp-image-11867\" title=\"secuestro-de-drogas-en-Form\" src=\"http:\/\/www.elsindical.com.ar\/notas\/var\/www\/html\/notas\/wp-content\/uploads\/2011\/01\/secuestro-de-drogas-en-Form-300x225.jpg\" alt=\"\" width=\"300\" height=\"225\" srcset=\"https:\/\/www.elsindical.com.ar\/notas\/var\/www\/html\/notas\/wp-content\/uploads\/2011\/01\/secuestro-de-drogas-en-Form-300x225.jpg 300w, https:\/\/www.elsindical.com.ar\/notas\/var\/www\/html\/notas\/wp-content\/uploads\/2011\/01\/secuestro-de-drogas-en-Form.jpg 413w\" sizes=\"auto, (max-width: 300px) 100vw, 300px\" \/><\/a>Toda la c\u00fapula del PJ de Campo bajo sospecha, luego de que se secuestrara una importante cantidad de drogas y se descubriera una pista clandestina para aviones de 400 metros aproximadamente. Esc\u00e1ndalo pol\u00edtico, ya que no es la primera vez que esto sucede.<\/em><\/p>\n<p style=\"text-align: justify;\"><strong>El decomiso por segunda vez consecutiva en Estanilao del Campo de importantes cargamento de drogas, los dos sobre la ruta 24, en este caso coca\u00edna, en volumen r\u00e9cord y en la propiedad de un concejal del partido justicialista, puso a toda la c\u00fapula comunal, policial y vial bajo sospecha, m\u00e1xime teniendo en cuenta que en la anterior oportunidad quedaron involucrados los jefes de Vialidad provincial, que adem\u00e1s es cu\u00f1ado del Intendente Zarza.<br \/>\nEl consumo de drogas, la venta de ni\u00f1os, la apropiaci\u00f3n de terrenos p\u00fablicos, la utilizaci\u00f3n de maquinarias y recursos del estado en beneficios personales, son terribles en campo, afirmaron vecinas, comerciantes y carniceros.<\/strong>\u00a0<\/p>\n<p>\u00abCuando sucede una cosa tremenda como esta y m\u00e1s cuando no es la primera vez que ocurre, se conmociona todo el pueblo, y quedan todos los allegados a los implicados bajo estado de sospecha generalizado. Lo grave es que en la susceptibilidad de los pueblos, en la condena p\u00fablica de la calle, ocurre todo lo contrario que en el principio b\u00e1sico de la justicia, ac\u00e1 \u00abtodos los sospechosos son culpables\u00bb hasta que se demuestre lo contrario\u00bb, asegur\u00f3 Diego Dos Santos Concejal de la UCR de Estanislao del Campo.<\/p>\n<p>La noticia del millonario secuestro de 701 kilos de coca\u00edna en una pista clandestina en el campo propiedad del dirigente justicialista y concejal PJ H\u00e9ctor Hugo Palma, ubicado a tan solo 9 km de Estanislao del Campo, conmocion\u00f3 a todo el pueblo, y fue sorpresa pese a los antecedentes que ya pesaban sobre Palmita en su actividad como viajante vendedor de libros y a otro secuestro de droga ocurrido tiempo atr\u00e1s tambi\u00e9n sobre la ruta 24 en el Campo de Charly Aranda, en el cual quedaron involucrados los jefes del distrito de vialidad de Campo.<\/p>\n<p><strong>EL GERMEN DE LA SOSPECHA<\/strong><\/p>\n<p style=\"text-align: justify;\">La conmoci\u00f3n, los rumores, las sospechas y las especulaciones aldeanas se esparcieron como reguero de p\u00f3lvora en el pueblo, potenciadas por la imponencia de la pista y sustentada sobre la base de que \u00abesto, los Palmitas no pudieron hacerlo solos\u00bb, \u00abac\u00e1 se utilizaron recursos, maquinas viales pesadas, mano de obra en abundancia y conexi\u00f3n con el narcotr\u00e1fico internacional, con los que los Palmitas no pueden contar ni disponer por si solos\u00bb, es el pensamiento un\u00edvoco de los habitantes de la zona, sobre las que se erigen todas las sospechas que salpican -en principio- a las m\u00e1ximas autoridades comunales y viales del lugar.<\/p>\n<p><strong>TODOS BAJO SOSPECHA<\/strong><\/p>\n<p style=\"text-align: justify;\">Todos los dedos vecinales apuntan en primer t\u00e9rmino al dirigente justicialista y presidente del Concejo Deliberante, Alfredo Ivanisevic, persona intima del concejal \u00abEti\u00bb Palma que no pod\u00eda desconocer las actividades de los Palmas, y los relacionan a Lovera Tesorero de la municipalidad y al propio Intendente Campe\u00f1o Roque Martiniano Zarza y a su cu\u00f1ado Faustino Amarilla que es el jefe del distrito de Vialidad Provincial con asiento en esa localidad, que tambi\u00e9n tendr\u00eda algunos antecedentes de comportamientos ilegales, e involucran a la misma c\u00fapula policial local.<\/p>\n<p>Muchos conocidos apellidos del partido justicialista allegados a la comuna, se vieron salpicados sobre todo por su estrepitoso crecimiento patrimonial entre ellos los Coronel, G\u00f3mez, Lovera y un tal Nene Melani, entre otros. \u00abEsto es una banda, una asociaci\u00f3n il\u00edcita, ac\u00e1 el tema del consumo de droga y la venta de ni\u00f1os es terrible, los palmitas son perejiles, ac\u00e1 hay pescados gordos en la provincia y fuera de ella\u00bb, les confiaron a Opini\u00f3n Ciudadana unas vecinas.<\/p>\n<p>\u00abCuando vino la Hermana Pelloni nosotras mismas denunciamos el tema del tr\u00e1fico de ni\u00f1os de parte de encumbradas autoridades comunales del partido Justicialista, las traen a parir directamente a campo y de ac\u00e1 venden las criaturas, el a\u00f1o pasado solo del domicilio de un concejal del PJ, salieron a la venta cinco criaturas\u00bb, aseguraron las vecinas que dijeron estar dispuestas a denunciarlos judicialmente \u00abpero en la justicia federal, por que no creen en la provincial, ac\u00e1 se tapa todo, la polic\u00eda no ve nada es c\u00f3mplice\u00bb, afirmaron.<\/p>\n<p><strong>VIALIDAD PROVINCIAL<\/strong><\/p>\n<p style=\"text-align: justify;\">La sospechas encuentran asidero en un caso de decomiso de 400 kg de droga ocurrido hace un par de a\u00f1os en el campo de Charly Aranda, tambi\u00e9n sobre la ruta 24 en las cuales quedaron implicados los jefes de Vialidad Provincial, y en la cual fueron sobrese\u00eddos -seg\u00fan el Concejal Dos Santos- porque la droga (marihuana) estaba mojada por una lluvia de la noche anterior al secuestro.<\/p>\n<p>Adem\u00e1s los vecinos recordaron que Faustino Amarilla jefe de Vialidad, que esta montando una chacra modelo en una propiedad recientemente adquirida sobre el camino al \u00abCampo de las Yeguas\u00bb, fue denunciado por el Jefe de la estaci\u00f3n del ferrocarril abandonado por robar del deposito pertenencias del estado nacional, entre ellas la se\u00f1al de cruce del ferrocarril, que posteriormente fue secuestrado de su campo por personal de gendarmer\u00eda nacional. \u00abY ni hablar de la utilizaci\u00f3n de maquinarias, tanques y equipos viales para mejorar sus campos y los de las autoridades comunales, entre ellos el de \u00abEti\u00bb Palmita\u00bb, dijeron.-<\/p>\n<p><strong>IVANISEVIC<\/strong><\/p>\n<p style=\"text-align: justify;\">Por otra parte Opini\u00f3n Ciudadana ya hab\u00eda publicado hace poco la denuncia efectuada por carniceros de Campo, sobre la apropiaci\u00f3n indebida de parte del presidente del Concejo Deliberante, Alfredo Ivanisevic, de piquetes del Matadero Municipal, lindantes con un campo recientemente adquirido por el referente Justicialista, que imped\u00eda las actividades de faena de los carniceros, que por otra parte -denunciaron- se hac\u00edan sin ning\u00fan tipo de medidas de higiene, ni control Bromatol\u00f3gico.<\/p>\n<p><strong>DOS SANTOS<\/strong><\/p>\n<p style=\"text-align: justify;\">El concejal Dos santos resto verosimilitud a la sospecha generalizada, \u00absabemos que no pudo ser obra de una sola persona, que necesariamente tienen que haber mas implicados, pero parece una exageraci\u00f3n afirmar que son todos culpables\u00bb, por otra parte tambi\u00e9n es llamativo la gente que vinieron de otras provincias, atra\u00eddos por el gobierno a comprar grandes extensiones de tierras, por ac\u00e1 hay gente que ni conocemos, afirm\u00f3.<\/p>\n","protected":false},"excerpt":{"rendered":"<p>Toda la c\u00fapula del PJ de Campo bajo sospecha, luego de que se secuestrara una importante cantidad de drogas y se descubriera una pista clandestina para aviones de 400 metros aproximadamente. Esc\u00e1ndalo pol\u00edtico, ya que no es la primera vez que esto sucede. El decomiso por segunda vez consecutiva en Estanilao del Campo de importantes&hellip;<\/p>\n","protected":false},"author":1,"featured_media":0,"comment_status":"open","ping_status":"open","sticky":false,"template":"","format":"standard","meta":{"footnotes":""},"categories":[22],"tags":[2337,3103,5687,742,382,4031,1067,4510],"class_list":["post-11866","post","type-post","status-publish","format-standard","hentry","category-policiales","tag-bosques","tag-consejal","tag-decomiso","tag-detenidos","tag-drogas","tag-formosa","tag-pj","tag-vialidad"],"_links":{"self":[{"href":"https:\/\/www.elsindical.com.ar\/notas\/wp-json\/wp\/v2\/posts\/11866","targetHints":{"allow":["GET"]}}],"collection":[{"href":"https:\/\/www.elsindical.com.ar\/notas\/wp-json\/wp\/v2\/posts"}],"about":[{"href":"https:\/\/www.elsindical.com.ar\/notas\/wp-json\/wp\/v2\/types\/post"}],"author":[{"embeddable":true,"href":"https:\/\/www.elsindical.com.ar\/notas\/wp-json\/wp\/v2\/users\/1"}],"replies":[{"embeddable":true,"href":"https:\/\/www.elsindical.com.ar\/notas\/wp-json\/wp\/v2\/comments?post=11866"}],"version-history":[{"count":1,"href":"https:\/\/www.elsindical.com.ar\/notas\/wp-json\/wp\/v2\/posts\/11866\/revisions"}],"predecessor-version":[{"id":11868,"href":"https:\/\/www.elsindical.com.ar\/notas\/wp-json\/wp\/v2\/posts\/11866\/revisions\/11868"}],"wp:attachment":[{"href":"https:\/\/www.elsindical.com.ar\/notas\/wp-json\/wp\/v2\/media?parent=11866"}],"wp:term":[{"taxonomy":"category","embeddable":true,"href":"https:\/\/www.elsindical.com.ar\/notas\/wp-json\/wp\/v2\/categories?post=11866"},{"taxonomy":"post_tag","embeddable":true,"href":"https:\/\/www.elsindical.com.ar\/notas\/wp-json\/wp\/v2\/tags?post=11866"}],"curies":[{"name":"wp","href":"https:\/\/api.w.org\/{rel}","templated":true}]}}