{"id":118653,"date":"2022-12-07T08:15:52","date_gmt":"2022-12-07T11:15:52","guid":{"rendered":"https:\/\/www.elsindical.com.ar\/notas\/?p=118653"},"modified":"2022-12-07T08:15:53","modified_gmt":"2022-12-07T11:15:53","slug":"efemerides-del-dia-7-de-diciembre-10","status":"publish","type":"post","link":"https:\/\/www.elsindical.com.ar\/notas\/efemerides-del-dia-7-de-diciembre-10\/","title":{"rendered":"EFEM\u00c9RIDES: DEL D\u00cdA 7 DE DICIEMBRE"},"content":{"rendered":"\n<p>\u2013 D\u00eda Internacional de la Aviaci\u00f3n Civil<\/p>\n\n\n\n<p>1842 \u2013 Primer Concierto de la orquesta Filarm\u00f3nica de New York.<\/p>\n\n\n\n<p>1874 \u2013 Mitre es derrotado por el ej\u00e9rcito en Santa Rosa. El coronel Julio A. Roca es ascendido a general por el presidente Avellaneda.<\/p>\n\n\n\n<p>1885 \u2013 En Argentina se inaugura oficialmente la Bolsa de Comercio de Buenos Aires.<\/p>\n\n\n\n<p>1914 \u2013 Nace el cantante de tangos Alberto Castillo.<\/p>\n\n\n\n<p>1928 \u2013 Nace el ling\u00fcista estadounidense Noam Chomsky.<\/p>\n\n\n\n<p>1935 \u2013 Nace en M\u00e9xico el cantante y autor Armando Manzanero.<\/p>\n\n\n\n<p>1941 \u2013 Los japoneses atacan a la flota norteamericana en Pearl Harbor, lo que motiva el ingreso de los EEUU en la II Guerra Mundial.<\/p>\n\n\n\n<p>1942 \u2013 Nace la vedette y actriz Gog\u00f3 Rojo.<\/p>\n\n\n\n<p>1947 \u2013 Nace Fernando Niembro, periodista deportivo.<\/p>\n\n\n\n<p>1949 \u2013 Nace el m\u00fasico estadounidense Tom Waits.<\/p>\n\n\n\n<p>1949 \u2013 Nace Gustavo Yankelevich, productor de televisi\u00f3n argentino.<\/p>\n\n\n\n<p>1956 \u2013 Nace el ex basquetbolista de la NBA Larry Bird.<\/p>\n\n\n\n<p>1961 \u2013 Nace Alejandro Awada, actor argentino.<\/p>\n\n\n\n<p>1963 \u2013 Nace el periodista argentino Eduardo de la Puente.<\/p>\n\n\n\n<p>1972 \u2013 El Apolo 17 despega desde Cabo Ca\u00f1averal, EE.UU.<\/p>\n\n\n\n<p>1982 \u2013 Por primera vez se utiliza en el mundo la inyecci\u00f3n para ejecutar la pena de muerte, en una c\u00e1rcel de Texas (EE.UU.)<\/p>\n\n\n\n<p>1988 \u2013 Un terremoto de 6,9\u00ba provoca cerca de 50.000 muertos en Armenia.<\/p>\n\n\n\n<p>1995 \u2013 La sonda lanzada desde la nave espacial estadounidense Galileo atraviesa la atm\u00f3sfera de J\u00fapiter y env\u00eda las primeras se\u00f1ales a la nave nodriza.<\/p>\n\n\n\n<p>1996 \u2013 Muere el escritor Jose Donoso.<\/p>\n\n\n\n<p>1999 \u2013 La empresa discogr\u00e1fica A&amp;M Records realiza una demanda contra el servicio de internet Napster (que serv\u00eda para compartir archivos mediante el m\u00e9todo peer-to-peer) por infracci\u00f3n de derechos de autor.<\/p>\n\n\n\n<p>2003 \u2013 Nace en Holanda la hija de la princesa M\u00e1xima y el pr\u00edncipe Guillermo. La ni\u00f1a se llama Amalia Catharina Beatriz Carmen Victoria.<\/p>\n\n\n\n<p>2004 \u2013 Muere la actriz argentina Mar\u00eda Rosa Gallo a los 83 a\u00f1os a causa de un cuadro de neumon\u00eda<\/p>\n\n\n\n<p>2010 \u2013 Muere Federico Vairo, futbolista argentino.<\/p>\n\n\n\n<p>2011 \u2013 Muere Dora Ferreiro, actriz argentina.<\/p>\n\n\n\n<p>2015 \u2013 Beijing lanza su primer alerta roja por contaminaci\u00f3n.<\/p>\n","protected":false},"excerpt":{"rendered":"<p>\u2013 D\u00eda Internacional de la Aviaci\u00f3n Civil 1842 \u2013 Primer Concierto de la orquesta Filarm\u00f3nica de New York. 1874 \u2013 Mitre es derrotado por el ej\u00e9rcito en Santa Rosa. El coronel Julio A. Roca es ascendido a general por el presidente Avellaneda. 1885 \u2013 En Argentina se inaugura oficialmente la Bolsa de Comercio de Buenos&hellip;<\/p>\n","protected":false},"author":1,"featured_media":0,"comment_status":"open","ping_status":"open","sticky":false,"template":"","format":"standard","meta":{"footnotes":""},"categories":[14],"tags":[2450,22026],"class_list":["post-118653","post","type-post","status-publish","format-standard","hentry","category-efemerides","tag-diario-el-sindical","tag-efemerides"],"_links":{"self":[{"href":"https:\/\/www.elsindical.com.ar\/notas\/wp-json\/wp\/v2\/posts\/118653","targetHints":{"allow":["GET"]}}],"collection":[{"href":"https:\/\/www.elsindical.com.ar\/notas\/wp-json\/wp\/v2\/posts"}],"about":[{"href":"https:\/\/www.elsindical.com.ar\/notas\/wp-json\/wp\/v2\/types\/post"}],"author":[{"embeddable":true,"href":"https:\/\/www.elsindical.com.ar\/notas\/wp-json\/wp\/v2\/users\/1"}],"replies":[{"embeddable":true,"href":"https:\/\/www.elsindical.com.ar\/notas\/wp-json\/wp\/v2\/comments?post=118653"}],"version-history":[{"count":1,"href":"https:\/\/www.elsindical.com.ar\/notas\/wp-json\/wp\/v2\/posts\/118653\/revisions"}],"predecessor-version":[{"id":118654,"href":"https:\/\/www.elsindical.com.ar\/notas\/wp-json\/wp\/v2\/posts\/118653\/revisions\/118654"}],"wp:attachment":[{"href":"https:\/\/www.elsindical.com.ar\/notas\/wp-json\/wp\/v2\/media?parent=118653"}],"wp:term":[{"taxonomy":"category","embeddable":true,"href":"https:\/\/www.elsindical.com.ar\/notas\/wp-json\/wp\/v2\/categories?post=118653"},{"taxonomy":"post_tag","embeddable":true,"href":"https:\/\/www.elsindical.com.ar\/notas\/wp-json\/wp\/v2\/tags?post=118653"}],"curies":[{"name":"wp","href":"https:\/\/api.w.org\/{rel}","templated":true}]}}