{"id":118624,"date":"2022-12-05T11:45:04","date_gmt":"2022-12-05T14:45:04","guid":{"rendered":"https:\/\/www.elsindical.com.ar\/notas\/?p=118624"},"modified":"2022-12-05T11:45:05","modified_gmt":"2022-12-05T14:45:05","slug":"accord-salud-y-el-sanatorio-itoiz-ineficiencia-y-maltrato-a-pacientes","status":"publish","type":"post","link":"https:\/\/www.elsindical.com.ar\/notas\/accord-salud-y-el-sanatorio-itoiz-ineficiencia-y-maltrato-a-pacientes\/","title":{"rendered":"Accord Salud y el Sanatorio Itoiz, ineficiencia y maltrato a pacientes"},"content":{"rendered":"<div class=\"wp-block-image\">\n<figure class=\"aligncenter size-full\"><a href=\"https:\/\/www.elsindical.com.ar\/notas\/var\/www\/html\/notas\/wp-content\/uploads\/2022\/12\/Accord-salud-Itoiz.jpg\"><img loading=\"lazy\" decoding=\"async\" width=\"595\" height=\"598\" src=\"https:\/\/www.elsindical.com.ar\/notas\/var\/www\/html\/notas\/wp-content\/uploads\/2022\/12\/Accord-salud-Itoiz.jpg\" alt=\"\" class=\"wp-image-118625\" srcset=\"https:\/\/www.elsindical.com.ar\/notas\/var\/www\/html\/notas\/wp-content\/uploads\/2022\/12\/Accord-salud-Itoiz.jpg 595w, https:\/\/www.elsindical.com.ar\/notas\/var\/www\/html\/notas\/wp-content\/uploads\/2022\/12\/Accord-salud-Itoiz-298x300.jpg 298w, https:\/\/www.elsindical.com.ar\/notas\/var\/www\/html\/notas\/wp-content\/uploads\/2022\/12\/Accord-salud-Itoiz-150x150.jpg 150w, https:\/\/www.elsindical.com.ar\/notas\/var\/www\/html\/notas\/wp-content\/uploads\/2022\/12\/Accord-salud-Itoiz-50x50.jpg 50w\" sizes=\"auto, (max-width: 595px) 100vw, 595px\" \/><\/a><\/figure>\n<\/div>\n\n\n<p>   Otra nueva denuncia contra el Sanatorio Itoiz por mala atenci\u00f3n y maltrato a una paciente, demuestra que tanto Accord Salud como los responsables del Itoiz solo tienen como prioridad la recaudaci\u00f3n y no la correcta atenci\u00f3n a los pacientes y sus familiares.<\/p>\n\n\n\n<p><strong>El Sanatorio Itoiz S.A. CUIT: 30-54584389-3<\/strong>, ubicado en la calle Alsina 174, de la localidad de Avellaneda, a cargo del <strong>Ctdor. Guillermo Ravazzano<\/strong> como Presidente, y el <strong>Sr. Alberto Carlos Sanginesi<\/strong>,<br>como Director suplente, integra la red de sucursales de <strong>Accord Salud<\/strong>, que es la obra social Uni\u00f3n Personal, perteneciente a <strong>UPCN<\/strong>, la Uni\u00f3n del Personal Civil de la Naci\u00f3n.<\/p>\n\n\n\n<p>M\u00e1s all\u00e1 que se publicite el lugar como de referencia y excelencia m\u00e9dica en la zona sur, la realidad es que es uno de los centros de salud privados con m\u00e1s quejas y denuncias de los pacientes que pasaron por el lugar.<\/p>\n\n\n\n<p>A pesar de todo ello, solo cambian las autoridades y se prioriza la hoteler\u00eda por sobre la salud, resultando de esto que los m\u00e9dicos roten y que el personal de enfermer\u00eda se vea saturado de trabajo y esto derive en un malestar que se lo trasladan a los pacientes que ante el menor reclamo reciben respuestas fuera de lugar o agresivas, constituyendo esto una mala atenci\u00f3n y peor a\u00fan que el sanatorio no de respuesta alguna a lo cientos de reclamos que se le hacen.<\/p>\n\n\n\n<p>Un dato curioso es que el se\u00f1or Ravazzano suele promocionar otros centros de salud y no el lugar donde es el responsable, vaya uno a saber si esto se debe a no querer tener reclamos por su recomendaci\u00f3n si sugiere atenderse en el Itoiz.<\/p>\n\n\n\n<p>Por Marcelo Ricardo Hawrylciw<\/p>\n","protected":false},"excerpt":{"rendered":"<p>Otra nueva denuncia contra el Sanatorio Itoiz por mala atenci\u00f3n y maltrato a una paciente, demuestra que tanto Accord Salud como los responsables del Itoiz solo tienen como prioridad la recaudaci\u00f3n y no la correcta atenci\u00f3n a los pacientes y sus familiares. El Sanatorio Itoiz S.A. CUIT: 30-54584389-3, ubicado en la calle Alsina 174, de&hellip;<\/p>\n","protected":false},"author":1,"featured_media":118625,"comment_status":"open","ping_status":"open","sticky":false,"template":"","format":"standard","meta":{"footnotes":""},"categories":[6],"tags":[38901,38903,2450,38902,3193,553,12359,3581],"class_list":["post-118624","post","type-post","status-publish","format-standard","has-post-thumbnail","hentry","category-denuncias","tag-accord-salud","tag-alberto-carlos-sanginesi","tag-diario-el-sindical","tag-guillermo-ravazzano","tag-mala-atencion","tag-pacientes","tag-sanatorio-itoiz","tag-upcn"],"_links":{"self":[{"href":"https:\/\/www.elsindical.com.ar\/notas\/wp-json\/wp\/v2\/posts\/118624","targetHints":{"allow":["GET"]}}],"collection":[{"href":"https:\/\/www.elsindical.com.ar\/notas\/wp-json\/wp\/v2\/posts"}],"about":[{"href":"https:\/\/www.elsindical.com.ar\/notas\/wp-json\/wp\/v2\/types\/post"}],"author":[{"embeddable":true,"href":"https:\/\/www.elsindical.com.ar\/notas\/wp-json\/wp\/v2\/users\/1"}],"replies":[{"embeddable":true,"href":"https:\/\/www.elsindical.com.ar\/notas\/wp-json\/wp\/v2\/comments?post=118624"}],"version-history":[{"count":1,"href":"https:\/\/www.elsindical.com.ar\/notas\/wp-json\/wp\/v2\/posts\/118624\/revisions"}],"predecessor-version":[{"id":118626,"href":"https:\/\/www.elsindical.com.ar\/notas\/wp-json\/wp\/v2\/posts\/118624\/revisions\/118626"}],"wp:featuredmedia":[{"embeddable":true,"href":"https:\/\/www.elsindical.com.ar\/notas\/wp-json\/wp\/v2\/media\/118625"}],"wp:attachment":[{"href":"https:\/\/www.elsindical.com.ar\/notas\/wp-json\/wp\/v2\/media?parent=118624"}],"wp:term":[{"taxonomy":"category","embeddable":true,"href":"https:\/\/www.elsindical.com.ar\/notas\/wp-json\/wp\/v2\/categories?post=118624"},{"taxonomy":"post_tag","embeddable":true,"href":"https:\/\/www.elsindical.com.ar\/notas\/wp-json\/wp\/v2\/tags?post=118624"}],"curies":[{"name":"wp","href":"https:\/\/api.w.org\/{rel}","templated":true}]}}