{"id":118621,"date":"2022-12-05T10:16:44","date_gmt":"2022-12-05T13:16:44","guid":{"rendered":"https:\/\/www.elsindical.com.ar\/notas\/?p=118621"},"modified":"2022-12-05T10:16:45","modified_gmt":"2022-12-05T13:16:45","slug":"comienzan-las-pre-inscripciones-a-las-carreras-del-departamento-de-folklore-de-la-una","status":"publish","type":"post","link":"https:\/\/www.elsindical.com.ar\/notas\/comienzan-las-pre-inscripciones-a-las-carreras-del-departamento-de-folklore-de-la-una\/","title":{"rendered":"Comienzan las pre-inscripciones a las carreras del Departamento de Folklore de la UNA"},"content":{"rendered":"<div class=\"wp-block-image\">\n<figure class=\"aligncenter size-large\"><a href=\"https:\/\/www.elsindical.com.ar\/notas\/var\/www\/html\/notas\/wp-content\/uploads\/2022\/12\/departamente-de-folklore-UNA.jpeg\"><img loading=\"lazy\" decoding=\"async\" width=\"1024\" height=\"1024\" src=\"https:\/\/www.elsindical.com.ar\/notas\/var\/www\/html\/notas\/wp-content\/uploads\/2022\/12\/departamente-de-folklore-UNA-1024x1024.jpeg\" alt=\"\" class=\"wp-image-118622\" srcset=\"https:\/\/www.elsindical.com.ar\/notas\/var\/www\/html\/notas\/wp-content\/uploads\/2022\/12\/departamente-de-folklore-UNA-1024x1024.jpeg 1024w, https:\/\/www.elsindical.com.ar\/notas\/var\/www\/html\/notas\/wp-content\/uploads\/2022\/12\/departamente-de-folklore-UNA-300x300.jpeg 300w, https:\/\/www.elsindical.com.ar\/notas\/var\/www\/html\/notas\/wp-content\/uploads\/2022\/12\/departamente-de-folklore-UNA-150x150.jpeg 150w, https:\/\/www.elsindical.com.ar\/notas\/var\/www\/html\/notas\/wp-content\/uploads\/2022\/12\/departamente-de-folklore-UNA-768x768.jpeg 768w, https:\/\/www.elsindical.com.ar\/notas\/var\/www\/html\/notas\/wp-content\/uploads\/2022\/12\/departamente-de-folklore-UNA-50x50.jpeg 50w, https:\/\/www.elsindical.com.ar\/notas\/var\/www\/html\/notas\/wp-content\/uploads\/2022\/12\/departamente-de-folklore-UNA.jpeg 1201w\" sizes=\"auto, (max-width: 1024px) 100vw, 1024px\" \/><\/a><\/figure>\n<\/div>\n\n\n<p>El Departamento de Folklore de la Universidad Nacional de las Artes informa que del 12 de diciembre al 14 de diciembre de 2022 estar\u00e1n abiertas las preinscripciones a las diferentes carreras que ofrece el Departamento:<\/p>\n\n\n\n<p><strong>Carreras de Pregrado:<\/strong><\/p>\n\n\n\n<ul class=\"wp-block-list\">\n<li>Interpretaci\u00f3n de Instrumentos criollos.<\/li>\n\n\n\n<li>Interpretaci\u00f3n de Danzas Folkl\u00f3ricas y Tango.<\/li>\n\n\n\n<li>Interpretaci\u00f3n de Tango.<\/li>\n<\/ul>\n\n\n\n<p><strong>Carreras de grado:<\/strong><\/p>\n\n\n\n<p>Licenciatura en Folklore menci\u00f3n Instrumentos Criollos.<\/p>\n\n\n\n<p>Licenciatura en Folklore menci\u00f3n Danzas Folkl\u00f3ricas y Tango.<\/p>\n\n\n\n<p>Licenciatura en Folklore menci\u00f3n Tango.<\/p>\n\n\n\n<p>Licenciatura en Folklore menci\u00f3n Culturas Tradicionales.<\/p>\n\n\n\n<p>Licenciatura en Artes y Pensamiento Latinoamericano.<\/p>\n\n\n\n<p>Adem\u00e1s, el Departamento de Folklore ofrece un <em><strong>Curso de Iniciaci\u00f3n a los elementos t\u00e9cnicos de la m\u00fasica e Instrumentos criollos <\/strong><\/em>que est\u00e1n destinado a personas mayores de 16 a\u00f1os que quieran obtener conocimientos que les permitan realizar los cursos de nivelaci\u00f3n universitarios con posterioridad. Quienes est\u00e9n interesados\/as deben completar el siguiente formulario:<\/p>\n\n\n\n<p><a href=\"https:\/\/forms.gle\/em6QxUDPfY5VSdbs7\">https:\/\/forms.gle\/em6QxUDPfY5VSdbs7<\/a><\/p>\n\n\n\n<p>Para conocer las carreras: <a href=\"https:\/\/folklore.una.edu.ar\/carreras\/\">https:\/\/folklore.una.edu.ar\/carreras\/<\/a><\/p>\n\n\n\n<p>La preinscripci\u00f3n se realiza por el sistema de gesti\u00f3n acad\u00e9mica SIU-GUARAN\u00cd en el siguiente link <a href=\"https:\/\/g3-preinscripcion.una.edu.ar\/preinscripcion\/una\/\">https:\/\/g3-preinscripcion.una.edu.ar\/preinscripcion\/una\/<\/a><\/p>\n\n\n\n<p>Para m\u00e1s informaci\u00f3n sobre el proceso de preinscripci\u00f3n, requisitos y documentaci\u00f3n a presentar ingresa aqu\u00ed: <a href=\"https:\/\/folklore.una.edu.ar\/contenidos\/ingreso-2023_14016\">https:\/\/folklore.una.edu.ar\/contenidos\/ingreso-2023_14016<\/a><\/p>\n","protected":false},"excerpt":{"rendered":"<p>El Departamento de Folklore de la Universidad Nacional de las Artes informa que del 12 de diciembre al 14 de diciembre de 2022 estar\u00e1n abiertas las preinscripciones a las diferentes carreras que ofrece el Departamento: Carreras de Pregrado: Carreras de grado: Licenciatura en Folklore menci\u00f3n Instrumentos Criollos. Licenciatura en Folklore menci\u00f3n Danzas Folkl\u00f3ricas y Tango.&hellip;<\/p>\n","protected":false},"author":1,"featured_media":118622,"comment_status":"open","ping_status":"open","sticky":false,"template":"","format":"standard","meta":{"footnotes":""},"categories":[5],"tags":[2450,38899,38900,23034],"class_list":["post-118621","post","type-post","status-publish","format-standard","has-post-thumbnail","hentry","category-cultura","tag-diario-el-sindical","tag-folklore-una","tag-inscripciones-2023","tag-una"],"_links":{"self":[{"href":"https:\/\/www.elsindical.com.ar\/notas\/wp-json\/wp\/v2\/posts\/118621","targetHints":{"allow":["GET"]}}],"collection":[{"href":"https:\/\/www.elsindical.com.ar\/notas\/wp-json\/wp\/v2\/posts"}],"about":[{"href":"https:\/\/www.elsindical.com.ar\/notas\/wp-json\/wp\/v2\/types\/post"}],"author":[{"embeddable":true,"href":"https:\/\/www.elsindical.com.ar\/notas\/wp-json\/wp\/v2\/users\/1"}],"replies":[{"embeddable":true,"href":"https:\/\/www.elsindical.com.ar\/notas\/wp-json\/wp\/v2\/comments?post=118621"}],"version-history":[{"count":1,"href":"https:\/\/www.elsindical.com.ar\/notas\/wp-json\/wp\/v2\/posts\/118621\/revisions"}],"predecessor-version":[{"id":118623,"href":"https:\/\/www.elsindical.com.ar\/notas\/wp-json\/wp\/v2\/posts\/118621\/revisions\/118623"}],"wp:featuredmedia":[{"embeddable":true,"href":"https:\/\/www.elsindical.com.ar\/notas\/wp-json\/wp\/v2\/media\/118622"}],"wp:attachment":[{"href":"https:\/\/www.elsindical.com.ar\/notas\/wp-json\/wp\/v2\/media?parent=118621"}],"wp:term":[{"taxonomy":"category","embeddable":true,"href":"https:\/\/www.elsindical.com.ar\/notas\/wp-json\/wp\/v2\/categories?post=118621"},{"taxonomy":"post_tag","embeddable":true,"href":"https:\/\/www.elsindical.com.ar\/notas\/wp-json\/wp\/v2\/tags?post=118621"}],"curies":[{"name":"wp","href":"https:\/\/api.w.org\/{rel}","templated":true}]}}