{"id":118612,"date":"2022-12-05T07:15:37","date_gmt":"2022-12-05T10:15:37","guid":{"rendered":"https:\/\/www.elsindical.com.ar\/notas\/?p=118612"},"modified":"2022-12-05T07:15:39","modified_gmt":"2022-12-05T10:15:39","slug":"lanus-el-municipio-ofrecio-un-6-de-aumento-y-un-bono-de-25-mil-y-el-sindicato-advirtio-que-es-insuficiente","status":"publish","type":"post","link":"https:\/\/www.elsindical.com.ar\/notas\/lanus-el-municipio-ofrecio-un-6-de-aumento-y-un-bono-de-25-mil-y-el-sindicato-advirtio-que-es-insuficiente\/","title":{"rendered":"Lan\u00fas: el Municipio ofreci\u00f3 un 6% de aumento y un bono de $25 mil y el sindicato advirti\u00f3 que es \u201cinsuficiente\u201d"},"content":{"rendered":"<div class=\"wp-block-image\">\n<figure class=\"aligncenter size-full\"><a href=\"https:\/\/www.elsindical.com.ar\/notas\/var\/www\/html\/notas\/wp-content\/uploads\/2022\/12\/Nestor-Grindetti-sillon.jpg\"><img loading=\"lazy\" decoding=\"async\" width=\"688\" height=\"387\" src=\"https:\/\/www.elsindical.com.ar\/notas\/var\/www\/html\/notas\/wp-content\/uploads\/2022\/12\/Nestor-Grindetti-sillon.jpg\" alt=\"\" class=\"wp-image-118613\" srcset=\"https:\/\/www.elsindical.com.ar\/notas\/var\/www\/html\/notas\/wp-content\/uploads\/2022\/12\/Nestor-Grindetti-sillon.jpg 688w, https:\/\/www.elsindical.com.ar\/notas\/var\/www\/html\/notas\/wp-content\/uploads\/2022\/12\/Nestor-Grindetti-sillon-300x169.jpg 300w, https:\/\/www.elsindical.com.ar\/notas\/var\/www\/html\/notas\/wp-content\/uploads\/2022\/12\/Nestor-Grindetti-sillon-500x281.jpg 500w, https:\/\/www.elsindical.com.ar\/notas\/var\/www\/html\/notas\/wp-content\/uploads\/2022\/12\/Nestor-Grindetti-sillon-460x260.jpg 460w\" sizes=\"auto, (max-width: 688px) 100vw, 688px\" \/><\/a><\/figure>\n<\/div>\n\n\n<p>Tras la conciliaci\u00f3n obligatoria dictada por el Ministerio de Trabajo, el Municipio a cargo de N\u00e9stor Grindetti ofreci\u00f3 al Sindicato de Trabajadores Municipales de Lan\u00fas <strong>un 6% de aumento y un bono de 25 pesos en dos cuotas<\/strong>, pero el gremio advierte que es \u201cinsuficiente\u201d.<\/p>\n\n\n\n<p><strong>\u201cEl Ejecutivo ofreci\u00f3 lo mismo, no mejoraron la oferta. Ofreci\u00f3 el 6% y 25 mil pesos desagregado en 15 y 10\u201d,<\/strong> indic\u00f3 el secretario general del Sindicato de Trabajadores Municipales de Lan\u00fas, Miguel Pedelhe.<\/p>\n\n\n\n<p>Asimismo, se\u00f1al\u00f3 que desde el Municipio advirtieron que<strong> \u201cno pod\u00edan dar m\u00e1s que eso porque si daban m\u00e1s se pon\u00eda en peligro el cobro del aguinaldo\u201d.<\/strong><\/p>\n\n\n\n<p><strong>\u201cYo les dije que iba a preguntarle a los trabajadores y por unanimidad rechazaron por insuficiente.<\/strong> Este planteo lo traslad\u00e9 a la audiencia conciliatoria, el Municipio mantuvo su posici\u00f3n y se pas\u00f3 a un cuarto intermedio hasta el lunes\u201d, explic\u00f3.<\/p>\n\n\n\n<p>En esa l\u00ednea, Pedelhez plante\u00f3:<strong> \u201cNo entiendo si la situaci\u00f3n realmente es de tal magnitud que est\u00e1 en peligro la posibilidad de cobrar el aguinaldo que pueda incidir seriamente en lo presupuestado para fin de a\u00f1o\u201d.<\/strong><\/p>\n\n\n\n<p>\u201cMe gustar\u00eda ver qu\u00e9 pasa en el \u00e1rea de Econom\u00eda y d\u00f3nde est\u00e1 la plata que recaudan. Dicen que al no tener apoyo de Naci\u00f3n y Provincia se tienen que manejar con los ingresos municipales y esto no le permite la derogaci\u00f3n de lo que pedimos\u201d, se\u00f1al\u00f3 Pedelhez.<\/p>\n\n\n\n<p>Con esta oferta, de firmarse, los municipales <strong>percibir\u00e1n en el a\u00f1o un 69% de aumento, contra una inflaci\u00f3n que se estima que llegue al 100%.<\/strong><\/p>\n\n\n\n<p>\u201cNosotros pedimos llegar a un 90% de aumento que nos permitir\u00eda entrar al a\u00f1os que viene con un piso m\u00ednimo\u201d, concluy\u00f3.<\/p>\n","protected":false},"excerpt":{"rendered":"<p>Tras la conciliaci\u00f3n obligatoria dictada por el Ministerio de Trabajo, el Municipio a cargo de N\u00e9stor Grindetti ofreci\u00f3 al Sindicato de Trabajadores Municipales de Lan\u00fas un 6% de aumento y un bono de 25 pesos en dos cuotas, pero el gremio advierte que es \u201cinsuficiente\u201d. \u201cEl Ejecutivo ofreci\u00f3 lo mismo, no mejoraron la oferta. Ofreci\u00f3&hellip;<\/p>\n","protected":false},"author":1,"featured_media":118613,"comment_status":"open","ping_status":"open","sticky":false,"template":"","format":"standard","meta":{"footnotes":""},"categories":[9,13],"tags":[3539,2450,209,22759,5025,2107],"class_list":["post-118612","post","type-post","status-publish","format-standard","has-post-thumbnail","hentry","category-economia","category-politica","tag-conciliacion-obligatoria","tag-diario-el-sindical","tag-lanus","tag-miguel-pedelhez","tag-nestor-grindetti","tag-paritarias"],"_links":{"self":[{"href":"https:\/\/www.elsindical.com.ar\/notas\/wp-json\/wp\/v2\/posts\/118612","targetHints":{"allow":["GET"]}}],"collection":[{"href":"https:\/\/www.elsindical.com.ar\/notas\/wp-json\/wp\/v2\/posts"}],"about":[{"href":"https:\/\/www.elsindical.com.ar\/notas\/wp-json\/wp\/v2\/types\/post"}],"author":[{"embeddable":true,"href":"https:\/\/www.elsindical.com.ar\/notas\/wp-json\/wp\/v2\/users\/1"}],"replies":[{"embeddable":true,"href":"https:\/\/www.elsindical.com.ar\/notas\/wp-json\/wp\/v2\/comments?post=118612"}],"version-history":[{"count":1,"href":"https:\/\/www.elsindical.com.ar\/notas\/wp-json\/wp\/v2\/posts\/118612\/revisions"}],"predecessor-version":[{"id":118614,"href":"https:\/\/www.elsindical.com.ar\/notas\/wp-json\/wp\/v2\/posts\/118612\/revisions\/118614"}],"wp:featuredmedia":[{"embeddable":true,"href":"https:\/\/www.elsindical.com.ar\/notas\/wp-json\/wp\/v2\/media\/118613"}],"wp:attachment":[{"href":"https:\/\/www.elsindical.com.ar\/notas\/wp-json\/wp\/v2\/media?parent=118612"}],"wp:term":[{"taxonomy":"category","embeddable":true,"href":"https:\/\/www.elsindical.com.ar\/notas\/wp-json\/wp\/v2\/categories?post=118612"},{"taxonomy":"post_tag","embeddable":true,"href":"https:\/\/www.elsindical.com.ar\/notas\/wp-json\/wp\/v2\/tags?post=118612"}],"curies":[{"name":"wp","href":"https:\/\/api.w.org\/{rel}","templated":true}]}}