{"id":118603,"date":"2022-12-04T21:00:51","date_gmt":"2022-12-05T00:00:51","guid":{"rendered":"https:\/\/www.elsindical.com.ar\/notas\/?p=118603"},"modified":"2022-12-04T21:00:51","modified_gmt":"2022-12-05T00:00:51","slug":"manana-lunes-5-de-diciembre-la-cta-realiza-una-jornada-nacional-de-lucha-en-defensa-del-salario","status":"publish","type":"post","link":"https:\/\/www.elsindical.com.ar\/notas\/manana-lunes-5-de-diciembre-la-cta-realiza-una-jornada-nacional-de-lucha-en-defensa-del-salario\/","title":{"rendered":"Ma\u00f1ana,\u00a0lunes 5 de diciembre, la CTA realiza una Jornada Nacional de Lucha en defensa del salario"},"content":{"rendered":"<div class=\"wp-block-image\">\n<figure class=\"aligncenter size-full\"><a href=\"https:\/\/www.elsindical.com.ar\/notas\/var\/www\/html\/notas\/wp-content\/uploads\/2022\/12\/marcha-5-diciembre-CTA.jpeg\"><img loading=\"lazy\" decoding=\"async\" width=\"698\" height=\"464\" src=\"https:\/\/www.elsindical.com.ar\/notas\/var\/www\/html\/notas\/wp-content\/uploads\/2022\/12\/marcha-5-diciembre-CTA.jpeg\" alt=\"\" class=\"wp-image-118604\" srcset=\"https:\/\/www.elsindical.com.ar\/notas\/var\/www\/html\/notas\/wp-content\/uploads\/2022\/12\/marcha-5-diciembre-CTA.jpeg 698w, https:\/\/www.elsindical.com.ar\/notas\/var\/www\/html\/notas\/wp-content\/uploads\/2022\/12\/marcha-5-diciembre-CTA-300x199.jpeg 300w, https:\/\/www.elsindical.com.ar\/notas\/var\/www\/html\/notas\/wp-content\/uploads\/2022\/12\/marcha-5-diciembre-CTA-451x300.jpeg 451w\" sizes=\"auto, (max-width: 698px) 100vw, 698px\" \/><\/a><\/figure>\n<\/div>\n\n\n<p>A\u00a0partir de las 10 horas, en Av. Belgrano y 9 de Julio, la CTA Aut\u00f3noma se movilizar\u00e1 junto a un conjunto de organizaciones sociales y pol\u00edticas desde el Ministerio de Desarrollo Social al Ministerio de Econom\u00eda.\u00a0<br>Las organizaciones convocantes CTA Aut\u00f3noma; CCC; FPDS-UTEP; \u00a0FOL; Frente Popular Dar\u00edo Santill\u00e1n; OLP; Grupo Bol\u00edvar; Pymes para el Desarrollo, entre otras, expresar\u00e1n en la calle el rechazo a lo acordado en el Consejo del Salario M\u00ednimo, Vital y M\u00f3vil, y a las pol\u00edticas de ajuste.<\/p>\n\n\n\n<p>La jornada est\u00e1 convocada bajo las siguientes consignas: Aumento de emergencia para todos los trabajadores y trabajadoras, activxs y jubiladxs, formales e informales; Salario Universal; Sanci\u00f3n de una ley definitiva que garantice el derecho a una moratoria previsional; Rechazo al desenganche del Salario Social Complementario con el Salario M\u00ednimo, Vital y M\u00f3vil; Aumento de emergencia a beneficiarios del Potenciar Trabajo; No al ajuste sobre los salarios y planes sociales<\/p>\n\n\n\n<p>.<\/p>\n","protected":false},"excerpt":{"rendered":"<p>A\u00a0partir de las 10 horas, en Av. Belgrano y 9 de Julio, la CTA Aut\u00f3noma se movilizar\u00e1 junto a un conjunto de organizaciones sociales y pol\u00edticas desde el Ministerio de Desarrollo Social al Ministerio de Econom\u00eda.\u00a0Las organizaciones convocantes CTA Aut\u00f3noma; CCC; FPDS-UTEP; \u00a0FOL; Frente Popular Dar\u00edo Santill\u00e1n; OLP; Grupo Bol\u00edvar; Pymes para el Desarrollo, entre&hellip;<\/p>\n","protected":false},"author":1,"featured_media":118604,"comment_status":"open","ping_status":"open","sticky":false,"template":"","format":"standard","meta":{"footnotes":""},"categories":[16],"tags":[12209,184,2450,24786,28962,33233,38894,32082],"class_list":["post-118603","post","type-post","status-publish","format-standard","has-post-thumbnail","hentry","category-gremiales","tag-ccc","tag-cta","tag-diario-el-sindical","tag-emergencia-social","tag-fol","tag-fpds","tag-olp","tag-utep"],"_links":{"self":[{"href":"https:\/\/www.elsindical.com.ar\/notas\/wp-json\/wp\/v2\/posts\/118603","targetHints":{"allow":["GET"]}}],"collection":[{"href":"https:\/\/www.elsindical.com.ar\/notas\/wp-json\/wp\/v2\/posts"}],"about":[{"href":"https:\/\/www.elsindical.com.ar\/notas\/wp-json\/wp\/v2\/types\/post"}],"author":[{"embeddable":true,"href":"https:\/\/www.elsindical.com.ar\/notas\/wp-json\/wp\/v2\/users\/1"}],"replies":[{"embeddable":true,"href":"https:\/\/www.elsindical.com.ar\/notas\/wp-json\/wp\/v2\/comments?post=118603"}],"version-history":[{"count":1,"href":"https:\/\/www.elsindical.com.ar\/notas\/wp-json\/wp\/v2\/posts\/118603\/revisions"}],"predecessor-version":[{"id":118605,"href":"https:\/\/www.elsindical.com.ar\/notas\/wp-json\/wp\/v2\/posts\/118603\/revisions\/118605"}],"wp:featuredmedia":[{"embeddable":true,"href":"https:\/\/www.elsindical.com.ar\/notas\/wp-json\/wp\/v2\/media\/118604"}],"wp:attachment":[{"href":"https:\/\/www.elsindical.com.ar\/notas\/wp-json\/wp\/v2\/media?parent=118603"}],"wp:term":[{"taxonomy":"category","embeddable":true,"href":"https:\/\/www.elsindical.com.ar\/notas\/wp-json\/wp\/v2\/categories?post=118603"},{"taxonomy":"post_tag","embeddable":true,"href":"https:\/\/www.elsindical.com.ar\/notas\/wp-json\/wp\/v2\/tags?post=118603"}],"curies":[{"name":"wp","href":"https:\/\/api.w.org\/{rel}","templated":true}]}}