{"id":118591,"date":"2022-12-03T22:23:27","date_gmt":"2022-12-04T01:23:27","guid":{"rendered":"https:\/\/www.elsindical.com.ar\/notas\/?p=118591"},"modified":"2022-12-03T22:23:28","modified_gmt":"2022-12-04T01:23:28","slug":"flamenco-show-en-el-teatro-cafe-concert-moliere","status":"publish","type":"post","link":"https:\/\/www.elsindical.com.ar\/notas\/flamenco-show-en-el-teatro-cafe-concert-moliere\/","title":{"rendered":"\u00abFlamenco Show\u00bb en el \u00abTeatro Caf\u00e9 Concert MOLIERE\u00bb"},"content":{"rendered":"<div class=\"wp-block-image\">\n<figure class=\"aligncenter size-full\"><a href=\"https:\/\/www.elsindical.com.ar\/notas\/var\/www\/html\/notas\/wp-content\/uploads\/2022\/12\/Flamenco-show.jpg\"><img loading=\"lazy\" decoding=\"async\" width=\"487\" height=\"880\" src=\"https:\/\/www.elsindical.com.ar\/notas\/var\/www\/html\/notas\/wp-content\/uploads\/2022\/12\/Flamenco-show.jpg\" alt=\"\" class=\"wp-image-118592\" srcset=\"https:\/\/www.elsindical.com.ar\/notas\/var\/www\/html\/notas\/wp-content\/uploads\/2022\/12\/Flamenco-show.jpg 487w, https:\/\/www.elsindical.com.ar\/notas\/var\/www\/html\/notas\/wp-content\/uploads\/2022\/12\/Flamenco-show-166x300.jpg 166w\" sizes=\"auto, (max-width: 487px) 100vw, 487px\" \/><\/a><\/figure>\n<\/div>\n\n\n<p class=\"wp-block-paragraph\">Con siete artistas en escena entre m\u00fasicos y bailaoresnos presentan un tremendo espect\u00e1culo que pasa por todos los climas de \u00e9ste arte: lo puro, moderno, rom\u00e1ntico, intenso y lo alegre. Ideado, coreogra\ufb01ado, dirigido y protagonizado por la bailaora argentina de talla internacional: Marcela Rodr\u00edguez. Acompa\u00f1ada de cantaores, m\u00fasicos y bailaores profesionales.<\/p>\n\n\n\n<p class=\"wp-block-paragraph\">A partir del S\u00e1bado 10 de Diciembre, todos los S\u00e1bados.<\/p>\n\n\n\n<p class=\"wp-block-paragraph\">Apertura de Sala 21.30hs. Inicio del Show 22.00hs. con intervalo de por medio.<\/p>\n\n\n\n<p class=\"wp-block-paragraph\">Cena opcional a la carta (Tapeo espa\u00f1ol y bebidas con o sin alcohol)<br>Entradas a la venta en boleter\u00eda de Moliere y por Ticketek $3.000<br>Entradas anticipadas $2.500 comunicarse por WhatsApp Sra: Haydee Ibrahim de producci\u00f3n: +5491165175868<br>Teatro Caf\u00e9 Concert MOLIERE, direcci\u00f3n: Balcarce 678, San Telmo CABA.<br><\/p>\n\n\n\n<p class=\"wp-block-paragraph\">Instagram: @compania_alaireflamenco&nbsp;<\/p>\n\n\n\n<p class=\"wp-block-paragraph\">YouTube: Marcela Rodr\u00edguez Flamenco<\/p>\n","protected":false},"excerpt":{"rendered":"<p>Con siete artistas en escena entre m\u00fasicos y bailaoresnos presentan un tremendo espect\u00e1culo que pasa por todos los climas de \u00e9ste arte: lo puro, moderno, rom\u00e1ntico, intenso y lo alegre. Ideado, coreogra\ufb01ado, dirigido y protagonizado por la bailaora argentina de talla internacional: Marcela Rodr\u00edguez. Acompa\u00f1ada de cantaores, m\u00fasicos y bailaores profesionales. A partir del S\u00e1bado&hellip;<\/p>\n","protected":false},"author":1,"featured_media":118592,"comment_status":"open","ping_status":"open","sticky":false,"template":"","format":"standard","meta":{"footnotes":""},"categories":[15],"tags":[4284,18200,38891,1677,38892],"class_list":["post-118591","post","type-post","status-publish","format-standard","has-post-thumbnail","hentry","category-espectaculos","tag-caba","tag-flamenco","tag-marcela-rodriguez","tag-san-telmo","tag-teatro-cafe-concert-moliere"],"_links":{"self":[{"href":"https:\/\/www.elsindical.com.ar\/notas\/wp-json\/wp\/v2\/posts\/118591","targetHints":{"allow":["GET"]}}],"collection":[{"href":"https:\/\/www.elsindical.com.ar\/notas\/wp-json\/wp\/v2\/posts"}],"about":[{"href":"https:\/\/www.elsindical.com.ar\/notas\/wp-json\/wp\/v2\/types\/post"}],"author":[{"embeddable":true,"href":"https:\/\/www.elsindical.com.ar\/notas\/wp-json\/wp\/v2\/users\/1"}],"replies":[{"embeddable":true,"href":"https:\/\/www.elsindical.com.ar\/notas\/wp-json\/wp\/v2\/comments?post=118591"}],"version-history":[{"count":1,"href":"https:\/\/www.elsindical.com.ar\/notas\/wp-json\/wp\/v2\/posts\/118591\/revisions"}],"predecessor-version":[{"id":118593,"href":"https:\/\/www.elsindical.com.ar\/notas\/wp-json\/wp\/v2\/posts\/118591\/revisions\/118593"}],"wp:featuredmedia":[{"embeddable":true,"href":"https:\/\/www.elsindical.com.ar\/notas\/wp-json\/wp\/v2\/media\/118592"}],"wp:attachment":[{"href":"https:\/\/www.elsindical.com.ar\/notas\/wp-json\/wp\/v2\/media?parent=118591"}],"wp:term":[{"taxonomy":"category","embeddable":true,"href":"https:\/\/www.elsindical.com.ar\/notas\/wp-json\/wp\/v2\/categories?post=118591"},{"taxonomy":"post_tag","embeddable":true,"href":"https:\/\/www.elsindical.com.ar\/notas\/wp-json\/wp\/v2\/tags?post=118591"}],"curies":[{"name":"wp","href":"https:\/\/api.w.org\/{rel}","templated":true}]}}