{"id":118559,"date":"2022-12-02T11:23:34","date_gmt":"2022-12-02T14:23:34","guid":{"rendered":"https:\/\/www.elsindical.com.ar\/notas\/?p=118559"},"modified":"2022-12-02T11:23:37","modified_gmt":"2022-12-02T14:23:37","slug":"balvanera-descubren-que-el-cuerpo-calcinado-en-un-auto-era-de-una-mujer-desaparecida","status":"publish","type":"post","link":"https:\/\/www.elsindical.com.ar\/notas\/balvanera-descubren-que-el-cuerpo-calcinado-en-un-auto-era-de-una-mujer-desaparecida\/","title":{"rendered":"Balvanera: Descubren que el cuerpo calcinado en un auto era de una mujer desaparecida"},"content":{"rendered":"\n<figure class=\"wp-block-image size-full\"><a href=\"https:\/\/www.elsindical.com.ar\/notas\/var\/www\/html\/notas\/wp-content\/uploads\/2022\/12\/auto-calcinada-en-Balvanera.jpg\"><img loading=\"lazy\" decoding=\"async\" width=\"849\" height=\"474\" src=\"https:\/\/www.elsindical.com.ar\/notas\/var\/www\/html\/notas\/wp-content\/uploads\/2022\/12\/auto-calcinada-en-Balvanera.jpg\" alt=\"\" class=\"wp-image-118560\" srcset=\"https:\/\/www.elsindical.com.ar\/notas\/var\/www\/html\/notas\/wp-content\/uploads\/2022\/12\/auto-calcinada-en-Balvanera.jpg 849w, https:\/\/www.elsindical.com.ar\/notas\/var\/www\/html\/notas\/wp-content\/uploads\/2022\/12\/auto-calcinada-en-Balvanera-300x167.jpg 300w, https:\/\/www.elsindical.com.ar\/notas\/var\/www\/html\/notas\/wp-content\/uploads\/2022\/12\/auto-calcinada-en-Balvanera-768x429.jpg 768w, https:\/\/www.elsindical.com.ar\/notas\/var\/www\/html\/notas\/wp-content\/uploads\/2022\/12\/auto-calcinada-en-Balvanera-500x279.jpg 500w\" sizes=\"auto, (max-width: 849px) 100vw, 849px\" \/><\/a><\/figure>\n\n\n\n<p>A trav\u00e9s de un an\u00e1lisis de ADN, la Polic\u00eda identific\u00f3 a Graciela In\u00e9s Torrilla. Adem\u00e1s, las c\u00e1maras de seguridad la captaron hablando con el detenido Iv\u00e1n Medici.<\/p>\n\n\n\n<p>La Polic\u00eda de la Ciudad identific\u00f3, a trav\u00e9s de un an\u00e1lisis de ADN, que el cuerpo que estaba dentro de un auto el pasado 11 de octubre en Balvanera era el de <strong>Graciela In\u00e9s Torrilla<\/strong>, una mujer de&nbsp;41 a\u00f1os que estaba desaparecida desde el d\u00eda previo al incendio del veh\u00edculo.<\/p>\n\n\n\n<p>Por el caso, se encuentra detenido<strong> Iv\u00e1n David Medici<\/strong>. Este hab\u00eda confesado que prendi\u00f3 fuego el auto de su mam\u00e1, <strong>porque estar\u00eda cansado de que lo vandalizaran.<\/strong> Sin embargo, reconoci\u00f3 que no sab\u00eda que hab\u00eda alguien dentro.<\/p>\n\n\n\n<p>M\u00e1s all\u00e1 de que estaba acusado por homicidio, ahora se suma que una c\u00e1mara de seguridad <strong>lo captur\u00f3 mientras entablaba una conversaci\u00f3n con la v\u00edctima fatal.<\/strong><\/p>\n\n\n\n<p>\u00abDel an\u00e1lisis de las filmaciones de la zona del Centro de Monitoreo Urbano&nbsp;y de los videos aportados por la Divisi\u00f3n Homicidios, se observ\u00f3 a la persona buscada que estaba acompa\u00f1ada por un hombre, en cercan\u00edas al veh\u00edculo que fue incendiado\u00bb, se remarca en el parte policial.<\/p>\n\n\n\n<p>Cuando se dio a conocer el hecho, se sosten\u00eda que el hombre de 38 a\u00f1os <strong>hab\u00eda llegado a su casa en estado de ebriedad, roci\u00f3 el auto con nafta y lo prendi\u00f3 fuego.<\/strong><\/p>\n\n\n\n<h2 class=\"wp-block-heading\">El contacto entre el detenido y la v\u00edctima<\/h2>\n\n\n\n<p>El hermano de Torrilla realiz\u00f3 una denuncia el 18 de octubre que fue recibida por la Investigaci\u00f3n del Departamento de B\u00fasquedas de Personas de la Polic\u00eda porte\u00f1a.<\/p>\n\n\n\n<p>En la misma, el muchacho manifest\u00f3 que <strong>su hermana ten\u00eda problemas con el alcohol<\/strong> y que estaba desaparecida desde hac\u00eda ocho d\u00edas.<\/p>\n\n\n\n<p>Los familiares de la v\u00edctima contaron que ese d\u00eda ella se march\u00f3 de su casa ubicada en Bartolom\u00e9 Mitre al 4.000, lugar en el que viv\u00eda con sus pap\u00e1s y sus hijos de 14 y 17 a\u00f1os.<strong>&nbsp;No le dijo a nadie a d\u00f3nde se iba y nunca volvi\u00f3.<\/strong><\/p>\n\n\n\n<p>As\u00ed, la Divisi\u00f3n de Homicidios aport\u00f3 videos a la investigaci\u00f3n y en uno se puede ver c\u00f3mo <strong>Torrilla y Medici estaban hablando cerca de donde posteriormente fue encontrada calcinada.<\/strong><\/p>\n","protected":false},"excerpt":{"rendered":"<p>A trav\u00e9s de un an\u00e1lisis de ADN, la Polic\u00eda identific\u00f3 a Graciela In\u00e9s Torrilla. Adem\u00e1s, las c\u00e1maras de seguridad la captaron hablando con el detenido Iv\u00e1n Medici. La Polic\u00eda de la Ciudad identific\u00f3, a trav\u00e9s de un an\u00e1lisis de ADN, que el cuerpo que estaba dentro de un auto el pasado 11 de octubre en&hellip;<\/p>\n","protected":false},"author":1,"featured_media":118560,"comment_status":"open","ping_status":"open","sticky":false,"template":"","format":"standard","meta":{"footnotes":""},"categories":[22],"tags":[3487,38880,2450,38878,38879,24537],"class_list":["post-118559","post","type-post","status-publish","format-standard","has-post-thumbnail","hentry","category-policiales","tag-balvanera","tag-centro-de-monitoreo-urbano","tag-diario-el-sindical","tag-graciela-ines-torrilla","tag-ivan-david-medici","tag-policia-de-la-ciudad"],"_links":{"self":[{"href":"https:\/\/www.elsindical.com.ar\/notas\/wp-json\/wp\/v2\/posts\/118559","targetHints":{"allow":["GET"]}}],"collection":[{"href":"https:\/\/www.elsindical.com.ar\/notas\/wp-json\/wp\/v2\/posts"}],"about":[{"href":"https:\/\/www.elsindical.com.ar\/notas\/wp-json\/wp\/v2\/types\/post"}],"author":[{"embeddable":true,"href":"https:\/\/www.elsindical.com.ar\/notas\/wp-json\/wp\/v2\/users\/1"}],"replies":[{"embeddable":true,"href":"https:\/\/www.elsindical.com.ar\/notas\/wp-json\/wp\/v2\/comments?post=118559"}],"version-history":[{"count":1,"href":"https:\/\/www.elsindical.com.ar\/notas\/wp-json\/wp\/v2\/posts\/118559\/revisions"}],"predecessor-version":[{"id":118561,"href":"https:\/\/www.elsindical.com.ar\/notas\/wp-json\/wp\/v2\/posts\/118559\/revisions\/118561"}],"wp:featuredmedia":[{"embeddable":true,"href":"https:\/\/www.elsindical.com.ar\/notas\/wp-json\/wp\/v2\/media\/118560"}],"wp:attachment":[{"href":"https:\/\/www.elsindical.com.ar\/notas\/wp-json\/wp\/v2\/media?parent=118559"}],"wp:term":[{"taxonomy":"category","embeddable":true,"href":"https:\/\/www.elsindical.com.ar\/notas\/wp-json\/wp\/v2\/categories?post=118559"},{"taxonomy":"post_tag","embeddable":true,"href":"https:\/\/www.elsindical.com.ar\/notas\/wp-json\/wp\/v2\/tags?post=118559"}],"curies":[{"name":"wp","href":"https:\/\/api.w.org\/{rel}","templated":true}]}}