{"id":118556,"date":"2022-12-02T11:18:46","date_gmt":"2022-12-02T14:18:46","guid":{"rendered":"https:\/\/www.elsindical.com.ar\/notas\/?p=118556"},"modified":"2022-12-02T11:18:47","modified_gmt":"2022-12-02T14:18:47","slug":"agrupaciones-cortan-puente-pueyrredon-ante-la-amenaza-de-recorte-en-planes-sociales","status":"publish","type":"post","link":"https:\/\/www.elsindical.com.ar\/notas\/agrupaciones-cortan-puente-pueyrredon-ante-la-amenaza-de-recorte-en-planes-sociales\/","title":{"rendered":"Agrupaciones cortan Puente Pueyrred\u00f3n ante la amenaza de recorte en planes sociales"},"content":{"rendered":"<div class=\"wp-block-image\">\n<figure class=\"aligncenter size-large\"><a href=\"https:\/\/www.elsindical.com.ar\/notas\/var\/www\/html\/notas\/wp-content\/uploads\/2022\/12\/corte-diciembre-2022-Pte-Pueyrredon.jpg\"><img loading=\"lazy\" decoding=\"async\" width=\"1024\" height=\"562\" src=\"https:\/\/www.elsindical.com.ar\/notas\/var\/www\/html\/notas\/wp-content\/uploads\/2022\/12\/corte-diciembre-2022-Pte-Pueyrredon-1024x562.jpg\" alt=\"\" class=\"wp-image-118557\" srcset=\"https:\/\/www.elsindical.com.ar\/notas\/var\/www\/html\/notas\/wp-content\/uploads\/2022\/12\/corte-diciembre-2022-Pte-Pueyrredon-1024x562.jpg 1024w, https:\/\/www.elsindical.com.ar\/notas\/var\/www\/html\/notas\/wp-content\/uploads\/2022\/12\/corte-diciembre-2022-Pte-Pueyrredon-300x165.jpg 300w, https:\/\/www.elsindical.com.ar\/notas\/var\/www\/html\/notas\/wp-content\/uploads\/2022\/12\/corte-diciembre-2022-Pte-Pueyrredon-768x421.jpg 768w, https:\/\/www.elsindical.com.ar\/notas\/var\/www\/html\/notas\/wp-content\/uploads\/2022\/12\/corte-diciembre-2022-Pte-Pueyrredon-500x274.jpg 500w, https:\/\/www.elsindical.com.ar\/notas\/var\/www\/html\/notas\/wp-content\/uploads\/2022\/12\/corte-diciembre-2022-Pte-Pueyrredon.jpg 1170w\" sizes=\"auto, (max-width: 1024px) 100vw, 1024px\" \/><\/a><\/figure>\n<\/div>\n\n\n<p>Habr\u00e1 protestas durante la ma\u00f1ana para pedir que no se avance en las bajas del plan \u00abPotenciar Trabajo\u00bb.<\/p>\n\n\n\n<p>En rechazo a la posible&nbsp;<strong>eliminaci\u00f3n de planes sociales<\/strong>,la&nbsp;Uni\u00f3n de Trabajadores de la Econom\u00eda Popular <strong>(UTEP) <\/strong>cortar\u00e1 este viernes el <strong>Puente Pueyrred\u00f3n <\/strong>-que conecta la Ciudad de Buenos Aires con el sur del conurbano bonaerense-y la Unidad Piquetera,&nbsp;realizar\u00e1 un \u00abpiquetazo nacional\u00bb que incluir\u00e1 protestas y asambleas.<\/p>\n\n\n\n<p>El epicentro de las protestas es la<strong> Ciudad de Buenos Aires. <\/strong>Luego de una conferencia de prensa&nbsp;en el Obelisco, ser\u00e1 a partir de las 10 h cuando se&nbsp;avanzar\u00e1 hacia una movilizaci\u00f3n y corte. Esto, mientras \u00abse debate una profundizaci\u00f3n de las acciones para la semana pr\u00f3xima, <strong>con acampes y cortes de ruta<\/strong>\u00ab, dicen desde la Unidad Piquetera.<\/p>\n\n\n\n<h2 class=\"wp-block-heading\">Las razones de las manifestaciones<\/h2>\n\n\n\n<p>Aseguran que el Gobierno favorece a los<strong> sojeros especuladores <\/strong>con un d\u00f3lar preferencial, y al <strong>capital financiero<\/strong> con medidas de rescate pero<strong> golpea<\/strong> a los <strong>sectores m\u00e1s empobrecidos.<\/strong>&nbsp;De esta forma, confirman que las pol\u00edticas que se implementan son complacientes con los ricos y duras con los pobres.&nbsp;<\/p>\n\n\n\n<p>Parte de la protesta de la UTEP&nbsp; es para exigir que dejen de recortar los <strong>programas de trabajo<\/strong> de la econom\u00eda popular. \u00abUna vez m\u00e1s, cuando las cosas no van bien, vuelven a cargar contra los \u00faltimos y las \u00faltimas de la fila con criterios burocr\u00e1ticos ins\u00f3litos y falaces\u00bb, confirman.<\/p>\n\n\n\n<p>\u00abPareciera que no les tiembla el pulso para sacarle la comida de la mesa a las familias que m\u00e1s lo necesitan en un contexto <strong>cr\u00edtico de fin de a\u00f1o<\/strong>\u00ab, se quej\u00f3 la&nbsp;UTEP.<\/p>\n\n\n\n<p>Y agreg\u00f3: \u00abHace a\u00f1os y con much\u00edsima lucha conquistamos derechos para los y las que <strong>inventamos trabajo cuando el mercado laboral nos expuls\u00f3<\/strong>, esas reivindicaciones arrancadas en un gobierno neoliberal, son puestas en duda en este contexto complicado donde se deber\u00eda defender a los y las que m\u00e1s lo necesitan\u00bb.<\/p>\n","protected":false},"excerpt":{"rendered":"<p>Habr\u00e1 protestas durante la ma\u00f1ana para pedir que no se avance en las bajas del plan \u00abPotenciar Trabajo\u00bb. En rechazo a la posible&nbsp;eliminaci\u00f3n de planes sociales,la&nbsp;Uni\u00f3n de Trabajadores de la Econom\u00eda Popular (UTEP) cortar\u00e1 este viernes el Puente Pueyrred\u00f3n -que conecta la Ciudad de Buenos Aires con el sur del conurbano bonaerense-y la Unidad Piquetera,&nbsp;realizar\u00e1&hellip;<\/p>\n","protected":false},"author":1,"featured_media":118557,"comment_status":"open","ping_status":"open","sticky":false,"template":"","format":"standard","meta":{"footnotes":""},"categories":[25],"tags":[38877,4284,38876,2450,31416,292,32082],"class_list":["post-118556","post","type-post","status-publish","format-standard","has-post-thumbnail","hentry","category-sociedad","tag-acampes","tag-caba","tag-corte-puente-pueyrredon","tag-diario-el-sindical","tag-planes-sociales","tag-protesta","tag-utep"],"_links":{"self":[{"href":"https:\/\/www.elsindical.com.ar\/notas\/wp-json\/wp\/v2\/posts\/118556","targetHints":{"allow":["GET"]}}],"collection":[{"href":"https:\/\/www.elsindical.com.ar\/notas\/wp-json\/wp\/v2\/posts"}],"about":[{"href":"https:\/\/www.elsindical.com.ar\/notas\/wp-json\/wp\/v2\/types\/post"}],"author":[{"embeddable":true,"href":"https:\/\/www.elsindical.com.ar\/notas\/wp-json\/wp\/v2\/users\/1"}],"replies":[{"embeddable":true,"href":"https:\/\/www.elsindical.com.ar\/notas\/wp-json\/wp\/v2\/comments?post=118556"}],"version-history":[{"count":1,"href":"https:\/\/www.elsindical.com.ar\/notas\/wp-json\/wp\/v2\/posts\/118556\/revisions"}],"predecessor-version":[{"id":118558,"href":"https:\/\/www.elsindical.com.ar\/notas\/wp-json\/wp\/v2\/posts\/118556\/revisions\/118558"}],"wp:featuredmedia":[{"embeddable":true,"href":"https:\/\/www.elsindical.com.ar\/notas\/wp-json\/wp\/v2\/media\/118557"}],"wp:attachment":[{"href":"https:\/\/www.elsindical.com.ar\/notas\/wp-json\/wp\/v2\/media?parent=118556"}],"wp:term":[{"taxonomy":"category","embeddable":true,"href":"https:\/\/www.elsindical.com.ar\/notas\/wp-json\/wp\/v2\/categories?post=118556"},{"taxonomy":"post_tag","embeddable":true,"href":"https:\/\/www.elsindical.com.ar\/notas\/wp-json\/wp\/v2\/tags?post=118556"}],"curies":[{"name":"wp","href":"https:\/\/api.w.org\/{rel}","templated":true}]}}