{"id":118538,"date":"2022-12-01T23:31:36","date_gmt":"2022-12-02T02:31:36","guid":{"rendered":"https:\/\/www.elsindical.com.ar\/notas\/?p=118538"},"modified":"2022-12-01T23:32:46","modified_gmt":"2022-12-02T02:32:46","slug":"conflicto-en-el-inta-por-paritarias-despues-de-48-horas-de-paro-manana-habra-cortes-sorpresivos-en-las-rutas","status":"publish","type":"post","link":"https:\/\/www.elsindical.com.ar\/notas\/conflicto-en-el-inta-por-paritarias-despues-de-48-horas-de-paro-manana-habra-cortes-sorpresivos-en-las-rutas\/","title":{"rendered":"Conflicto en el INTA por paritarias: despu\u00e9s de 48 horas de paro ma\u00f1ana habr\u00e1 cortes sorpresivos en las Rutas"},"content":{"rendered":"<div class=\"wp-block-image\">\n<figure class=\"aligncenter size-large\"><a href=\"https:\/\/www.elsindical.com.ar\/notas\/var\/www\/html\/notas\/wp-content\/uploads\/2022\/12\/Paro-en-el-INTA-1.jpg\"><img loading=\"lazy\" decoding=\"async\" width=\"1024\" height=\"768\" src=\"https:\/\/www.elsindical.com.ar\/notas\/var\/www\/html\/notas\/wp-content\/uploads\/2022\/12\/Paro-en-el-INTA-1-1024x768.jpg\" alt=\"\" class=\"wp-image-118539\" srcset=\"https:\/\/www.elsindical.com.ar\/notas\/var\/www\/html\/notas\/wp-content\/uploads\/2022\/12\/Paro-en-el-INTA-1-1024x768.jpg 1024w, https:\/\/www.elsindical.com.ar\/notas\/var\/www\/html\/notas\/wp-content\/uploads\/2022\/12\/Paro-en-el-INTA-1-300x225.jpg 300w, https:\/\/www.elsindical.com.ar\/notas\/var\/www\/html\/notas\/wp-content\/uploads\/2022\/12\/Paro-en-el-INTA-1-768x576.jpg 768w, https:\/\/www.elsindical.com.ar\/notas\/var\/www\/html\/notas\/wp-content\/uploads\/2022\/12\/Paro-en-el-INTA-1-400x300.jpg 400w, https:\/\/www.elsindical.com.ar\/notas\/var\/www\/html\/notas\/wp-content\/uploads\/2022\/12\/Paro-en-el-INTA-1.jpg 1152w\" sizes=\"auto, (max-width: 1024px) 100vw, 1024px\" \/><\/a><\/figure>\n<\/div>\n\n\n<p class=\"wp-block-paragraph\">Luego de 48 horas de paro que se cumplieron este pasado martes y mi\u00e9rcoles y con un acatamiento total de los afiliados que super\u00f3 el 80%, la Asociaci\u00f3n del Personal del Instituto Nacional de Tecnolog\u00eda Agropecuaria (APINTA), que encabeza Mario Romero, retomar\u00e1 ma\u00f1ana las medidas con protestas sorpresivas en distintos puntos del pa\u00eds, a dos d\u00edas del Aniversario de la creaci\u00f3n del organismo bajo el lema \u201cnada que festejar\u201d. Adem\u00e1s, analizan otro paro de 48 horas en las pr\u00f3ximas semanas.<\/p>\n\n\n\n<p class=\"wp-block-paragraph\">Se est\u00e1n organizando movilizaciones a las rutas aleda\u00f1as a las Estaciones Experimentales de los trabajadores y trabajadoras, por las pol\u00edticas laborales del titular del INTA, Mario Garmendia. La acci\u00f3n directa obedece a la escalada del conflicto en el Organismo, y se prev\u00e9 una gran concurrencia con cortes de ruta para la entrega de panfletos a los automovilistas. Las provincias de C\u00f3rdoba, Buenos Aires, Entre R\u00edos, Santa F\u00e9, Chubut, Chaco y Formosa entre otros ser\u00e1n epicentro de las protestas.<\/p>\n\n\n\n<p class=\"wp-block-paragraph\">La escalada de medidas de fuerza va en aumento en el INTA y tiene como principales reclamos una recomposici\u00f3n del 56 % de los salarios a cuenta de la negociaci\u00f3n de la actualizaci\u00f3n del Convenio Colectivo de Trabajo (CCT), para una planta de 6.500 empleados. En este marco, el secretario general de APINTA expres\u00f3 que \u201clos cuerpos org\u00e1nicos del sindicato decidieron para el mes de diciembre elevar la escalada de protestas a medidas de 48 horas\u201d. Y agreg\u00f3: \u201cNo vamos a claudicar en nuestras leg\u00edtimas demandas de lograr recomponer el atraso salarial desde el 2015, que nos coloca hoy tristemente en el lugar 127 del ranking de salarios de organismos estatales sobre 136 evaluados\u201d.<\/p>\n\n\n\n<p class=\"wp-block-paragraph\">Desde el sindicato manifestaron que \u201cesta situaci\u00f3n conflictiva debe solucionarse\u201d y que si bien plantearon escenarios de negociaci\u00f3n y mesas de di\u00e1logo, \u201cno tenemos respuesta alguna\u201d. Por su parte, Romero sostuvo: \u201cLa medida de ma\u00f1ana profundiza el malestar ya que, ante un nuevo aniversario del organismo, el pr\u00f3ximo domingo, no tuvimos respuestas ni un canal de di\u00e1logo a nuestros leg\u00edtimos reclamos. Hacemos un llamado a las autoridades del INTA a revertir su posici\u00f3n intransigente como tambi\u00e9n a los funcionarios del Ministerio de Econom\u00eda y de la Secretar\u00eda de Agricultura para que tomen cartas en el asunto\u201d.<\/p>\n\n\n\n<p class=\"wp-block-paragraph\">El gremialista tambi\u00e9n se\u00f1al\u00f3 que \u201cma\u00f1ana las medidas de acci\u00f3n en las distintas rutas del pa\u00eds van a ser una muestra de nuestro rol federal y de nuestro aporte al sector estrat\u00e9gico de campo, que es un dinamizador de ingreso de divisas del comercio exterior. Exhortamos a que esta situaci\u00f3n se termine, pero no vamos a bajar los brazos ni las demandas de nuestras bases\u201d.<\/p>\n\n\n\n<p class=\"wp-block-paragraph\">Romero destac\u00f3 que los trabajadores del INTA se encuentran unidos, solidarios y \u201cen lucha reivindicativa por su rol estrat\u00e9gico en la econom\u00eda del pa\u00eds, ya sea con los productores, en la agricultura familiar o con los medianos y peque\u00f1os productores\u201d. Y esperan que la conducci\u00f3n de Mariano Garmendia \u201cestablezca un escenario nuevo que hasta ahora no vimos y que se comprometa a resolver los reclamos que estamos demandando\u201d.<\/p>\n\n\n\n<p class=\"wp-block-paragraph\">Para finalizar sostuvo: \u201cEstamos convencidos, a\u00fan despu\u00e9s de las medidas, que no le llevan la informaci\u00f3n de la realidad que viven los y las trabajadores del INTA al equipo del Ministerio de Econom\u00eda que encabeza Sergio Massa. \u201cNo vamos a entregar las banderas ni los derechos de nuestros trabajadores\u201d<\/p>\n\n\n\n<p class=\"wp-block-paragraph\">Cabe destacar que el INTA cuenta con 70 Estaciones Experimentales, 300 Agencias de Extensi\u00f3n y 19 Centros Regionales de Investigaci\u00f3n. Una red federal territorial reconocida internacionalmente, que se logra con el trabajo cotidiano del personal&nbsp;&nbsp; Profesional, el T\u00e9cnico y el de Apoyo. El presupuesto para el 2023 trepa a los 45 mil millones de pesos anuales que incluye sueldos, gastos operativos e inversiones.<\/p>\n\n\n\n<figure class=\"wp-block-gallery has-nested-images columns-1 is-cropped wp-block-gallery-1 is-layout-flex wp-block-gallery-is-layout-flex\">\n<figure class=\"wp-block-image size-large\"><a href=\"https:\/\/www.elsindical.com.ar\/notas\/var\/www\/html\/notas\/wp-content\/uploads\/2022\/12\/Paro-en-el-INTA-2.jpeg\"><img loading=\"lazy\" decoding=\"async\" width=\"1024\" height=\"462\" data-id=\"118540\" src=\"https:\/\/www.elsindical.com.ar\/notas\/var\/www\/html\/notas\/wp-content\/uploads\/2022\/12\/Paro-en-el-INTA-2-1024x462.jpeg\" alt=\"\" class=\"wp-image-118540\" srcset=\"https:\/\/www.elsindical.com.ar\/notas\/var\/www\/html\/notas\/wp-content\/uploads\/2022\/12\/Paro-en-el-INTA-2-1024x462.jpeg 1024w, https:\/\/www.elsindical.com.ar\/notas\/var\/www\/html\/notas\/wp-content\/uploads\/2022\/12\/Paro-en-el-INTA-2-300x135.jpeg 300w, https:\/\/www.elsindical.com.ar\/notas\/var\/www\/html\/notas\/wp-content\/uploads\/2022\/12\/Paro-en-el-INTA-2-768x346.jpeg 768w, https:\/\/www.elsindical.com.ar\/notas\/var\/www\/html\/notas\/wp-content\/uploads\/2022\/12\/Paro-en-el-INTA-2-500x225.jpeg 500w, https:\/\/www.elsindical.com.ar\/notas\/var\/www\/html\/notas\/wp-content\/uploads\/2022\/12\/Paro-en-el-INTA-2.jpeg 1156w\" sizes=\"auto, (max-width: 1024px) 100vw, 1024px\" \/><\/a><\/figure>\n\n\n\n<figure class=\"wp-block-image size-large\"><a href=\"https:\/\/www.elsindical.com.ar\/notas\/var\/www\/html\/notas\/wp-content\/uploads\/2022\/12\/Paro-en-el-INTA-2.jpg\"><img loading=\"lazy\" decoding=\"async\" width=\"1024\" height=\"705\" data-id=\"118541\" src=\"https:\/\/www.elsindical.com.ar\/notas\/var\/www\/html\/notas\/wp-content\/uploads\/2022\/12\/Paro-en-el-INTA-2-1024x705.jpg\" alt=\"\" class=\"wp-image-118541\" srcset=\"https:\/\/www.elsindical.com.ar\/notas\/var\/www\/html\/notas\/wp-content\/uploads\/2022\/12\/Paro-en-el-INTA-2-1024x705.jpg 1024w, https:\/\/www.elsindical.com.ar\/notas\/var\/www\/html\/notas\/wp-content\/uploads\/2022\/12\/Paro-en-el-INTA-2-300x206.jpg 300w, https:\/\/www.elsindical.com.ar\/notas\/var\/www\/html\/notas\/wp-content\/uploads\/2022\/12\/Paro-en-el-INTA-2-768x528.jpg 768w, https:\/\/www.elsindical.com.ar\/notas\/var\/www\/html\/notas\/wp-content\/uploads\/2022\/12\/Paro-en-el-INTA-2-436x300.jpg 436w, https:\/\/www.elsindical.com.ar\/notas\/var\/www\/html\/notas\/wp-content\/uploads\/2022\/12\/Paro-en-el-INTA-2-1536x1057.jpg 1536w, https:\/\/www.elsindical.com.ar\/notas\/var\/www\/html\/notas\/wp-content\/uploads\/2022\/12\/Paro-en-el-INTA-2.jpg 1984w\" sizes=\"auto, (max-width: 1024px) 100vw, 1024px\" \/><\/a><\/figure>\n\n\n\n<figure class=\"wp-block-image size-large\"><a href=\"https:\/\/www.elsindical.com.ar\/notas\/var\/www\/html\/notas\/wp-content\/uploads\/2022\/12\/Paro-en-el-INTA-1.jpeg\"><img loading=\"lazy\" decoding=\"async\" width=\"1024\" height=\"768\" data-id=\"118542\" src=\"https:\/\/www.elsindical.com.ar\/notas\/var\/www\/html\/notas\/wp-content\/uploads\/2022\/12\/Paro-en-el-INTA-1-1024x768.jpeg\" alt=\"\" class=\"wp-image-118542\" srcset=\"https:\/\/www.elsindical.com.ar\/notas\/var\/www\/html\/notas\/wp-content\/uploads\/2022\/12\/Paro-en-el-INTA-1-1024x768.jpeg 1024w, https:\/\/www.elsindical.com.ar\/notas\/var\/www\/html\/notas\/wp-content\/uploads\/2022\/12\/Paro-en-el-INTA-1-300x225.jpeg 300w, https:\/\/www.elsindical.com.ar\/notas\/var\/www\/html\/notas\/wp-content\/uploads\/2022\/12\/Paro-en-el-INTA-1-768x576.jpeg 768w, https:\/\/www.elsindical.com.ar\/notas\/var\/www\/html\/notas\/wp-content\/uploads\/2022\/12\/Paro-en-el-INTA-1-400x300.jpeg 400w, https:\/\/www.elsindical.com.ar\/notas\/var\/www\/html\/notas\/wp-content\/uploads\/2022\/12\/Paro-en-el-INTA-1.jpeg 1280w\" sizes=\"auto, (max-width: 1024px) 100vw, 1024px\" \/><\/a><\/figure>\n<\/figure>\n","protected":false},"excerpt":{"rendered":"<p>Luego de 48 horas de paro que se cumplieron este pasado martes y mi\u00e9rcoles y con un acatamiento total de los afiliados que super\u00f3 el 80%, la Asociaci\u00f3n del Personal del Instituto Nacional de Tecnolog\u00eda Agropecuaria (APINTA), que encabeza Mario Romero, retomar\u00e1 ma\u00f1ana las medidas con protestas sorpresivas en distintos puntos del pa\u00eds, a dos&hellip;<\/p>\n","protected":false},"author":1,"featured_media":118539,"comment_status":"open","ping_status":"open","sticky":false,"template":"","format":"standard","meta":{"footnotes":""},"categories":[16],"tags":[24740,20153,38870,2450,16903,2107,5930],"class_list":["post-118538","post","type-post","status-publish","format-standard","has-post-thumbnail","hentry","category-gremiales","tag-apinta","tag-cct","tag-cortes-sorpresivos","tag-diario-el-sindical","tag-inta","tag-paritarias","tag-rutas"],"_links":{"self":[{"href":"https:\/\/www.elsindical.com.ar\/notas\/wp-json\/wp\/v2\/posts\/118538","targetHints":{"allow":["GET"]}}],"collection":[{"href":"https:\/\/www.elsindical.com.ar\/notas\/wp-json\/wp\/v2\/posts"}],"about":[{"href":"https:\/\/www.elsindical.com.ar\/notas\/wp-json\/wp\/v2\/types\/post"}],"author":[{"embeddable":true,"href":"https:\/\/www.elsindical.com.ar\/notas\/wp-json\/wp\/v2\/users\/1"}],"replies":[{"embeddable":true,"href":"https:\/\/www.elsindical.com.ar\/notas\/wp-json\/wp\/v2\/comments?post=118538"}],"version-history":[{"count":2,"href":"https:\/\/www.elsindical.com.ar\/notas\/wp-json\/wp\/v2\/posts\/118538\/revisions"}],"predecessor-version":[{"id":118544,"href":"https:\/\/www.elsindical.com.ar\/notas\/wp-json\/wp\/v2\/posts\/118538\/revisions\/118544"}],"wp:featuredmedia":[{"embeddable":true,"href":"https:\/\/www.elsindical.com.ar\/notas\/wp-json\/wp\/v2\/media\/118539"}],"wp:attachment":[{"href":"https:\/\/www.elsindical.com.ar\/notas\/wp-json\/wp\/v2\/media?parent=118538"}],"wp:term":[{"taxonomy":"category","embeddable":true,"href":"https:\/\/www.elsindical.com.ar\/notas\/wp-json\/wp\/v2\/categories?post=118538"},{"taxonomy":"post_tag","embeddable":true,"href":"https:\/\/www.elsindical.com.ar\/notas\/wp-json\/wp\/v2\/tags?post=118538"}],"curies":[{"name":"wp","href":"https:\/\/api.w.org\/{rel}","templated":true}]}}