{"id":118443,"date":"2022-11-27T09:27:34","date_gmt":"2022-11-27T12:27:34","guid":{"rendered":"https:\/\/www.elsindical.com.ar\/notas\/?p=118443"},"modified":"2022-11-27T09:27:35","modified_gmt":"2022-11-27T12:27:35","slug":"cordoba-condenaron-a-un-jugador-de-huracan-por-una-violacion-grupal","status":"publish","type":"post","link":"https:\/\/www.elsindical.com.ar\/notas\/cordoba-condenaron-a-un-jugador-de-huracan-por-una-violacion-grupal\/","title":{"rendered":"C\u00f3rdoba: Condenaron a un jugador de Hurac\u00e1n por una violaci\u00f3n grupal"},"content":{"rendered":"<div class=\"wp-block-image\">\n<figure class=\"aligncenter size-large\"><a href=\"https:\/\/www.elsindical.com.ar\/notas\/var\/www\/html\/notas\/wp-content\/uploads\/2022\/11\/Walter-Perez-condenado-por-violacion.jpg\"><img loading=\"lazy\" decoding=\"async\" width=\"1024\" height=\"576\" src=\"https:\/\/www.elsindical.com.ar\/notas\/var\/www\/html\/notas\/wp-content\/uploads\/2022\/11\/Walter-Perez-condenado-por-violacion-1024x576.jpg\" alt=\"\" class=\"wp-image-118444\" srcset=\"https:\/\/www.elsindical.com.ar\/notas\/var\/www\/html\/notas\/wp-content\/uploads\/2022\/11\/Walter-Perez-condenado-por-violacion-1024x576.jpg 1024w, https:\/\/www.elsindical.com.ar\/notas\/var\/www\/html\/notas\/wp-content\/uploads\/2022\/11\/Walter-Perez-condenado-por-violacion-300x169.jpg 300w, https:\/\/www.elsindical.com.ar\/notas\/var\/www\/html\/notas\/wp-content\/uploads\/2022\/11\/Walter-Perez-condenado-por-violacion-768x432.jpg 768w, https:\/\/www.elsindical.com.ar\/notas\/var\/www\/html\/notas\/wp-content\/uploads\/2022\/11\/Walter-Perez-condenado-por-violacion-500x281.jpg 500w, https:\/\/www.elsindical.com.ar\/notas\/var\/www\/html\/notas\/wp-content\/uploads\/2022\/11\/Walter-Perez-condenado-por-violacion-460x260.jpg 460w, https:\/\/www.elsindical.com.ar\/notas\/var\/www\/html\/notas\/wp-content\/uploads\/2022\/11\/Walter-Perez-condenado-por-violacion.jpg 1200w\" sizes=\"auto, (max-width: 1024px) 100vw, 1024px\" \/><\/a><\/figure>\n<\/div>\n\n\n<p>Walter P\u00e9rez fue condenado a 11 a\u00f1os de prisi\u00f3n.<\/p>\n\n\n\n<p><strong>El defensor de Hurac\u00e1n Walter P\u00e9rez fue condenado a 11 a\u00f1os de prisi\u00f3n<\/strong> y qued\u00f3 detenido tras un juicio por una <strong>violaci\u00f3n grupal a una joven<\/strong>, cometida en diciembre de 2019 en la ciudad cordobesa de Villa Carlos Paz, informaron hoy fuentes judiciales.<\/p>\n\n\n\n<p>La decisi\u00f3n de la C\u00e1mara 11 del Crimen recay\u00f3 sobre el futbolista por el delito de \u201cabuso sexual con acceso carnal\u201d, en perjuicio de una joven que al momento del hecho ten\u00eda 18 a\u00f1os.<\/p>\n\n\n\n<p>Fuentes judiciales informaron que el Tribunal dispuso la <strong>inmediata detenci\u00f3n <\/strong>del defensor del \u201cGlobo\u201d, que hab\u00eda jugado el \u00faltimo partido de la Liga Profesional de F\u00fatbol (LPF) el 23 de octubre contra Patronato en el que se hizo un gol en contra y ya fue alojado en la c\u00e1rcel de Bouwer.<\/p>\n\n\n\n<p>\u201cLa familia est\u00e1 muy conforme, lo que han hecho es una bestialidad\u201d, dijo a T\u00e9lam el abogado Benjam\u00edn Sonzino Astudillo, representante de la v\u00edctima.<\/p>\n\n\n\n<p>En el fallo dado a conocer ayer a la tarde, <strong>adem\u00e1s de P\u00e9rez (24), fueron condenados otros cuatro j\u00f3venes a 9 a\u00f1os de c\u00e1rcel, mientras que otro acusado ya hab\u00eda reconocido su participaci\u00f3n en el abuso y acord\u00f3 un juicio abreviado.<\/strong><\/p>\n\n\n\n<p>El jugador \u201cQuemero\u201d hab\u00eda estado ocho meses preso y en septiembre de 2020 fue excarcelado ya que la C\u00e1mara de Acusaci\u00f3n de C\u00f3rdoba revoc\u00f3 su prisi\u00f3n preventiva por falta de m\u00e9rito.<\/p>\n\n\n\n<p>De esta manera, P\u00e9rez lleg\u00f3 en libertad al juicio, realizado a puertas cerradas debido a que se trataba de tema contra la integridad sexual, y tras la sentencia regres\u00f3 a la c\u00e1rcel.<\/p>\n\n\n\n<p>El defensor del club de Parque Patricios hab\u00eda sido detenido en su momento por orden del fiscal de instrucci\u00f3n, Ricardo Mazzuchi, el 22 de diciembre de 2019, que les dict\u00f3 la prisi\u00f3n preventiva, medida luego confirmada por el juzgado de Control.<\/p>\n\n\n\n<p><strong>Junto a nueve amigos, hab\u00eda alquilado una casaquinta en Carlos Paz y d\u00edas antes invitaron a cuatro chicas que hab\u00edan conocido durante esas vacaciones.<\/strong> <strong>Una de ellas denunci\u00f3 que fue v\u00edctima de una violaci\u00f3n grupal<\/strong>, radic\u00f3 su denuncia en una comisar\u00eda de la ciudad y fue revisada en un hospital local, donde los m\u00e9dicos constataron lesiones compatibles con el hecho narrado.<\/p>\n","protected":false},"excerpt":{"rendered":"<p>Walter P\u00e9rez fue condenado a 11 a\u00f1os de prisi\u00f3n. El defensor de Hurac\u00e1n Walter P\u00e9rez fue condenado a 11 a\u00f1os de prisi\u00f3n y qued\u00f3 detenido tras un juicio por una violaci\u00f3n grupal a una joven, cometida en diciembre de 2019 en la ciudad cordobesa de Villa Carlos Paz, informaron hoy fuentes judiciales. La decisi\u00f3n de&hellip;<\/p>\n","protected":false},"author":1,"featured_media":118444,"comment_status":"open","ping_status":"open","sticky":false,"template":"","format":"standard","meta":{"footnotes":""},"categories":[20],"tags":[153,2450,12701,25157,38827],"class_list":["post-118443","post","type-post","status-publish","format-standard","has-post-thumbnail","hentry","category-judiciales","tag-cordoba","tag-diario-el-sindical","tag-villa-carlos-paz","tag-violacion-grupal","tag-walter-perez"],"_links":{"self":[{"href":"https:\/\/www.elsindical.com.ar\/notas\/wp-json\/wp\/v2\/posts\/118443","targetHints":{"allow":["GET"]}}],"collection":[{"href":"https:\/\/www.elsindical.com.ar\/notas\/wp-json\/wp\/v2\/posts"}],"about":[{"href":"https:\/\/www.elsindical.com.ar\/notas\/wp-json\/wp\/v2\/types\/post"}],"author":[{"embeddable":true,"href":"https:\/\/www.elsindical.com.ar\/notas\/wp-json\/wp\/v2\/users\/1"}],"replies":[{"embeddable":true,"href":"https:\/\/www.elsindical.com.ar\/notas\/wp-json\/wp\/v2\/comments?post=118443"}],"version-history":[{"count":1,"href":"https:\/\/www.elsindical.com.ar\/notas\/wp-json\/wp\/v2\/posts\/118443\/revisions"}],"predecessor-version":[{"id":118445,"href":"https:\/\/www.elsindical.com.ar\/notas\/wp-json\/wp\/v2\/posts\/118443\/revisions\/118445"}],"wp:featuredmedia":[{"embeddable":true,"href":"https:\/\/www.elsindical.com.ar\/notas\/wp-json\/wp\/v2\/media\/118444"}],"wp:attachment":[{"href":"https:\/\/www.elsindical.com.ar\/notas\/wp-json\/wp\/v2\/media?parent=118443"}],"wp:term":[{"taxonomy":"category","embeddable":true,"href":"https:\/\/www.elsindical.com.ar\/notas\/wp-json\/wp\/v2\/categories?post=118443"},{"taxonomy":"post_tag","embeddable":true,"href":"https:\/\/www.elsindical.com.ar\/notas\/wp-json\/wp\/v2\/tags?post=118443"}],"curies":[{"name":"wp","href":"https:\/\/api.w.org\/{rel}","templated":true}]}}