{"id":118402,"date":"2022-11-25T12:11:01","date_gmt":"2022-11-25T15:11:01","guid":{"rendered":"https:\/\/www.elsindical.com.ar\/notas\/?p=118402"},"modified":"2022-11-25T12:11:02","modified_gmt":"2022-11-25T15:11:02","slug":"violencia-urbana-como-las-ciudades-se-convierten-en-espacios-hostiles-para-las-mujeres","status":"publish","type":"post","link":"https:\/\/www.elsindical.com.ar\/notas\/violencia-urbana-como-las-ciudades-se-convierten-en-espacios-hostiles-para-las-mujeres\/","title":{"rendered":"Violencia urbana: c\u00f3mo las ciudades se convierten en espacios hostiles para las mujeres"},"content":{"rendered":"\n<figure class=\"wp-block-image size-large\"><a href=\"https:\/\/www.elsindical.com.ar\/notas\/var\/www\/html\/notas\/wp-content\/uploads\/2022\/11\/mujeres-y-ciudades.jpg\"><img loading=\"lazy\" decoding=\"async\" width=\"1024\" height=\"576\" src=\"https:\/\/www.elsindical.com.ar\/notas\/var\/www\/html\/notas\/wp-content\/uploads\/2022\/11\/mujeres-y-ciudades-1024x576.jpg\" alt=\"\" class=\"wp-image-118403\" srcset=\"https:\/\/www.elsindical.com.ar\/notas\/var\/www\/html\/notas\/wp-content\/uploads\/2022\/11\/mujeres-y-ciudades-1024x576.jpg 1024w, https:\/\/www.elsindical.com.ar\/notas\/var\/www\/html\/notas\/wp-content\/uploads\/2022\/11\/mujeres-y-ciudades-300x169.jpg 300w, https:\/\/www.elsindical.com.ar\/notas\/var\/www\/html\/notas\/wp-content\/uploads\/2022\/11\/mujeres-y-ciudades-768x432.jpg 768w, https:\/\/www.elsindical.com.ar\/notas\/var\/www\/html\/notas\/wp-content\/uploads\/2022\/11\/mujeres-y-ciudades-500x281.jpg 500w, https:\/\/www.elsindical.com.ar\/notas\/var\/www\/html\/notas\/wp-content\/uploads\/2022\/11\/mujeres-y-ciudades-460x260.jpg 460w, https:\/\/www.elsindical.com.ar\/notas\/var\/www\/html\/notas\/wp-content\/uploads\/2022\/11\/mujeres-y-ciudades.jpg 1110w\" sizes=\"auto, (max-width: 1024px) 100vw, 1024px\" \/><\/a><\/figure>\n\n\n\n<p>En el marco del D\u00eda Internacional de la Eliminaci\u00f3n de la Violencia contra las mujeres, Natalia Czytajlo, arquitecta e investigadora del CONICET, analiza c\u00f3mo la violencia funciona como una de las principales limitaciones que enfrentan las mujeres y disidencias al momento de circular por el espacio p\u00fablico. Nuevas pr\u00e1cticas y pol\u00edticas urbanas en clave de g\u00e9nero, los ejes que contribuir\u00edan a disminuir estas situaciones.<\/p>\n\n\n\n<p><strong>Marianela R\u00edos (Agencia CTyS \u2013 UNLaM) \u2013 <\/strong>Las calles, las plazas, los edificios, las casas\u2026 todo forma parte de la estructura del urbanismo y la arquitectura de las ciudades que funciona, muchas veces, como barreras simb\u00f3licas que permiten o no su acceso y apropiaci\u00f3n. Las condiciones excluyentes pueden ser varias: social, econ\u00f3mica, cultural e, incluso, de g\u00e9nero.<\/p>\n\n\n\n<figure class=\"wp-block-image size-large\"><a href=\"https:\/\/www.elsindical.com.ar\/notas\/var\/www\/html\/notas\/wp-content\/uploads\/2022\/11\/Natalia-Czytajlo.jpg\"><img loading=\"lazy\" decoding=\"async\" width=\"1024\" height=\"576\" src=\"https:\/\/www.elsindical.com.ar\/notas\/var\/www\/html\/notas\/wp-content\/uploads\/2022\/11\/Natalia-Czytajlo-1024x576.jpg\" alt=\"\" class=\"wp-image-118404\" srcset=\"https:\/\/www.elsindical.com.ar\/notas\/var\/www\/html\/notas\/wp-content\/uploads\/2022\/11\/Natalia-Czytajlo-1024x576.jpg 1024w, https:\/\/www.elsindical.com.ar\/notas\/var\/www\/html\/notas\/wp-content\/uploads\/2022\/11\/Natalia-Czytajlo-300x169.jpg 300w, https:\/\/www.elsindical.com.ar\/notas\/var\/www\/html\/notas\/wp-content\/uploads\/2022\/11\/Natalia-Czytajlo-768x432.jpg 768w, https:\/\/www.elsindical.com.ar\/notas\/var\/www\/html\/notas\/wp-content\/uploads\/2022\/11\/Natalia-Czytajlo-500x281.jpg 500w, https:\/\/www.elsindical.com.ar\/notas\/var\/www\/html\/notas\/wp-content\/uploads\/2022\/11\/Natalia-Czytajlo-460x260.jpg 460w, https:\/\/www.elsindical.com.ar\/notas\/var\/www\/html\/notas\/wp-content\/uploads\/2022\/11\/Natalia-Czytajlo.jpg 1110w\" sizes=\"auto, (max-width: 1024px) 100vw, 1024px\" \/><\/a><\/figure>\n\n\n\n<p>Es en estos espacios donde la naturalizaci\u00f3n de las desigualdades y violencias hacia las mujeres y diversidades tienden a reproducirse. As\u00ed lo sostiene Natalia Czytajlo, docente e investigadora del CONICET y el <a href=\"https:\/\/observatoriofau.com.ar\/\" target=\"_blank\" rel=\"noreferrer noopener\">Observatorio de Fen\u00f3menos Urbanos y Territoriales<\/a> en la Universidad Nacional de Tucum\u00e1n (UNT), quien asegura que existe un uso diferencial del espacio atravesado por la categor\u00eda de g\u00e9nero.&nbsp;<\/p>\n\n\n\n<p>\u201cEs una caracter\u00edstica estructural en las ciudades de Am\u00e9rica Latina, que las mujeres sufran de un modo particular las desigualdades.&nbsp; Por ejemplo, son las que se encargan principalmente de las tareas de cuidado, que, desarrolladas en espacios de la periferia, suponen, adem\u00e1s, menores condiciones de acceso a los bienes y servicios que necesitan\u201d, precis\u00f3, en di\u00e1logo con la <strong>Agencia CTyS-UNLaM<\/strong>.<\/p>\n\n\n\n<p>En esa l\u00ednea, asegur\u00f3 tambi\u00e9n que diversos <a rel=\"noreferrer noopener\" href=\"https:\/\/revistas.flacsoandes.edu.ec\/iconos\/article\/view\/5232\/4062\" target=\"_blank\">estudios recientes<\/a> para el caso de Tucum\u00e1n muestran que existen desigualdades en el uso de los medios de movilidad, ya que la mayor\u00eda de las licencias de conducir est\u00e1n en manos de varones, mientras que las mujeres suelen trasladarse m\u00e1s a pie o en transporte p\u00fablico y lo hacen en horarios de mayor circulaci\u00f3n de personas, evitando las horas nocturnas.<\/p>\n\n\n\n<p><strong>Transitar las ciudades, un desaf\u00edo con riesgos<\/strong><\/p>\n\n\n\n<p>El espacio p\u00fablico est\u00e1 formado y modelado por procesos ideol\u00f3gicos. All\u00ed se juegan estructuras de poder que establecen limitaciones que afectan principalmente a las mujeres. \u201cCuando nos referimos a violencias urbanas pueden ser materiales o simb\u00f3licas. Y estas \u00faltimas son omisiones y violencias en tanto restringen derechos de uso y disfrute de la ciudad\u201d, explic\u00f3 la investigadora del CONICET.<\/p>\n\n\n\n<p>Una de ellas es la representatividad en el espacio p\u00fablico. En la Ciudad de Buenos Aires, <a rel=\"noreferrer noopener\" href=\"https:\/\/ri.conicet.gov.ar\/bitstream\/handle\/11336\/166441\/CONICET_Digital_Nro.db97905d-726f-4504-93b7-1ee548a89855_A.pdf?sequence=5&amp;isAllowed=y\" target=\"_blank\">solo el tres por ciento de las 2165 calles llevan nombres de mujeres<\/a>. \u201cLas referencias son generalmente masculinas. No solo en calles sino en edificios p\u00fablicos. Y tambi\u00e9n se hace \u00e9nfasis en los valores masculinos de la lucha y la imposici\u00f3n, entre otros\u201d, puntualiz\u00f3. En cambio, lo que se nombra en femenino remite, en su mayor\u00eda, a mujeres laicas formadoras, santas y v\u00edrgenes. \u201cEsas omisiones van actuando simb\u00f3licamente en el acceso al espacio p\u00fablico\u201d, remarc\u00f3.<\/p>\n\n\n\n<p>Respecto a las violencias materiales, el acoso callejero y la sensaci\u00f3n constante de inseguridad ante la posibilidad de sufrir un episodio de abuso son las principales y los n\u00fameros lo avalan. Seg\u00fan un <a href=\"http:\/\/feim.org.ar\/2022\/07\/21\/feim-presento-el-informe-sobre-acoso-sexual-callejero-en-caba\/\" target=\"_blank\" rel=\"noreferrer noopener\">informe <\/a>de la Fundaci\u00f3n para el Estudio e Investigaci\u00f3n de la Mujer (FEIM), 8 de cada 10 de las mujeres manifestaron haber pasado por alguna situaci\u00f3n de inseguridad en el espacio p\u00fablico en la Ciudad de Buenos Aires. El 45 por ciento se\u00f1al\u00f3 que ten\u00eda en cuenta el horario y el 35 por ciento la presencia de gente a la hora de salir a la calle. Adem\u00e1s, el 95,9 por ciento pasaron por situaciones de acoso en la calle, el 70,3 en el transporte p\u00fablico, y el 63,5 en plazas o parques.&nbsp;<\/p>\n\n\n\n<p>En Tucum\u00e1n, por su parte, hay diversas <a href=\"http:\/\/En Tucum\u00e1n, por su parte, hay diversas investigaciones que dan cuenta de relatos de las mujeres sobre diversos espacios de la ciudad, que remiten a experiencias de incomodidad, a veces de temor o naturalizaci\u00f3n de las estrategias para evitar ciertas situaciones. (Linkear: https:\/\/revistas.uan.edu.co\/index.php\/nodo\/article\/view\/175\/143)\" target=\"_blank\" rel=\"noreferrer noopener\">investigaciones<\/a> que dan cuenta de relatos de las mujeres sobre diversos espacios de la ciudad, que remiten a experiencias de incomodidad, a veces de temor o naturalizaci\u00f3n de las estrategias para evitar ciertas situaciones.<\/p>\n\n\n\n<p>\u201cHay espacios que en determinada hora quedan sin actividad y act\u00faan negativamente en el uso de ese lugar con tranquilidad. Esto determina cambiar el recorrido o pensar la vestimenta, y es importante destacar que son violencias porque restringen el uso del espacio. Eso est\u00e1 modific\u00e1ndose, porque las mujeres est\u00e1n apropi\u00e1ndose de ese espacio, pero no sin riesgos\u201d, argument\u00f3 Czytajlo.<\/p>\n\n\n\n<p><strong>Ciudades amigables<\/strong><\/p>\n\n\n\n<p>Para la investigadora del Observatorio de Fen\u00f3menos Urbanos y Territoriales de la UNT, se pueden implementar varias acciones enmarcadas en pol\u00edticas de dise\u00f1o urbano que contribuir\u00edan a disminuir situaciones de violencia. \u201cTenemos que lograr ciudades m\u00e1s amigables con el uso de la calle. Una estrategia es la diversidad de usos comerciales, residenciales o de servicios, propuestas ya por la divulgadora cient\u00edfica y te\u00f3rica del urbanismo, Jane Jacobs, hace m\u00e1s de 40 a\u00f1os, que permiten que haya gente casi todo el tiempo y no espacios que quedan vac\u00edos y se convierten en inseguros\u201d, precis\u00f3.<\/p>\n\n\n\n<p>Otras medidas vinculan a la comunidad y los gobiernos. Son iniciativas en las que se busca favorecer pol\u00edticas que implican a negocios o instituciones en el resguardo inmediato para personas que sufren acoso, trayectos seguros y dispositivos de conocimiento, interpretaci\u00f3n y materializaci\u00f3n de criterios de dise\u00f1o de la ciudad que se pueden ensayar como la iluminaci\u00f3n, l\u00edmites visuales o lugares para pedir ayuda.<\/p>\n\n\n\n<p>Por \u00faltimo, alert\u00f3 sobre la tendencia a que haya m\u00e1s \u201ccondiciones de cerramiento\u201d del espacio privado, lo que genera que \u201cel afuera sea m\u00e1s hostil para las mujeres que lo transitan\u201d. \u201cEstos son puntos que se pueden trabajar desde la gesti\u00f3n urbana y c\u00f3digos de planeamiento, de hecho, hicimos algunas aproximaciones con las colegas del Observatorio desde proyectos e iniciativas recientes, que ponen atenci\u00f3n en esos l\u00edmites para favorecer el uso del espacio con mayor tranquilidad\u201d, concluy\u00f3.<\/p>\n","protected":false},"excerpt":{"rendered":"<p>En el marco del D\u00eda Internacional de la Eliminaci\u00f3n de la Violencia contra las mujeres, Natalia Czytajlo, arquitecta e investigadora del CONICET, analiza c\u00f3mo la violencia funciona como una de las principales limitaciones que enfrentan las mujeres y disidencias al momento de circular por el espacio p\u00fablico. Nuevas pr\u00e1cticas y pol\u00edticas urbanas en clave de&hellip;<\/p>\n","protected":false},"author":1,"featured_media":118403,"comment_status":"open","ping_status":"open","sticky":false,"template":"","format":"standard","meta":{"footnotes":""},"categories":[25],"tags":[5614,2450,38811,38813,38812],"class_list":["post-118402","post","type-post","status-publish","format-standard","has-post-thumbnail","hentry","category-sociedad","tag-conicet","tag-diario-el-sindical","tag-mujeres-y-ciudades","tag-natalia-czytajlo","tag-violencia-urbana"],"_links":{"self":[{"href":"https:\/\/www.elsindical.com.ar\/notas\/wp-json\/wp\/v2\/posts\/118402","targetHints":{"allow":["GET"]}}],"collection":[{"href":"https:\/\/www.elsindical.com.ar\/notas\/wp-json\/wp\/v2\/posts"}],"about":[{"href":"https:\/\/www.elsindical.com.ar\/notas\/wp-json\/wp\/v2\/types\/post"}],"author":[{"embeddable":true,"href":"https:\/\/www.elsindical.com.ar\/notas\/wp-json\/wp\/v2\/users\/1"}],"replies":[{"embeddable":true,"href":"https:\/\/www.elsindical.com.ar\/notas\/wp-json\/wp\/v2\/comments?post=118402"}],"version-history":[{"count":1,"href":"https:\/\/www.elsindical.com.ar\/notas\/wp-json\/wp\/v2\/posts\/118402\/revisions"}],"predecessor-version":[{"id":118405,"href":"https:\/\/www.elsindical.com.ar\/notas\/wp-json\/wp\/v2\/posts\/118402\/revisions\/118405"}],"wp:featuredmedia":[{"embeddable":true,"href":"https:\/\/www.elsindical.com.ar\/notas\/wp-json\/wp\/v2\/media\/118403"}],"wp:attachment":[{"href":"https:\/\/www.elsindical.com.ar\/notas\/wp-json\/wp\/v2\/media?parent=118402"}],"wp:term":[{"taxonomy":"category","embeddable":true,"href":"https:\/\/www.elsindical.com.ar\/notas\/wp-json\/wp\/v2\/categories?post=118402"},{"taxonomy":"post_tag","embeddable":true,"href":"https:\/\/www.elsindical.com.ar\/notas\/wp-json\/wp\/v2\/tags?post=118402"}],"curies":[{"name":"wp","href":"https:\/\/api.w.org\/{rel}","templated":true}]}}