{"id":118399,"date":"2022-11-25T12:02:53","date_gmt":"2022-11-25T15:02:53","guid":{"rendered":"https:\/\/www.elsindical.com.ar\/notas\/?p=118399"},"modified":"2022-11-25T12:02:54","modified_gmt":"2022-11-25T15:02:54","slug":"dia-internacional-de-la-eliminacion-de-la-violencia-contra-la-mujer-un-femicidio-cada-33-horas-segun-la-defensoria-del-pueblo-de-la-nacion","status":"publish","type":"post","link":"https:\/\/www.elsindical.com.ar\/notas\/dia-internacional-de-la-eliminacion-de-la-violencia-contra-la-mujer-un-femicidio-cada-33-horas-segun-la-defensoria-del-pueblo-de-la-nacion\/","title":{"rendered":"D\u00eda Internacional de la Eliminaci\u00f3n de la Violencia contra la Mujer: Un femicidio cada 33 horas seg\u00fan la Defensor\u00eda del Pueblo de la Naci\u00f3n"},"content":{"rendered":"<div class=\"wp-block-image\">\n<figure class=\"aligncenter size-full is-resized\"><a href=\"https:\/\/www.elsindical.com.ar\/notas\/var\/www\/html\/notas\/wp-content\/uploads\/2022\/11\/Total-de-femicidios.jpeg\"><img loading=\"lazy\" decoding=\"async\" src=\"https:\/\/www.elsindical.com.ar\/notas\/var\/www\/html\/notas\/wp-content\/uploads\/2022\/11\/Total-de-femicidios.jpeg\" alt=\"\" class=\"wp-image-118400\" width=\"551\" height=\"340\" srcset=\"https:\/\/www.elsindical.com.ar\/notas\/var\/www\/html\/notas\/wp-content\/uploads\/2022\/11\/Total-de-femicidios.jpeg 400w, https:\/\/www.elsindical.com.ar\/notas\/var\/www\/html\/notas\/wp-content\/uploads\/2022\/11\/Total-de-femicidios-300x185.jpeg 300w\" sizes=\"auto, (max-width: 551px) 100vw, 551px\" \/><\/a><\/figure>\n<\/div>\n\n\n<p><em>En el D\u00eda Internacional de la Eliminaci\u00f3n de la Violencia contra la Mujer, como cada 25 de noviembre, el Observatorio de Femicidios de la Defensor\u00eda del Pueblo de la Naci\u00f3n public\u00f3 las cifras preliminares de los femicidios ocurridos en Argentina hasta el 15 de noviembre de 2022.\u00a0<\/em><\/p>\n\n\n\n<p>Se registraron 231 femicidios que incluyen 190 femicidios directos, 22 vinculados, 6 personas Trans y 13 suicidios feminicidas.&nbsp;<\/p>\n\n\n\n<p>Este observatorio fue el primero en incluir y desarrollar el concepto de suicidios feminicidas e insiste en visibilizarlos. Se producen cuando se comprueba que las mujeres se quitan la vida como consecuencia de los abusos sistem\u00e1ticos y la violencia de g\u00e9nero que sufrieron.<\/p>\n\n\n\n<p>Aunque la cifra de femicidios contin\u00faa siendo preocupante, se pudo percibir una leve disminuci\u00f3n de la cantidad de casos de femicidios directos, vinculados y transfemicidios en en relaci\u00f3n con el 2020 y el 2021. No as\u00ed en los casos de suicidio feminicida, que contin\u00faan en ascenso: durante el mismo per\u00edodo del a\u00f1o 2020, se contabilizaron 2 casos y en 2021 se registraron 11 casos.&nbsp;<\/p>\n\n\n\n<p>El promedio total recuenta 5 femicidios por semana. En el 64% de los casos el hecho ocurri\u00f3 en la vivienda de la v\u00edctima o el domicilio compartido con el victimario; y en un 80% se comprob\u00f3 la existencia de una relaci\u00f3n preexistente entre la v\u00edctima y el victimario.<\/p>\n\n\n\n<p>Adem\u00e1s se registraron 179 ni\u00f1as y ni\u00f1os que se quedaron sin sus madres porque fueron v\u00edctimas de femicidio, algunas de estas v\u00edctimas colaterales fueron testigos presenciales de los hechos.<\/p>\n\n\n\n<p>El 18,1% de las v\u00edctimas realiz\u00f3 al menos una denuncia por violencia de g\u00e9nero previamente al femicidio. Estas muertes de mujeres se podr\u00edan haber evitado si los dispositivos de protecci\u00f3n hubieran funcionado correctamente. Tambi\u00e9n, muchas de las familias de las v\u00edctimas reclaman que las mujeres fueron ignoradas en m\u00faltiples ocasiones al intentar denunciar a sus agresores.&nbsp;<\/p>\n\n\n\n<p>El apu\u00f1alamiento, uso de armas de fuego y los golpes fueron los m\u00e9todos m\u00e1s empleados para cometer los femicidios. 13 mujeres fueron violadas antes de ser asesinadas.<\/p>\n\n\n\n<p>En cuanto a la distribuci\u00f3n geogr\u00e1fica: el mapeo del relevamiento indica que Tierra del Fuego encabeza la lista de provincias con m\u00e1s femicidios, en proporci\u00f3n con su poblaci\u00f3n, seguida por Santa F\u00e9, Jujuy, Santiago del Estero y La Pampa.<\/p>\n\n\n\n<ul class=\"wp-block-list\">\n<li><a rel=\"noreferrer noopener\" target=\"_blank\" href=\"https:\/\/www.dpn.gob.ar\/documentos\/20221125_32850_558522.pdf\">&nbsp;Informe Parcial Observatorio de Femicidios<\/a><\/li>\n<\/ul>\n","protected":false},"excerpt":{"rendered":"<p>En el D\u00eda Internacional de la Eliminaci\u00f3n de la Violencia contra la Mujer, como cada 25 de noviembre, el Observatorio de Femicidios de la Defensor\u00eda del Pueblo de la Naci\u00f3n public\u00f3 las cifras preliminares de los femicidios ocurridos en Argentina hasta el 15 de noviembre de 2022.\u00a0 Se registraron 231 femicidios que incluyen 190 femicidios&hellip;<\/p>\n","protected":false},"author":1,"featured_media":118400,"comment_status":"open","ping_status":"open","sticky":false,"template":"","format":"standard","meta":{"footnotes":""},"categories":[25],"tags":[127,14704,2450,30510,25338,6652],"class_list":["post-118399","post","type-post","status-publish","format-standard","has-post-thumbnail","hentry","category-sociedad","tag-argentina","tag-defensoria-del-pueblo-de-la-nacion","tag-diario-el-sindical","tag-estadisticas-2","tag-femicidios","tag-suicidios"],"_links":{"self":[{"href":"https:\/\/www.elsindical.com.ar\/notas\/wp-json\/wp\/v2\/posts\/118399","targetHints":{"allow":["GET"]}}],"collection":[{"href":"https:\/\/www.elsindical.com.ar\/notas\/wp-json\/wp\/v2\/posts"}],"about":[{"href":"https:\/\/www.elsindical.com.ar\/notas\/wp-json\/wp\/v2\/types\/post"}],"author":[{"embeddable":true,"href":"https:\/\/www.elsindical.com.ar\/notas\/wp-json\/wp\/v2\/users\/1"}],"replies":[{"embeddable":true,"href":"https:\/\/www.elsindical.com.ar\/notas\/wp-json\/wp\/v2\/comments?post=118399"}],"version-history":[{"count":1,"href":"https:\/\/www.elsindical.com.ar\/notas\/wp-json\/wp\/v2\/posts\/118399\/revisions"}],"predecessor-version":[{"id":118401,"href":"https:\/\/www.elsindical.com.ar\/notas\/wp-json\/wp\/v2\/posts\/118399\/revisions\/118401"}],"wp:featuredmedia":[{"embeddable":true,"href":"https:\/\/www.elsindical.com.ar\/notas\/wp-json\/wp\/v2\/media\/118400"}],"wp:attachment":[{"href":"https:\/\/www.elsindical.com.ar\/notas\/wp-json\/wp\/v2\/media?parent=118399"}],"wp:term":[{"taxonomy":"category","embeddable":true,"href":"https:\/\/www.elsindical.com.ar\/notas\/wp-json\/wp\/v2\/categories?post=118399"},{"taxonomy":"post_tag","embeddable":true,"href":"https:\/\/www.elsindical.com.ar\/notas\/wp-json\/wp\/v2\/tags?post=118399"}],"curies":[{"name":"wp","href":"https:\/\/api.w.org\/{rel}","templated":true}]}}