{"id":118396,"date":"2022-11-25T11:33:25","date_gmt":"2022-11-25T14:33:25","guid":{"rendered":"https:\/\/www.elsindical.com.ar\/notas\/?p=118396"},"modified":"2022-11-25T11:34:05","modified_gmt":"2022-11-25T14:34:05","slug":"convocan-a-tribunales-para-reclamar-justicia-ante-femicidios-y-violencia-de-genero","status":"publish","type":"post","link":"https:\/\/www.elsindical.com.ar\/notas\/convocan-a-tribunales-para-reclamar-justicia-ante-femicidios-y-violencia-de-genero\/","title":{"rendered":"Convocan a Tribunales para reclamar justicia ante femicidios y violencia de g\u00e9nero"},"content":{"rendered":"\n<figure class=\"wp-block-image size-full\"><a href=\"https:\/\/www.elsindical.com.ar\/notas\/var\/www\/html\/notas\/wp-content\/uploads\/2022\/11\/Ni-una-menos-reclamo-en-Tribunales.jpg\"><img loading=\"lazy\" decoding=\"async\" width=\"853\" height=\"853\" src=\"https:\/\/www.elsindical.com.ar\/notas\/var\/www\/html\/notas\/wp-content\/uploads\/2022\/11\/Ni-una-menos-reclamo-en-Tribunales.jpg\" alt=\"\" class=\"wp-image-118397\" srcset=\"https:\/\/www.elsindical.com.ar\/notas\/var\/www\/html\/notas\/wp-content\/uploads\/2022\/11\/Ni-una-menos-reclamo-en-Tribunales.jpg 853w, https:\/\/www.elsindical.com.ar\/notas\/var\/www\/html\/notas\/wp-content\/uploads\/2022\/11\/Ni-una-menos-reclamo-en-Tribunales-300x300.jpg 300w, https:\/\/www.elsindical.com.ar\/notas\/var\/www\/html\/notas\/wp-content\/uploads\/2022\/11\/Ni-una-menos-reclamo-en-Tribunales-150x150.jpg 150w, https:\/\/www.elsindical.com.ar\/notas\/var\/www\/html\/notas\/wp-content\/uploads\/2022\/11\/Ni-una-menos-reclamo-en-Tribunales-768x768.jpg 768w, https:\/\/www.elsindical.com.ar\/notas\/var\/www\/html\/notas\/wp-content\/uploads\/2022\/11\/Ni-una-menos-reclamo-en-Tribunales-50x50.jpg 50w\" sizes=\"auto, (max-width: 853px) 100vw, 853px\" \/><\/a><\/figure>\n\n\n\n<p>En el D\u00eda internacional en repudio a las violencias contra mujeres, lesbianas, travestis, trans, no binaries e intersex habr\u00e1 una manifestaci\u00f3n bajo la consigna \u201cbasta de justicia patriarcal y racista\u201d.<\/p>\n\n\n\n<p>El colectivo feminista Ni Una Menos, acompa\u00f1ado por organizaciones pol\u00edticas y sociales, se concentrar\u00e1 esta tarde frente al Palacio de Tribunales bajo la consigna \u201cbasta de justicia patriarcal y racista\u201d, y para reclamar justicia ante los femicidios y los hechos de violencia de g\u00e9nero.<\/p>\n\n\n\n<p>La manifestaci\u00f3n -convocada para las 17 frente a la sede judicial ubicada en la calle Talcahuano al 500 del centro porte\u00f1o- que se realizar\u00e1 en el marco del <a href=\"https:\/\/www.un.org\/es\/observances\/ending-violence-against-women-day\" target=\"_blank\" rel=\"noreferrer noopener\">D\u00eda Internacional para Eliminar la Violencia contra la Mujer<\/a> que se conmemora este viernes.<\/p>\n\n\n\n<p>Entre los principales reclamos, se destaca que \u201cel sistema judicial respalda a trav\u00e9s de la jueza Silvina Dom\u00ednguez que cuatro mujeres mapuche contin\u00faen presas\u201d, y que \u201cmantiene a \u2018La China\u2019 presa en Ezeiza por un \u2018evento obst\u00e9trico\u2019 aun cuando tenemos ley de aborto\u201d.<\/p>\n\n\n\n<p>Tambi\u00e9n, las organizaciones convocantes denunciaron que \u201cel sistema judicial protege y sostiene las ra\u00edces m\u00e1s profundas del patriarcado, protegiendo a abusadores de ni\u00f1es, persiguiendo a las que denuncian, haciendo de les ni\u00f1es objetos de propiedad\u201d.<\/p>\n\n\n\n<p>\u201cEl 25 de noviembre volvemos a la calle para denunciar todas las violencias por razones de g\u00e9nero. Esta semana se confirm\u00f3 el femicidio de Susana C\u00e1ceres en Moreno que era buscada por sus familiares\u201d, se\u00f1alaron desde el colectivo Ni Una Menos a trav\u00e9s de la red social Instagram.<\/p>\n\n\n\n<p>En ese sentido, agregaron que \u201ctodav\u00eda nos falta Tehuel y todos los d\u00edas la violencia patriarcal precariza todav\u00eda m\u00e1s la vida de quienes atienden la urgencia en los barrios\u201d.<\/p>\n\n\n\n<p>Por este motivo, llamaron a marchar, \u201cporque no hay justicia para nosotras y nosotres\u201d.<\/p>\n","protected":false},"excerpt":{"rendered":"<p>En el D\u00eda internacional en repudio a las violencias contra mujeres, lesbianas, travestis, trans, no binaries e intersex habr\u00e1 una manifestaci\u00f3n bajo la consigna \u201cbasta de justicia patriarcal y racista\u201d. El colectivo feminista Ni Una Menos, acompa\u00f1ado por organizaciones pol\u00edticas y sociales, se concentrar\u00e1 esta tarde frente al Palacio de Tribunales bajo la consigna \u201cbasta&hellip;<\/p>\n","protected":false},"author":1,"featured_media":118397,"comment_status":"open","ping_status":"open","sticky":false,"template":"","format":"standard","meta":{"footnotes":""},"categories":[25],"tags":[2450,25338,292,1112],"class_list":["post-118396","post","type-post","status-publish","format-standard","has-post-thumbnail","hentry","category-sociedad","tag-diario-el-sindical","tag-femicidios","tag-protesta","tag-tribunales"],"_links":{"self":[{"href":"https:\/\/www.elsindical.com.ar\/notas\/wp-json\/wp\/v2\/posts\/118396","targetHints":{"allow":["GET"]}}],"collection":[{"href":"https:\/\/www.elsindical.com.ar\/notas\/wp-json\/wp\/v2\/posts"}],"about":[{"href":"https:\/\/www.elsindical.com.ar\/notas\/wp-json\/wp\/v2\/types\/post"}],"author":[{"embeddable":true,"href":"https:\/\/www.elsindical.com.ar\/notas\/wp-json\/wp\/v2\/users\/1"}],"replies":[{"embeddable":true,"href":"https:\/\/www.elsindical.com.ar\/notas\/wp-json\/wp\/v2\/comments?post=118396"}],"version-history":[{"count":1,"href":"https:\/\/www.elsindical.com.ar\/notas\/wp-json\/wp\/v2\/posts\/118396\/revisions"}],"predecessor-version":[{"id":118398,"href":"https:\/\/www.elsindical.com.ar\/notas\/wp-json\/wp\/v2\/posts\/118396\/revisions\/118398"}],"wp:featuredmedia":[{"embeddable":true,"href":"https:\/\/www.elsindical.com.ar\/notas\/wp-json\/wp\/v2\/media\/118397"}],"wp:attachment":[{"href":"https:\/\/www.elsindical.com.ar\/notas\/wp-json\/wp\/v2\/media?parent=118396"}],"wp:term":[{"taxonomy":"category","embeddable":true,"href":"https:\/\/www.elsindical.com.ar\/notas\/wp-json\/wp\/v2\/categories?post=118396"},{"taxonomy":"post_tag","embeddable":true,"href":"https:\/\/www.elsindical.com.ar\/notas\/wp-json\/wp\/v2\/tags?post=118396"}],"curies":[{"name":"wp","href":"https:\/\/api.w.org\/{rel}","templated":true}]}}