{"id":118261,"date":"2022-11-20T02:33:49","date_gmt":"2022-11-20T05:33:49","guid":{"rendered":"https:\/\/www.elsindical.com.ar\/notas\/?p=118261"},"modified":"2022-11-20T02:35:18","modified_gmt":"2022-11-20T05:35:18","slug":"ya-llega-buenos-aires-bz","status":"publish","type":"post","link":"https:\/\/www.elsindical.com.ar\/notas\/ya-llega-buenos-aires-bz\/","title":{"rendered":"Ya llega Buenos Aires BZ"},"content":{"rendered":"<div class=\"wp-block-image\">\n<figure class=\"aligncenter size-large\"><a href=\"https:\/\/www.elsindical.com.ar\/notas\/var\/www\/html\/notas\/wp-content\/uploads\/2022\/11\/Buenos-Aires-BZ-Flyer.jpg\"><img loading=\"lazy\" decoding=\"async\" width=\"819\" height=\"1024\" src=\"https:\/\/www.elsindical.com.ar\/notas\/var\/www\/html\/notas\/wp-content\/uploads\/2022\/11\/Buenos-Aires-BZ-Flyer-819x1024.jpg\" alt=\"\" class=\"wp-image-118262\" srcset=\"https:\/\/www.elsindical.com.ar\/notas\/var\/www\/html\/notas\/wp-content\/uploads\/2022\/11\/Buenos-Aires-BZ-Flyer-819x1024.jpg 819w, https:\/\/www.elsindical.com.ar\/notas\/var\/www\/html\/notas\/wp-content\/uploads\/2022\/11\/Buenos-Aires-BZ-Flyer-240x300.jpg 240w, https:\/\/www.elsindical.com.ar\/notas\/var\/www\/html\/notas\/wp-content\/uploads\/2022\/11\/Buenos-Aires-BZ-Flyer-768x960.jpg 768w, https:\/\/www.elsindical.com.ar\/notas\/var\/www\/html\/notas\/wp-content\/uploads\/2022\/11\/Buenos-Aires-BZ-Flyer.jpg 1080w\" sizes=\"auto, (max-width: 819px) 100vw, 819px\" \/><\/a><\/figure>\n<\/div>\n\n\n<p class=\"wp-block-paragraph\"><img loading=\"lazy\" decoding=\"async\" alt=\"?\" src=\"https:\/\/static.xx.fbcdn.net\/images\/emoji.php\/v9\/t6c\/1\/16\/1f4aa.png\" width=\"16\" height=\"16\"><img loading=\"lazy\" decoding=\"async\" alt=\"?\" src=\"https:\/\/static.xx.fbcdn.net\/images\/emoji.php\/v9\/t44\/1\/16\/1f480.png\" width=\"16\" height=\"16\"> Presentando a 2 personajes claves, tanto del libro, como de la pel\u00edcula. Ambos, interpretados por dos actores muy queridos para m\u00ed, excelentes profesionales reconocidos del genero terror en Argentina.<\/p>\n\n\n\n<p class=\"wp-block-paragraph\"><img loading=\"lazy\" decoding=\"async\" alt=\"?\" src=\"https:\/\/static.xx.fbcdn.net\/images\/emoji.php\/v9\/t51\/1\/16\/1f449.png\" width=\"16\" height=\"16\"> Daniel Calder\u00f3n, personificado por el n\u00famero 1 <a href=\"https:\/\/www.instagram.com\/_u\/chuchofernandezoficial?fbclid=IwAR0EL9D7JFsBmRt8EXRfJKn8zCDUwu7Kd9QTVPuXM6n10L-lm0XZAA7gBbI\" rel=\"noreferrer noopener\" target=\"_blank\">@chuchofernandezoficial<\/a><\/p>\n\n\n\n<p class=\"wp-block-paragraph\"><img loading=\"lazy\" decoding=\"async\" alt=\"?\" src=\"https:\/\/static.xx.fbcdn.net\/images\/emoji.php\/v9\/t51\/1\/16\/1f449.png\" width=\"16\" height=\"16\"> Solange Calder\u00f3n, interpretada por la gran actriz y excelente amiga <a href=\"https:\/\/www.instagram.com\/_u\/vane_korrales?fbclid=IwAR20yg-9juGVKuCZc5epyvipcZdiY_cJj50czfDADB2w8-Q4_PcOhFLICww\" rel=\"noreferrer noopener\" target=\"_blank\">@vane_korrales<\/a><\/p>\n\n\n\n<p class=\"wp-block-paragraph\">Se viene el Avant Premiere y estreno de la primera superproducci\u00f3n zombie nacional.<br>Pr\u00f3ximamente, en todos los cines!!!<\/p>\n\n\n\n<figure class=\"wp-block-embed is-type-video is-provider-youtube wp-block-embed-youtube wp-embed-aspect-16-9 wp-has-aspect-ratio\"><div class=\"wp-block-embed__wrapper\">\n<iframe loading=\"lazy\" title=\"Julio Rembado presenta la superproducci\u00f3n nacional BZ Argentina\" width=\"700\" height=\"394\" src=\"https:\/\/www.youtube.com\/embed\/b83wq1Sf6YU?feature=oembed\" frameborder=\"0\" allow=\"accelerometer; autoplay; clipboard-write; encrypted-media; gyroscope; picture-in-picture\" allowfullscreen><\/iframe>\n<\/div><\/figure>\n","protected":false},"excerpt":{"rendered":"<p>Presentando a 2 personajes claves, tanto del libro, como de la pel\u00edcula. Ambos, interpretados por dos actores muy queridos para m\u00ed, excelentes profesionales reconocidos del genero terror en Argentina. Daniel Calder\u00f3n, personificado por el n\u00famero 1 @chuchofernandezoficial Solange Calder\u00f3n, interpretada por la gran actriz y excelente amiga @vane_korrales Se viene el Avant Premiere y estreno&hellip;<\/p>\n","protected":false},"author":1,"featured_media":118262,"comment_status":"open","ping_status":"open","sticky":false,"template":"","format":"standard","meta":{"footnotes":""},"categories":[15],"tags":[38745,38746,38750,5912,2450,38749,38747,18213,38751,38748],"class_list":["post-118261","post","type-post","status-publish","format-standard","has-post-thumbnail","hentry","category-espectaculos","tag-buenos-aires-bz","tag-bz2023","tag-chucho-fernandez","tag-cine","tag-diario-el-sindical","tag-julio-a-rembado","tag-superproduccion","tag-terror","tag-vane-korrales","tag-zombies"],"_links":{"self":[{"href":"https:\/\/www.elsindical.com.ar\/notas\/wp-json\/wp\/v2\/posts\/118261","targetHints":{"allow":["GET"]}}],"collection":[{"href":"https:\/\/www.elsindical.com.ar\/notas\/wp-json\/wp\/v2\/posts"}],"about":[{"href":"https:\/\/www.elsindical.com.ar\/notas\/wp-json\/wp\/v2\/types\/post"}],"author":[{"embeddable":true,"href":"https:\/\/www.elsindical.com.ar\/notas\/wp-json\/wp\/v2\/users\/1"}],"replies":[{"embeddable":true,"href":"https:\/\/www.elsindical.com.ar\/notas\/wp-json\/wp\/v2\/comments?post=118261"}],"version-history":[{"count":1,"href":"https:\/\/www.elsindical.com.ar\/notas\/wp-json\/wp\/v2\/posts\/118261\/revisions"}],"predecessor-version":[{"id":118263,"href":"https:\/\/www.elsindical.com.ar\/notas\/wp-json\/wp\/v2\/posts\/118261\/revisions\/118263"}],"wp:featuredmedia":[{"embeddable":true,"href":"https:\/\/www.elsindical.com.ar\/notas\/wp-json\/wp\/v2\/media\/118262"}],"wp:attachment":[{"href":"https:\/\/www.elsindical.com.ar\/notas\/wp-json\/wp\/v2\/media?parent=118261"}],"wp:term":[{"taxonomy":"category","embeddable":true,"href":"https:\/\/www.elsindical.com.ar\/notas\/wp-json\/wp\/v2\/categories?post=118261"},{"taxonomy":"post_tag","embeddable":true,"href":"https:\/\/www.elsindical.com.ar\/notas\/wp-json\/wp\/v2\/tags?post=118261"}],"curies":[{"name":"wp","href":"https:\/\/api.w.org\/{rel}","templated":true}]}}