{"id":118159,"date":"2022-11-17T09:40:17","date_gmt":"2022-11-17T12:40:17","guid":{"rendered":"https:\/\/www.elsindical.com.ar\/notas\/?p=118159"},"modified":"2022-11-17T09:40:18","modified_gmt":"2022-11-17T12:40:18","slug":"quilmes-policia-abatio-a-un-delincuente","status":"publish","type":"post","link":"https:\/\/www.elsindical.com.ar\/notas\/quilmes-policia-abatio-a-un-delincuente\/","title":{"rendered":"Quilmes: Polic\u00eda abati\u00f3 a un delincuente"},"content":{"rendered":"<div class=\"wp-block-image\">\n<figure class=\"aligncenter size-full\"><a href=\"https:\/\/www.elsindical.com.ar\/notas\/var\/www\/html\/notas\/wp-content\/uploads\/2022\/11\/Calchaqui-y-Bermejo-Quilmes.jpg\"><img loading=\"lazy\" decoding=\"async\" width=\"642\" height=\"802\" src=\"https:\/\/www.elsindical.com.ar\/notas\/var\/www\/html\/notas\/wp-content\/uploads\/2022\/11\/Calchaqui-y-Bermejo-Quilmes.jpg\" alt=\"\" class=\"wp-image-118160\" srcset=\"https:\/\/www.elsindical.com.ar\/notas\/var\/www\/html\/notas\/wp-content\/uploads\/2022\/11\/Calchaqui-y-Bermejo-Quilmes.jpg 642w, https:\/\/www.elsindical.com.ar\/notas\/var\/www\/html\/notas\/wp-content\/uploads\/2022\/11\/Calchaqui-y-Bermejo-Quilmes-240x300.jpg 240w\" sizes=\"auto, (max-width: 642px) 100vw, 642px\" \/><\/a><\/figure>\n<\/div>\n\n\n<p>Hay un delincuente muerto y otro baleado en grave estado tras persecuci\u00f3n. Fue cuando un m\u00f3vil quiso identificar a dos ocupantes de un Audi en Calchaqu\u00ed y Bermejo, y \u00e9stos respondieron a los tiros huyendo. En Calchaqu\u00ed y 12 de Octubre termin\u00f3 la persecuci\u00f3n con un ladr\u00f3n abatido. Las pericias contin\u00faan.<br><br>Dentro del auto hab\u00eda una pistola autom\u00e1tica cal. 40, 126mil pesos, 100 euros, 100 reales y una barreta. El auto ser\u00eda mellizo ya que no ten\u00eda impedimento legal seg\u00fan su patente. Los delincuentes vendr\u00edan de cometer una entradera.<\/p>\n","protected":false},"excerpt":{"rendered":"<p>Hay un delincuente muerto y otro baleado en grave estado tras persecuci\u00f3n. Fue cuando un m\u00f3vil quiso identificar a dos ocupantes de un Audi en Calchaqu\u00ed y Bermejo, y \u00e9stos respondieron a los tiros huyendo. En Calchaqu\u00ed y 12 de Octubre termin\u00f3 la persecuci\u00f3n con un ladr\u00f3n abatido. Las pericias contin\u00faan. Dentro del auto hab\u00eda&hellip;<\/p>\n","protected":false},"author":1,"featured_media":118160,"comment_status":"open","ping_status":"open","sticky":false,"template":"","format":"standard","meta":{"footnotes":""},"categories":[22],"tags":[6246,2450,30,684,238],"class_list":["post-118159","post","type-post","status-publish","format-standard","has-post-thumbnail","hentry","category-policiales","tag-audi","tag-diario-el-sindical","tag-policia","tag-quilmes","tag-tiroteo"],"_links":{"self":[{"href":"https:\/\/www.elsindical.com.ar\/notas\/wp-json\/wp\/v2\/posts\/118159","targetHints":{"allow":["GET"]}}],"collection":[{"href":"https:\/\/www.elsindical.com.ar\/notas\/wp-json\/wp\/v2\/posts"}],"about":[{"href":"https:\/\/www.elsindical.com.ar\/notas\/wp-json\/wp\/v2\/types\/post"}],"author":[{"embeddable":true,"href":"https:\/\/www.elsindical.com.ar\/notas\/wp-json\/wp\/v2\/users\/1"}],"replies":[{"embeddable":true,"href":"https:\/\/www.elsindical.com.ar\/notas\/wp-json\/wp\/v2\/comments?post=118159"}],"version-history":[{"count":1,"href":"https:\/\/www.elsindical.com.ar\/notas\/wp-json\/wp\/v2\/posts\/118159\/revisions"}],"predecessor-version":[{"id":118161,"href":"https:\/\/www.elsindical.com.ar\/notas\/wp-json\/wp\/v2\/posts\/118159\/revisions\/118161"}],"wp:featuredmedia":[{"embeddable":true,"href":"https:\/\/www.elsindical.com.ar\/notas\/wp-json\/wp\/v2\/media\/118160"}],"wp:attachment":[{"href":"https:\/\/www.elsindical.com.ar\/notas\/wp-json\/wp\/v2\/media?parent=118159"}],"wp:term":[{"taxonomy":"category","embeddable":true,"href":"https:\/\/www.elsindical.com.ar\/notas\/wp-json\/wp\/v2\/categories?post=118159"},{"taxonomy":"post_tag","embeddable":true,"href":"https:\/\/www.elsindical.com.ar\/notas\/wp-json\/wp\/v2\/tags?post=118159"}],"curies":[{"name":"wp","href":"https:\/\/api.w.org\/{rel}","templated":true}]}}