{"id":118155,"date":"2022-11-17T08:50:20","date_gmt":"2022-11-17T11:50:20","guid":{"rendered":"https:\/\/www.elsindical.com.ar\/notas\/?p=118155"},"modified":"2022-11-17T08:51:08","modified_gmt":"2022-11-17T11:51:08","slug":"farmacias-bonaerenses-en-alerta","status":"publish","type":"post","link":"https:\/\/www.elsindical.com.ar\/notas\/farmacias-bonaerenses-en-alerta\/","title":{"rendered":"Farmacias bonaerenses en alerta"},"content":{"rendered":"\n<figure class=\"wp-block-image size-full\"><a href=\"https:\/\/www.elsindical.com.ar\/notas\/var\/www\/html\/notas\/wp-content\/uploads\/2022\/11\/farmacias-generico-3.jpg\"><img loading=\"lazy\" decoding=\"async\" width=\"1024\" height=\"576\" src=\"https:\/\/www.elsindical.com.ar\/notas\/var\/www\/html\/notas\/wp-content\/uploads\/2022\/11\/farmacias-generico-3.jpg\" alt=\"\" class=\"wp-image-118156\" srcset=\"https:\/\/www.elsindical.com.ar\/notas\/var\/www\/html\/notas\/wp-content\/uploads\/2022\/11\/farmacias-generico-3.jpg 1024w, https:\/\/www.elsindical.com.ar\/notas\/var\/www\/html\/notas\/wp-content\/uploads\/2022\/11\/farmacias-generico-3-300x169.jpg 300w, https:\/\/www.elsindical.com.ar\/notas\/var\/www\/html\/notas\/wp-content\/uploads\/2022\/11\/farmacias-generico-3-768x432.jpg 768w, https:\/\/www.elsindical.com.ar\/notas\/var\/www\/html\/notas\/wp-content\/uploads\/2022\/11\/farmacias-generico-3-500x281.jpg 500w, https:\/\/www.elsindical.com.ar\/notas\/var\/www\/html\/notas\/wp-content\/uploads\/2022\/11\/farmacias-generico-3-460x260.jpg 460w\" sizes=\"auto, (max-width: 1024px) 100vw, 1024px\" \/><\/a><figcaption class=\"wp-element-caption\">El Colegio de Farmac\u00e9uticos de la Provincia de Buenos Aires advirti\u00f3 que hay riesgo de cierre de miles de farmacias.<\/figcaption><\/figure>\n\n\n\n<p>Miles de farmacias bonaerenses en alerta ante el riesgo de que muchas de ellas vayan a a la quiebra tras denunciar que las obras sociales y las prepagas <strong>no las incluyen en el padr\u00f3n a menos que entreguen parte de su margen de ganancia<\/strong>. \u201cA todos los prestadores nos tienen de rehenes\u201d, denuncian.<\/p>\n\n\n\n<p>\u201cEstamos viviendo un <strong>embate brutal de las obras sociales y prepagas <\/strong>sobre las farmacias\u201d, advirti\u00f3 la presidenta del Colegio de Farmac\u00e9uticos de la provincia de Buenos Aires, Mar\u00eda Isabel Reinoso.<\/p>\n\n\n\n<h2 class=\"wp-block-heading\">Por qu\u00e9 hay farmacias bonaerenses en alerta<\/h2>\n\n\n\n<p>\u201cLas farmacias tienen que entregar parte de su margen de ganancia sino las obras sociales y las prepagas no las incluyen en el padr\u00f3n. A todos los prestadores nos tienen de rehenes. Esa es la realidad al d\u00eda de hoy. Lamentablemente <strong>han puesto a las farmacias en una situaci\u00f3n muy delicada<\/strong>\u201c, se\u00f1al\u00f3 Reinoso.<\/p>\n\n\n\n<p>En este sentido, fuentes period\u00edsticas se\u00f1alaron que los laboratorios que venden a farmacias con <strong>descuentos comerciales del 12 por ciento, comenzar\u00e1n a bajarlo al 7<\/strong>, provocando una reducci\u00f3n en los m\u00e1rgenes de ganancia de los farmac\u00e9uticos.<\/p>\n\n\n\n<p>Al respecto, Reinoso aclar\u00f3 que \u201cpor ahora los descuentos no bajaron\u201d pero reiter\u00f3 la necesidad de \u201ccorregir la situaci\u00f3n\u201d.<\/p>\n\n\n\n<p>\u201cHay que sumar que <strong>las obras sociales y prepagas adem\u00e1s pagan en t\u00e9rminos que no est\u00e1n acordes con el plazo que la farmacia paga los medicamentos<\/strong>\u201c, recalc\u00f3.<\/p>\n\n\n\n<p>Seg\u00fan la directiva del colegio, este problema afecta a\u00fan m\u00e1s en el conurbano: \u201cLas farmacias son pymes chicas y medianas. Si no se corrige el tema de las cadenas, provocar\u00e1 <strong>un problema de concentraci\u00f3n brutal y la falta de acceso al medicamento <\/strong>por parte de los pacientes\u201d, concluy\u00f3.<\/p>\n","protected":false},"excerpt":{"rendered":"<p>Miles de farmacias bonaerenses en alerta ante el riesgo de que muchas de ellas vayan a a la quiebra tras denunciar que las obras sociales y las prepagas no las incluyen en el padr\u00f3n a menos que entreguen parte de su margen de ganancia. \u201cA todos los prestadores nos tienen de rehenes\u201d, denuncian. \u201cEstamos viviendo&hellip;<\/p>\n","protected":false},"author":1,"featured_media":118156,"comment_status":"open","ping_status":"open","sticky":false,"template":"","format":"standard","meta":{"footnotes":""},"categories":[9],"tags":[38703,2450,9566,2429],"class_list":["post-118155","post","type-post","status-publish","format-standard","has-post-thumbnail","hentry","category-economia","tag-colegio-de-farmaceuticos-de-la-provincia-de-buenos-aires","tag-diario-el-sindical","tag-farmacias","tag-quiebra"],"_links":{"self":[{"href":"https:\/\/www.elsindical.com.ar\/notas\/wp-json\/wp\/v2\/posts\/118155","targetHints":{"allow":["GET"]}}],"collection":[{"href":"https:\/\/www.elsindical.com.ar\/notas\/wp-json\/wp\/v2\/posts"}],"about":[{"href":"https:\/\/www.elsindical.com.ar\/notas\/wp-json\/wp\/v2\/types\/post"}],"author":[{"embeddable":true,"href":"https:\/\/www.elsindical.com.ar\/notas\/wp-json\/wp\/v2\/users\/1"}],"replies":[{"embeddable":true,"href":"https:\/\/www.elsindical.com.ar\/notas\/wp-json\/wp\/v2\/comments?post=118155"}],"version-history":[{"count":1,"href":"https:\/\/www.elsindical.com.ar\/notas\/wp-json\/wp\/v2\/posts\/118155\/revisions"}],"predecessor-version":[{"id":118157,"href":"https:\/\/www.elsindical.com.ar\/notas\/wp-json\/wp\/v2\/posts\/118155\/revisions\/118157"}],"wp:featuredmedia":[{"embeddable":true,"href":"https:\/\/www.elsindical.com.ar\/notas\/wp-json\/wp\/v2\/media\/118156"}],"wp:attachment":[{"href":"https:\/\/www.elsindical.com.ar\/notas\/wp-json\/wp\/v2\/media?parent=118155"}],"wp:term":[{"taxonomy":"category","embeddable":true,"href":"https:\/\/www.elsindical.com.ar\/notas\/wp-json\/wp\/v2\/categories?post=118155"},{"taxonomy":"post_tag","embeddable":true,"href":"https:\/\/www.elsindical.com.ar\/notas\/wp-json\/wp\/v2\/tags?post=118155"}],"curies":[{"name":"wp","href":"https:\/\/api.w.org\/{rel}","templated":true}]}}