{"id":118146,"date":"2022-11-17T08:24:04","date_gmt":"2022-11-17T11:24:04","guid":{"rendered":"https:\/\/www.elsindical.com.ar\/notas\/?p=118146"},"modified":"2022-11-17T08:25:02","modified_gmt":"2022-11-17T11:25:02","slug":"lomas-de-zamora-trabajadores-de-coto-temperley-paran-por-tiempo-indeterminado-por-despidos-injustificados","status":"publish","type":"post","link":"https:\/\/www.elsindical.com.ar\/notas\/lomas-de-zamora-trabajadores-de-coto-temperley-paran-por-tiempo-indeterminado-por-despidos-injustificados\/","title":{"rendered":"Lomas de Zamora: Trabajadores de Coto Temperley paran por tiempo indeterminado por despidos injustificados"},"content":{"rendered":"<div class=\"wp-block-image\">\n<figure class=\"aligncenter size-large\"><a href=\"https:\/\/www.elsindical.com.ar\/notas\/var\/www\/html\/notas\/wp-content\/uploads\/2022\/11\/Coto-de-Temperley-paro.jpeg\"><img loading=\"lazy\" decoding=\"async\" width=\"1024\" height=\"768\" src=\"https:\/\/www.elsindical.com.ar\/notas\/var\/www\/html\/notas\/wp-content\/uploads\/2022\/11\/Coto-de-Temperley-paro-1024x768.jpeg\" alt=\"\" class=\"wp-image-118147\" srcset=\"https:\/\/www.elsindical.com.ar\/notas\/var\/www\/html\/notas\/wp-content\/uploads\/2022\/11\/Coto-de-Temperley-paro-1024x768.jpeg 1024w, https:\/\/www.elsindical.com.ar\/notas\/var\/www\/html\/notas\/wp-content\/uploads\/2022\/11\/Coto-de-Temperley-paro-300x225.jpeg 300w, https:\/\/www.elsindical.com.ar\/notas\/var\/www\/html\/notas\/wp-content\/uploads\/2022\/11\/Coto-de-Temperley-paro-768x576.jpeg 768w, https:\/\/www.elsindical.com.ar\/notas\/var\/www\/html\/notas\/wp-content\/uploads\/2022\/11\/Coto-de-Temperley-paro-400x300.jpeg 400w, https:\/\/www.elsindical.com.ar\/notas\/var\/www\/html\/notas\/wp-content\/uploads\/2022\/11\/Coto-de-Temperley-paro-1536x1152.jpeg 1536w, https:\/\/www.elsindical.com.ar\/notas\/var\/www\/html\/notas\/wp-content\/uploads\/2022\/11\/Coto-de-Temperley-paro.jpeg 1600w\" sizes=\"auto, (max-width: 1024px) 100vw, 1024px\" \/><\/a><\/figure>\n<\/div>\n\n\n<p>El<strong> Sindicato de Empleados de Comercio seccional Lomas \u2013 Ezeiza<\/strong> orden\u00f3 un <strong>paro por tiempo<\/strong> indeterminado por tres despidos injustificados que tuvieron lugar en la sucursal de Coto de Temperley.<\/p>\n\n\n\n<p>El gremio denunci\u00f3 que la empresa despidi\u00f3 a tres trabajadores que promediaban los 10 a\u00f1os de antig\u00fcedad denunciando que robaron dentro de la sucursal.<\/p>\n\n\n\n<p><strong>\u00abVenimos de tres despidos injustificados a tres compa\u00f1eros por robo, con denuncia policial incluida<\/strong>. Ante la falta de di\u00e1logo de la empresa, hicimos la denuncia en el Ministerio de Trabajo y convocamos a un paro por tiempo indeterminado\u00bb, indic\u00f3 el secretario de Turismo del CEC Lomas \u2013 Ezeiza, Rub\u00e9n Crosta<strong>.<\/strong><\/p>\n\n\n\n<p>\u00abPedimos la incorporaci\u00f3n de los compa\u00f1eros. Basta de despidos, suspensiones, de malos tratos\u00bb, reclam\u00f3 el secretario Institucional de la CGT regional de Lomas.<\/p>\n\n\n\n<p>\u00abEstamos ac\u00e1 defendiendo la fuente laboral de compa\u00f1eros y por futuros despidos\u00bb<\/p>\n\n\n\n<p>En esa l\u00ednea, advirti\u00f3 que la decisi\u00f3n que tom\u00f3 la empresa responde a \u00abun ataque al gremio porque fueron despedidos injustificadamente. Los tomaron arbitrariamente\u00bb. \u00abA nosotros lo \u00fanico que nos interesa es el bienestar de los trabajadores y defenderlos\u00bb, asever\u00f3.<\/p>\n\n\n\n<p>Asimismo, dispar\u00f3: \u00abEstas empresas como Coto que siempre ganan dinero intentan cortar el hilo por lo mas delgado que es el trabajador\u00bb. Y advirti\u00f3 que este tipo de situaci\u00f3n de despidos injustificados se repiten en otras sucursales de coto: \u00abPasa lo mismo en locales de Banfield y Ezeiza\u00bb.<\/p>\n\n\n\n<p><strong>\u00abHacemos responsable a Alfredo Coto que hace accionar a gerentes y personal seguridad rompiendo la paz social\u00bb,<\/strong> sentenci\u00f3. <\/p>\n\n\n<div class=\"wp-block-image\">\n<figure class=\"aligncenter size-large\"><a href=\"https:\/\/www.elsindical.com.ar\/notas\/var\/www\/html\/notas\/wp-content\/uploads\/2022\/11\/panfleto-paro-en-Coto-Temperley.jpeg\"><img loading=\"lazy\" decoding=\"async\" width=\"440\" height=\"1024\" src=\"https:\/\/www.elsindical.com.ar\/notas\/var\/www\/html\/notas\/wp-content\/uploads\/2022\/11\/panfleto-paro-en-Coto-Temperley-440x1024.jpeg\" alt=\"\" class=\"wp-image-118148\" srcset=\"https:\/\/www.elsindical.com.ar\/notas\/var\/www\/html\/notas\/wp-content\/uploads\/2022\/11\/panfleto-paro-en-Coto-Temperley-440x1024.jpeg 440w, https:\/\/www.elsindical.com.ar\/notas\/var\/www\/html\/notas\/wp-content\/uploads\/2022\/11\/panfleto-paro-en-Coto-Temperley-129x300.jpeg 129w, https:\/\/www.elsindical.com.ar\/notas\/var\/www\/html\/notas\/wp-content\/uploads\/2022\/11\/panfleto-paro-en-Coto-Temperley.jpeg 550w\" sizes=\"auto, (max-width: 440px) 100vw, 440px\" \/><\/a><\/figure>\n<\/div>","protected":false},"excerpt":{"rendered":"<p>El Sindicato de Empleados de Comercio seccional Lomas \u2013 Ezeiza orden\u00f3 un paro por tiempo indeterminado por tres despidos injustificados que tuvieron lugar en la sucursal de Coto de Temperley. El gremio denunci\u00f3 que la empresa despidi\u00f3 a tres trabajadores que promediaban los 10 a\u00f1os de antig\u00fcedad denunciando que robaron dentro de la sucursal. \u00abVenimos&hellip;<\/p>\n","protected":false},"author":1,"featured_media":118147,"comment_status":"open","ping_status":"open","sticky":false,"template":"","format":"standard","meta":{"footnotes":""},"categories":[16],"tags":[38697,863,53,2450,744,67,1430],"class_list":["post-118146","post","type-post","status-publish","format-standard","has-post-thumbnail","hentry","category-gremiales","tag-cec","tag-coto","tag-despidos","tag-diario-el-sindical","tag-lomas-de-zamora","tag-paro","tag-temperley"],"_links":{"self":[{"href":"https:\/\/www.elsindical.com.ar\/notas\/wp-json\/wp\/v2\/posts\/118146","targetHints":{"allow":["GET"]}}],"collection":[{"href":"https:\/\/www.elsindical.com.ar\/notas\/wp-json\/wp\/v2\/posts"}],"about":[{"href":"https:\/\/www.elsindical.com.ar\/notas\/wp-json\/wp\/v2\/types\/post"}],"author":[{"embeddable":true,"href":"https:\/\/www.elsindical.com.ar\/notas\/wp-json\/wp\/v2\/users\/1"}],"replies":[{"embeddable":true,"href":"https:\/\/www.elsindical.com.ar\/notas\/wp-json\/wp\/v2\/comments?post=118146"}],"version-history":[{"count":1,"href":"https:\/\/www.elsindical.com.ar\/notas\/wp-json\/wp\/v2\/posts\/118146\/revisions"}],"predecessor-version":[{"id":118149,"href":"https:\/\/www.elsindical.com.ar\/notas\/wp-json\/wp\/v2\/posts\/118146\/revisions\/118149"}],"wp:featuredmedia":[{"embeddable":true,"href":"https:\/\/www.elsindical.com.ar\/notas\/wp-json\/wp\/v2\/media\/118147"}],"wp:attachment":[{"href":"https:\/\/www.elsindical.com.ar\/notas\/wp-json\/wp\/v2\/media?parent=118146"}],"wp:term":[{"taxonomy":"category","embeddable":true,"href":"https:\/\/www.elsindical.com.ar\/notas\/wp-json\/wp\/v2\/categories?post=118146"},{"taxonomy":"post_tag","embeddable":true,"href":"https:\/\/www.elsindical.com.ar\/notas\/wp-json\/wp\/v2\/tags?post=118146"}],"curies":[{"name":"wp","href":"https:\/\/api.w.org\/{rel}","templated":true}]}}