{"id":11804,"date":"2011-01-16T22:17:46","date_gmt":"2011-01-17T01:17:46","guid":{"rendered":"http:\/\/www.elsindical.com.ar\/notas\/?p=11804"},"modified":"2011-01-16T22:17:46","modified_gmt":"2011-01-17T01:17:46","slug":"el-jefe-de-la-policia-federal-pidio-su-pase-a-retiro","status":"publish","type":"post","link":"https:\/\/www.elsindical.com.ar\/notas\/el-jefe-de-la-policia-federal-pidio-su-pase-a-retiro\/","title":{"rendered":"El Jefe de la Polic\u00eda Federal pidi\u00f3 su pase a retiro"},"content":{"rendered":"<p style=\"text-align: justify;\">\u00a0\u00a0 <a href=\"http:\/\/www.elsindical.com.ar\/notas\/var\/www\/html\/notas\/wp-content\/uploads\/2011\/01\/Enrique-Rub\u00e9n-Capdevila-y-V.jpg\"><img loading=\"lazy\" decoding=\"async\" class=\"alignleft size-medium wp-image-11805\" title=\"Enrique-Rub\u00e9n-Capdevila-y-V\" src=\"http:\/\/www.elsindical.com.ar\/notas\/var\/www\/html\/notas\/wp-content\/uploads\/2011\/01\/Enrique-Rub\u00e9n-Capdevila-y-V-300x180.jpg\" alt=\"\" width=\"300\" height=\"180\" srcset=\"https:\/\/www.elsindical.com.ar\/notas\/var\/www\/html\/notas\/wp-content\/uploads\/2011\/01\/Enrique-Rub\u00e9n-Capdevila-y-V-300x180.jpg 300w, https:\/\/www.elsindical.com.ar\/notas\/var\/www\/html\/notas\/wp-content\/uploads\/2011\/01\/Enrique-Rub\u00e9n-Capdevila-y-V.jpg 413w\" sizes=\"auto, (max-width: 300px) 100vw, 300px\" \/><\/a><em>En una movida \u00abfuerte\u00bb reclamada por los oficiales superiores de la Polic\u00eda Federal Argentina, algunos en actividad y otros retirados, el Jefe de polic\u00eda Comisario General Enrique Rub\u00e9n Capdevila, habr\u00eda dejado correr el rumor de su pase a retiro, para presionar a la Ministro Nilda Garr\u00e9 en la lucha por poder dentro de la fuerza.<\/em><\/p>\n<p style=\"text-align: justify;\">La novedad, que no tard\u00f3 en circular por los pasillos de la jefatura de la Polic\u00eda, se sum\u00f3 a la incertidumbre que se respira en el viejo edificio de la calle Moreno. Desde el 15 de diciembre \u00faltimo, d\u00eda en que Garr\u00e9 jur\u00f3 en su nuevo cargo, fueron pasados a retiro m\u00e1s de una veintena de polic\u00edas de alto rango. Otros ocho oficiales dejaron voluntariamente la fuerza, y otro tanto lo har\u00e1 cuando regresen de sus licencias anuales.<\/p>\n<p>En el entorno \u00edntimo, dicen que el jefe de la Polic\u00eda est\u00e1 enojado \u201cporque la ministra le bocha a todos los que \u00e9l quiere designar\u201d.<\/p>\n<p>El retraso de la mayor\u00eda de los ascensos y traslados es otro de los reclamos que hace Capdevilla en privado: \u201cTenemos a la Polic\u00eda parada y adem\u00e1s nos tratan de est\u00fapidos a trav\u00e9s de los medios\u201d, se habr\u00eda quejado el n\u00famero uno de la fuerza.<\/p>\n<p>El pase a disponibilidad del Comisario General Ra\u00fal Timossi, jefe de Asuntos Internos e integrante de la c\u00fapula de la fuerza, fue recibido por Capdevilla como una patada al h\u00edgado.<\/p>\n<p>El oficial qued\u00f3 en medio de una causa judicial que se inici\u00f3 cuando un ex cabo, con diferentes sumarios internos en la fuerza (algo habitual para quienes denuncian actos de corrupci\u00f3n), acus\u00f3 a sus jefes porque nos les pagaban sus adicionales.<\/p>\n<p>Timossi fue designado como jefe de Asuntos Internos por Capdevilla y con la venia de la ministra Garr\u00e9.<\/p>\n<p>Fue la secretaria de Seguridad Operativa de la Naci\u00f3n, Mar\u00eda Cristina Caama\u00f1o, quien escuch\u00f3 las explicaciones de dos altos jefes de la Polic\u00eda Federal, adem\u00e1s del propio Capdevilla, sobre la actuaci\u00f3n de Timossi en un sumario interno en el que el ex cabo era objeto de una investigaci\u00f3n.<\/p>\n<p>Despu\u00e9s de esa reuni\u00f3n, Caama\u00f1o inform\u00f3 a la ministra sobre los argumentos de la defensa que desplegaron los uniformados para evitar el pase a disponibilidad de Timossi. Fue in\u00fatil, Garr\u00e9 ya hab\u00eda tomado una desici\u00f3n.<\/p>\n<p>\u201cFinalmente, no s\u00e9 si se va a ir o a quedar, pero ya notific\u00f3 que se va\u201d, confes\u00f3 a los medios opositores al gobierno un oficial de alto rango allegado a Capdevilla. La \u00faltima vez que el jefe de la Polic\u00eda estuvo reunido con Garr\u00e9 fue el mi\u00e9rcoles por la noche, donde se discut\u00edan \u201cen buenos t\u00e9rminos\u201d, seg\u00fan explic\u00f3 una fuente del Ministerio de Justicia, las designaciones de los nuevos directores y de los jefes de departamento.<\/p>\n<p>Desde la cartera que conduce Garr\u00e9 desmintieron que Capdevilla haya pedido el retiro. \u201cEsto puede ser una maniobra de algunos que en vez de pedir el retiro, prefirieron que se los pase a disponibilidad porque creen que en un a\u00f1o pueden volver y que nosotros nos vamos a caer antes que se cumpla ese a\u00f1o\u201d, argument\u00f3 un importante funcionario con oficinas en el coqueto edificio de la calle Gelly y Obes.<\/p>\n<p style=\"text-align: justify;\">Habr\u00e1 que esperar a este semana para saber si la pulseada la ganan los oficiales de la federal o la ministro que representa al Gobierno Nacional.<\/p>\n","protected":false},"excerpt":{"rendered":"<p>\u00a0\u00a0 En una movida \u00abfuerte\u00bb reclamada por los oficiales superiores de la Polic\u00eda Federal Argentina, algunos en actividad y otros retirados, el Jefe de polic\u00eda Comisario General Enrique Rub\u00e9n Capdevila, habr\u00eda dejado correr el rumor de su pase a retiro, para presionar a la Ministro Nilda Garr\u00e9 en la lucha por poder dentro de la&hellip;<\/p>\n","protected":false},"author":1,"featured_media":0,"comment_status":"open","ping_status":"open","sticky":false,"template":"","format":"standard","meta":{"footnotes":""},"categories":[13],"tags":[5659,5663,5660,2838,5661,5664,502,514,5662],"class_list":["post-11804","post","type-post","status-publish","format-standard","hentry","category-politica","tag-comisario-general-enrique-ruben-capdevila","tag-designaciones","tag-ministro-de-seguridad-nilda-garre","tag-oficiales","tag-pases","tag-poder","tag-policia-federal-argentina","tag-reclamos","tag-retiros"],"_links":{"self":[{"href":"https:\/\/www.elsindical.com.ar\/notas\/wp-json\/wp\/v2\/posts\/11804","targetHints":{"allow":["GET"]}}],"collection":[{"href":"https:\/\/www.elsindical.com.ar\/notas\/wp-json\/wp\/v2\/posts"}],"about":[{"href":"https:\/\/www.elsindical.com.ar\/notas\/wp-json\/wp\/v2\/types\/post"}],"author":[{"embeddable":true,"href":"https:\/\/www.elsindical.com.ar\/notas\/wp-json\/wp\/v2\/users\/1"}],"replies":[{"embeddable":true,"href":"https:\/\/www.elsindical.com.ar\/notas\/wp-json\/wp\/v2\/comments?post=11804"}],"version-history":[{"count":1,"href":"https:\/\/www.elsindical.com.ar\/notas\/wp-json\/wp\/v2\/posts\/11804\/revisions"}],"predecessor-version":[{"id":11806,"href":"https:\/\/www.elsindical.com.ar\/notas\/wp-json\/wp\/v2\/posts\/11804\/revisions\/11806"}],"wp:attachment":[{"href":"https:\/\/www.elsindical.com.ar\/notas\/wp-json\/wp\/v2\/media?parent=11804"}],"wp:term":[{"taxonomy":"category","embeddable":true,"href":"https:\/\/www.elsindical.com.ar\/notas\/wp-json\/wp\/v2\/categories?post=11804"},{"taxonomy":"post_tag","embeddable":true,"href":"https:\/\/www.elsindical.com.ar\/notas\/wp-json\/wp\/v2\/tags?post=11804"}],"curies":[{"name":"wp","href":"https:\/\/api.w.org\/{rel}","templated":true}]}}