{"id":118035,"date":"2022-11-13T09:56:24","date_gmt":"2022-11-13T12:56:24","guid":{"rendered":"https:\/\/www.elsindical.com.ar\/notas\/?p=118035"},"modified":"2022-11-13T09:56:25","modified_gmt":"2022-11-13T12:56:25","slug":"florencio-varela-mato-a-su-madre-de-mas-de-100-punaladas","status":"publish","type":"post","link":"https:\/\/www.elsindical.com.ar\/notas\/florencio-varela-mato-a-su-madre-de-mas-de-100-punaladas\/","title":{"rendered":"Florencio Varela: Mat\u00f3 a su madre de m\u00e1s de 100 pu\u00f1aladas"},"content":{"rendered":"<div class=\"wp-block-image\">\n<figure class=\"aligncenter size-full is-resized\"><a href=\"https:\/\/www.elsindical.com.ar\/notas\/var\/www\/html\/notas\/wp-content\/uploads\/2022\/11\/comisaria-de-Florencio-Varela.jpg\"><img loading=\"lazy\" decoding=\"async\" src=\"https:\/\/www.elsindical.com.ar\/notas\/var\/www\/html\/notas\/wp-content\/uploads\/2022\/11\/comisaria-de-Florencio-Varela.jpg\" alt=\"\" class=\"wp-image-118036\" width=\"788\" height=\"449\" srcset=\"https:\/\/www.elsindical.com.ar\/notas\/var\/www\/html\/notas\/wp-content\/uploads\/2022\/11\/comisaria-de-Florencio-Varela.jpg 640w, https:\/\/www.elsindical.com.ar\/notas\/var\/www\/html\/notas\/wp-content\/uploads\/2022\/11\/comisaria-de-Florencio-Varela-300x171.jpg 300w, https:\/\/www.elsindical.com.ar\/notas\/var\/www\/html\/notas\/wp-content\/uploads\/2022\/11\/comisaria-de-Florencio-Varela-500x285.jpg 500w, https:\/\/www.elsindical.com.ar\/notas\/var\/www\/html\/notas\/wp-content\/uploads\/2022\/11\/comisaria-de-Florencio-Varela-220x126.jpg 220w\" sizes=\"auto, (max-width: 788px) 100vw, 788px\" \/><\/a><\/figure>\n<\/div>\n\n\n<p>Las autoridades policiales reportaron que arrestaron a un hombre de 48 a\u00f1os luego que este fuese denunciado por una escena de violencia por parte de un vecino.<\/p>\n\n\n\n<p>Un hombre de 48 a\u00f1os fue arrestado <strong>luego de haber asesinado a su madre de&nbsp; con m\u00e1s de cien cuchilladas<\/strong>. Luego de terminado el ataque, intent\u00f3 esconder el cad\u00e1ver entre diversos muebles hasta que lo \u00ablogr\u00f3\u00bb en un patio de la vivienda familiar.<\/p>\n\n\n\n<p>El matricidio se registr\u00f3 en Florencio Varela en la zona sur de Gran Buenos Aires y las fuentes policiales identificaron al presunto asesino como Osvaldo\u00a0Gonz\u00e1lez, <strong>quien sufrir\u00eda de cuadros de esquizofrenia.<\/strong><\/p>\n\n\n\n<p>Acorde a las autoridades, los vecinos llamaron al 911 luego de escuchar una fuerte pelea en el departamento donde los dos viv\u00edan. Los uniformados del Comando Patrullas de Florencio Varela arribaron a la casa y redujeron al individuo, <strong>mientras que divisaron el cad\u00e1ver de la anciana estaba parcialmente oculto entre muebles viejos,<\/strong> en un sector de un patio delantero del mencionado domicilio.<\/p>\n\n\n\n<p>Los peritos de la Polic\u00eda Cient\u00edfica revisaron a la\u00a0fallecida identificada como Buenaventura Sena de 78 a\u00f1os y lograron determinar a simple vista que presentaba m\u00e1s de 100 heridas cortantes en diversas partes del cuerpo, a la vez que consiguieron incautar cuatro cuchillos con varias manchas de sangre. Mientras tanto, se secuestraron <strong>cajas de medicaci\u00f3n psiqui\u00e1trica,<\/strong> por lo que sospecha que el criminal estar\u00eda afectado por esquizofrenia.<\/p>\n\n\n\n<p>Intervino en la causa penal, que preventivamente fue caratulada <strong>\u201cHomicidio\u201d<\/strong>, la doctora <strong>Vanesa Maiola<\/strong>, fiscal en turno de la Unidad Funcional N\u00b0 6 de los tribunales de esa jurisdicci\u00f3n.<\/p>\n","protected":false},"excerpt":{"rendered":"<p>Las autoridades policiales reportaron que arrestaron a un hombre de 48 a\u00f1os luego que este fuese denunciado por una escena de violencia por parte de un vecino. Un hombre de 48 a\u00f1os fue arrestado luego de haber asesinado a su madre de&nbsp; con m\u00e1s de cien cuchilladas. Luego de terminado el ataque, intent\u00f3 esconder el&hellip;<\/p>\n","protected":false},"author":1,"featured_media":118036,"comment_status":"open","ping_status":"open","sticky":false,"template":"","format":"standard","meta":{"footnotes":""},"categories":[22],"tags":[2337,18120,1307,38659,22030],"class_list":["post-118035","post","type-post","status-publish","format-standard","has-post-thumbnail","hentry","category-policiales","tag-bosques","tag-fiscal-vanesa-maiola","tag-florencio-varela","tag-osvaldo-gonzalez","tag-policiales"],"_links":{"self":[{"href":"https:\/\/www.elsindical.com.ar\/notas\/wp-json\/wp\/v2\/posts\/118035","targetHints":{"allow":["GET"]}}],"collection":[{"href":"https:\/\/www.elsindical.com.ar\/notas\/wp-json\/wp\/v2\/posts"}],"about":[{"href":"https:\/\/www.elsindical.com.ar\/notas\/wp-json\/wp\/v2\/types\/post"}],"author":[{"embeddable":true,"href":"https:\/\/www.elsindical.com.ar\/notas\/wp-json\/wp\/v2\/users\/1"}],"replies":[{"embeddable":true,"href":"https:\/\/www.elsindical.com.ar\/notas\/wp-json\/wp\/v2\/comments?post=118035"}],"version-history":[{"count":1,"href":"https:\/\/www.elsindical.com.ar\/notas\/wp-json\/wp\/v2\/posts\/118035\/revisions"}],"predecessor-version":[{"id":118037,"href":"https:\/\/www.elsindical.com.ar\/notas\/wp-json\/wp\/v2\/posts\/118035\/revisions\/118037"}],"wp:featuredmedia":[{"embeddable":true,"href":"https:\/\/www.elsindical.com.ar\/notas\/wp-json\/wp\/v2\/media\/118036"}],"wp:attachment":[{"href":"https:\/\/www.elsindical.com.ar\/notas\/wp-json\/wp\/v2\/media?parent=118035"}],"wp:term":[{"taxonomy":"category","embeddable":true,"href":"https:\/\/www.elsindical.com.ar\/notas\/wp-json\/wp\/v2\/categories?post=118035"},{"taxonomy":"post_tag","embeddable":true,"href":"https:\/\/www.elsindical.com.ar\/notas\/wp-json\/wp\/v2\/tags?post=118035"}],"curies":[{"name":"wp","href":"https:\/\/api.w.org\/{rel}","templated":true}]}}