{"id":117973,"date":"2022-11-10T14:05:05","date_gmt":"2022-11-10T17:05:05","guid":{"rendered":"https:\/\/www.elsindical.com.ar\/notas\/?p=117973"},"modified":"2022-11-10T14:05:06","modified_gmt":"2022-11-10T17:05:06","slug":"nicolas-del-cano-y-myriam-bregman-en-zona-sur-este-fin-de-semana-la-izquierda-reunira-a-miles-en-asambleas-abiertas-en-todo-el-pais","status":"publish","type":"post","link":"https:\/\/www.elsindical.com.ar\/notas\/nicolas-del-cano-y-myriam-bregman-en-zona-sur-este-fin-de-semana-la-izquierda-reunira-a-miles-en-asambleas-abiertas-en-todo-el-pais\/","title":{"rendered":"Nicol\u00e1s Del Ca\u00f1o y Myriam Bregman en zona sur este fin de semana: La izquierda reunir\u00e1 a miles en asambleas abiertas en todo el pa\u00eds"},"content":{"rendered":"<div class=\"wp-block-image\">\n<figure class=\"aligncenter size-full\"><a href=\"https:\/\/www.elsindical.com.ar\/notas\/var\/www\/html\/notas\/wp-content\/uploads\/2022\/11\/asambleas-del-PTS.jpg\"><img loading=\"lazy\" decoding=\"async\" width=\"720\" height=\"405\" src=\"https:\/\/www.elsindical.com.ar\/notas\/var\/www\/html\/notas\/wp-content\/uploads\/2022\/11\/asambleas-del-PTS.jpg\" alt=\"\" class=\"wp-image-117974\" srcset=\"https:\/\/www.elsindical.com.ar\/notas\/var\/www\/html\/notas\/wp-content\/uploads\/2022\/11\/asambleas-del-PTS.jpg 720w, https:\/\/www.elsindical.com.ar\/notas\/var\/www\/html\/notas\/wp-content\/uploads\/2022\/11\/asambleas-del-PTS-300x169.jpg 300w, https:\/\/www.elsindical.com.ar\/notas\/var\/www\/html\/notas\/wp-content\/uploads\/2022\/11\/asambleas-del-PTS-500x281.jpg 500w, https:\/\/www.elsindical.com.ar\/notas\/var\/www\/html\/notas\/wp-content\/uploads\/2022\/11\/asambleas-del-PTS-460x260.jpg 460w\" sizes=\"auto, (max-width: 720px) 100vw, 720px\" \/><\/a><\/figure>\n<\/div>\n\n\n<p><em>Seg\u00fan informaron los diputados Myriam Bregman y Nicol\u00e1s del Ca\u00f1o, el PTS en el Frente de Izquierda Unidad realizar\u00e1 entre el viernes 11 y el domingo 13 de noviembre m\u00e1s de cien asambleas abiertas y simult\u00e1neas en la mayor\u00eda de las provincias del pa\u00eds. Con un m\u00e9todo novedoso, la izquierda desarrollar\u00e1 estas asambleas y planea un gran encuentro en un estadio.<\/em><\/p>\n\n\n\n<p>Seg\u00fan informaron los diputados Myriam Bregman y Nicol\u00e1s del Ca\u00f1o, el PTS en el Frente de Izquierda Unidad realizar\u00e1 entre el viernes 11 y el domingo 13 de noviembre m\u00e1s de cien asambleas abiertas y simult\u00e1neas en la mayor\u00eda de las provincias del pa\u00eds. Con un m\u00e9todo novedoso, la izquierda desarrollar\u00e1 estas asambleas y planea un gran encuentro en un estadio. Ser\u00e1n jornadas de enorme participaci\u00f3n, donde se confluir\u00e1 y dar\u00e1 protagonismo a quienes quieren organizarse y donde se reunir\u00e1n miles de trabajadores y trabajadoras, estudiantes, activistas ambientales, del feminismo y las disidencias y luchadores y luchadoras por una vivienda digna, entre otros.<\/p>\n\n\n\n<p>\u00abEl pr\u00f3ximo fin de semana el PTS va a organizar m\u00e1s de 100 asambleas en las principales ciudades y barrios populares de casi todo el pa\u00eds, una iniciativa con la que buscamos organizar una importante fuerza militante que sea protagonista, apoyando y fortaleciendo las luchas de las y los trabajadores como residentes y concurrentes que pelean por sus demandas m\u00e1s elementales, contra el ajuste y en defensa de la salud p\u00fablica. En las asambleas vamos a proponer una intensa campa\u00f1a para lograr un gran encuentro nacional de trabajadores y trabajadoras que se re\u00fana en un estadio y ponga en pie una coordinadora nacional para que las distintas luchas se unan y triunfen, para enfrentar el ajuste del FMI sostenido tanto por el gobierno como por la oposici\u00f3n de derecha. Los trabajadores del neum\u00e1tico comenzaron a marcar el camino. La dirigencia sindical nos condujo a este desastre, donde la inflaci\u00f3n se come salarios y jubilaciones, queremos construir un polo alternativo\u00bb, sostuvo Nicol\u00e1s del Ca\u00f1o.<\/p>\n\n\n\n<p>Por su parte Myriam Bregman agreg\u00f3 que \u00aben las asambleas que estamos organizando adem\u00e1s de trabajadores y trabajadoras de distintos gremios, m\u00e9dicos residentes y enfermeras en lucha, docentes de los tres niveles, participar\u00e1n activistas ambientales que hoy luchan por la ley de humedales que escandalosamente est\u00e1 siendo trabada nuevamente no s\u00f3lo por la derecha del Juntos por el Cambio sino por el gobierno nacional en alianza con los gobernadores peronistas que responden a los lobbies inmobiliarios, del agronegocio y la miner\u00eda. Vamos a proponer en las asambleas una gran campa\u00f1a para lograr la movilizaci\u00f3n necesaria para que sea ley. Ya tenemos un gran ejemplo: cuando las mujeres nos pusimos de pie y logramos el derecho a la interrupci\u00f3n voluntaria del embarazo superando a poderos\u00edsimos lobbies\u00bb.<\/p>\n\n\n\n<p>Por \u00faltimo, se\u00f1alaron que \u00aben estas asambleas queremos votar una profunda y extensa campa\u00f1a en todos los lugares de trabajo por la reducci\u00f3n de la jornada laboral a seis horas y el reparto de las horas de trabajo sin afectar el salario, y que nadie gane menos de lo que hoy cuesta una canasta familiar. Los salarios se tienen que ajustar autom\u00e1ticamente con la inflaci\u00f3n: no puede ser que las y los trabajadores sigan siendo la variable de ajuste para pagar la estafa de la deuda con el FMI\u00bb.<\/p>\n\n\n\n<p>En la zona sur del Conurbano, <strong>Myriam Bregman<\/strong> participar\u00e1 de una asamblea en Avellaneda el viernes 11, mientras que <strong>Del Ca\u00f1o<\/strong> lo har\u00e1 en Monte Grande el domingo 13. Otros referentes nacionales del PTS que acudir\u00e1n ser\u00e1n <strong>Christian Castillo <\/strong>que estar\u00e1 en Varela el domingo junto a la obrera de Madygraf <strong>Mar\u00eda de los \u00c1ngeles<\/strong> y el director de La Izxquierda Diario <strong>Fernando Rosso<\/strong>, que visitar\u00e1 Lomas de Zamora el s\u00e1bado 12. Ese mismo d\u00eda el dirigente nacional <strong>Guillo Pistonesi <\/strong>participar\u00e1 de la asamblea de Quilmes junto a la referente de los Derechos Humanos <strong>Carla Lacorte<\/strong>, mientras que el delegado aeron\u00e1utico <strong>Mart\u00edn Brat <\/strong>estar\u00e1 en Lan\u00fas y en Guernica estar\u00e1 presente la extrabajadora y delegada de PepsiCo y dirigente del Movimiento de Agrupaciones Clasistas <strong>Katy Balaguer<\/strong>.<\/p>\n","protected":false},"excerpt":{"rendered":"<p>Seg\u00fan informaron los diputados Myriam Bregman y Nicol\u00e1s del Ca\u00f1o, el PTS en el Frente de Izquierda Unidad realizar\u00e1 entre el viernes 11 y el domingo 13 de noviembre m\u00e1s de cien asambleas abiertas y simult\u00e1neas en la mayor\u00eda de las provincias del pa\u00eds. Con un m\u00e9todo novedoso, la izquierda desarrollar\u00e1 estas asambleas y planea&hellip;<\/p>\n","protected":false},"author":1,"featured_media":117974,"comment_status":"open","ping_status":"open","sticky":false,"template":"","format":"standard","meta":{"footnotes":""},"categories":[13],"tags":[3440,2450,287,26639,20258],"class_list":["post-117973","post","type-post","status-publish","format-standard","has-post-thumbnail","hentry","category-politica","tag-asambleas","tag-diario-el-sindical","tag-izquierda","tag-myriam-bregman","tag-nicolas-del-cano"],"_links":{"self":[{"href":"https:\/\/www.elsindical.com.ar\/notas\/wp-json\/wp\/v2\/posts\/117973","targetHints":{"allow":["GET"]}}],"collection":[{"href":"https:\/\/www.elsindical.com.ar\/notas\/wp-json\/wp\/v2\/posts"}],"about":[{"href":"https:\/\/www.elsindical.com.ar\/notas\/wp-json\/wp\/v2\/types\/post"}],"author":[{"embeddable":true,"href":"https:\/\/www.elsindical.com.ar\/notas\/wp-json\/wp\/v2\/users\/1"}],"replies":[{"embeddable":true,"href":"https:\/\/www.elsindical.com.ar\/notas\/wp-json\/wp\/v2\/comments?post=117973"}],"version-history":[{"count":1,"href":"https:\/\/www.elsindical.com.ar\/notas\/wp-json\/wp\/v2\/posts\/117973\/revisions"}],"predecessor-version":[{"id":117975,"href":"https:\/\/www.elsindical.com.ar\/notas\/wp-json\/wp\/v2\/posts\/117973\/revisions\/117975"}],"wp:featuredmedia":[{"embeddable":true,"href":"https:\/\/www.elsindical.com.ar\/notas\/wp-json\/wp\/v2\/media\/117974"}],"wp:attachment":[{"href":"https:\/\/www.elsindical.com.ar\/notas\/wp-json\/wp\/v2\/media?parent=117973"}],"wp:term":[{"taxonomy":"category","embeddable":true,"href":"https:\/\/www.elsindical.com.ar\/notas\/wp-json\/wp\/v2\/categories?post=117973"},{"taxonomy":"post_tag","embeddable":true,"href":"https:\/\/www.elsindical.com.ar\/notas\/wp-json\/wp\/v2\/tags?post=117973"}],"curies":[{"name":"wp","href":"https:\/\/api.w.org\/{rel}","templated":true}]}}