{"id":117968,"date":"2022-11-10T13:59:02","date_gmt":"2022-11-10T16:59:02","guid":{"rendered":"https:\/\/www.elsindical.com.ar\/notas\/?p=117968"},"modified":"2022-11-10T13:59:03","modified_gmt":"2022-11-10T16:59:03","slug":"cta-la-matanza-gano-la-lista-10","status":"publish","type":"post","link":"https:\/\/www.elsindical.com.ar\/notas\/cta-la-matanza-gano-la-lista-10\/","title":{"rendered":"CTA La Matanza, gan\u00f3 la lista 10"},"content":{"rendered":"\n<figure class=\"wp-block-image size-large\"><a href=\"https:\/\/www.elsindical.com.ar\/notas\/var\/www\/html\/notas\/wp-content\/uploads\/2022\/11\/Lista-10-CTA-La-Matanza-1-scaled.jpg\"><img loading=\"lazy\" decoding=\"async\" width=\"1024\" height=\"768\" src=\"https:\/\/www.elsindical.com.ar\/notas\/var\/www\/html\/notas\/wp-content\/uploads\/2022\/11\/Lista-10-CTA-La-Matanza-1-1024x768.jpg\" alt=\"\" class=\"wp-image-117969\" srcset=\"https:\/\/www.elsindical.com.ar\/notas\/var\/www\/html\/notas\/wp-content\/uploads\/2022\/11\/Lista-10-CTA-La-Matanza-1-1024x768.jpg 1024w, https:\/\/www.elsindical.com.ar\/notas\/var\/www\/html\/notas\/wp-content\/uploads\/2022\/11\/Lista-10-CTA-La-Matanza-1-300x225.jpg 300w, https:\/\/www.elsindical.com.ar\/notas\/var\/www\/html\/notas\/wp-content\/uploads\/2022\/11\/Lista-10-CTA-La-Matanza-1-768x576.jpg 768w, https:\/\/www.elsindical.com.ar\/notas\/var\/www\/html\/notas\/wp-content\/uploads\/2022\/11\/Lista-10-CTA-La-Matanza-1-400x300.jpg 400w, https:\/\/www.elsindical.com.ar\/notas\/var\/www\/html\/notas\/wp-content\/uploads\/2022\/11\/Lista-10-CTA-La-Matanza-1-1536x1152.jpg 1536w, https:\/\/www.elsindical.com.ar\/notas\/var\/www\/html\/notas\/wp-content\/uploads\/2022\/11\/Lista-10-CTA-La-Matanza-1-2048x1536.jpg 2048w\" sizes=\"auto, (max-width: 1024px) 100vw, 1024px\" \/><\/a><\/figure>\n\n\n\n<p>Este mi\u00e9rcoles 9 se llevaron adelante las elecciones de nuestra central, que obtuvieron como resultado final, una contundente victoria para la Lista 10, tanto a nivel nacional, provincial como distrital.<\/p>\n\n\n\n<p>En el caso de La Matanza la Lista 10 se impuso por el 82.5% de los votos, ante la lista 6 y la lista 4, quienes no obtuvieron la cantidad de votos necesarios ni para llegar a la minor\u00eda, por lo cual la Lista 10 ingresar\u00e1 de forma completa.<\/p>\n\n\n\n<p>La 10 fue encabezada por el compa\u00f1ero Daniel Tronti del Suteba, y por la compa\u00f1era Julieta Malcangi de la AJB, quienes asumir\u00e1n sus cargos el pr\u00f3ximo mes.<\/p>\n\n\n\n<p>Una vez conocido el resultado final, lxs presentes le dedicaron el triunfo al compa\u00f1ero docente recientemente fallecido, Guillermo Bareilles, lo que devino en un aplauso cerrado.<\/p>\n\n\n\n<p>\u00a1Por m\u00e1s democracia sindical, m\u00e1s pluralismo y por el fortalecimiento de la unidad de la clase trabajadora!<\/p>\n\n\n\n<p>\u00a1EN LA MATANZA GAN\u00d3 LA LISTA 10, GANARON LXS TRABAJADORXS!<\/p>\n\n\n\n<p>SECRETAR\u00cdA DE COMUNICACI\u00d3N<br>CTA MATANZA<\/p>\n\n\n\n<p>#ConLaFuerzaDeLaUnidad<\/p>\n\n\n\n<p><strong>Palabras del Secretario General Electo, Daniel Tronti.<\/strong><br><a href=\"https:\/\/www.facebook.com\/watch\/?v=1376141949789399\" target=\"_blank\" rel=\"noreferrer noopener\">https:\/\/www.facebook.com\/watch\/?v=1376141949789399<\/a><\/p>\n\n\n\n<p><strong>Palabras de la Secretaria Adjunta Electa, Julieta Malcangi.<\/strong><br><a href=\"https:\/\/www.facebook.com\/CtaLaMatanza\/videos\/698302861367495\" target=\"_blank\" rel=\"noreferrer noopener\">https:\/\/www.facebook.com\/CtaLaMatanza\/videos\/698302861367495<\/a><\/p>\n\n\n\n<p><strong>Palabras del Secretario General, H\u00e9ctor \u00abPichi\u00bb Sposato.<\/strong><br><a href=\"https:\/\/www.facebook.com\/CtaLaMatanza\/videos\/1129394074350898\" target=\"_blank\" rel=\"noreferrer noopener\">https:\/\/www.facebook.com\/CtaLaMatanza\/videos\/1129394074350898<\/a><\/p>\n\n\n\n<figure class=\"wp-block-image size-large\"><a href=\"https:\/\/www.elsindical.com.ar\/notas\/var\/www\/html\/notas\/wp-content\/uploads\/2022\/11\/Lista-10-CTA-La-Matanza-2-scaled.jpg\"><img loading=\"lazy\" decoding=\"async\" width=\"1024\" height=\"751\" src=\"https:\/\/www.elsindical.com.ar\/notas\/var\/www\/html\/notas\/wp-content\/uploads\/2022\/11\/Lista-10-CTA-La-Matanza-2-1024x751.jpg\" alt=\"\" class=\"wp-image-117970\" srcset=\"https:\/\/www.elsindical.com.ar\/notas\/var\/www\/html\/notas\/wp-content\/uploads\/2022\/11\/Lista-10-CTA-La-Matanza-2-1024x751.jpg 1024w, https:\/\/www.elsindical.com.ar\/notas\/var\/www\/html\/notas\/wp-content\/uploads\/2022\/11\/Lista-10-CTA-La-Matanza-2-300x220.jpg 300w, https:\/\/www.elsindical.com.ar\/notas\/var\/www\/html\/notas\/wp-content\/uploads\/2022\/11\/Lista-10-CTA-La-Matanza-2-768x563.jpg 768w, https:\/\/www.elsindical.com.ar\/notas\/var\/www\/html\/notas\/wp-content\/uploads\/2022\/11\/Lista-10-CTA-La-Matanza-2-409x300.jpg 409w, https:\/\/www.elsindical.com.ar\/notas\/var\/www\/html\/notas\/wp-content\/uploads\/2022\/11\/Lista-10-CTA-La-Matanza-2-1536x1126.jpg 1536w, https:\/\/www.elsindical.com.ar\/notas\/var\/www\/html\/notas\/wp-content\/uploads\/2022\/11\/Lista-10-CTA-La-Matanza-2-2048x1501.jpg 2048w\" sizes=\"auto, (max-width: 1024px) 100vw, 1024px\" \/><\/a><\/figure>\n","protected":false},"excerpt":{"rendered":"<p>Este mi\u00e9rcoles 9 se llevaron adelante las elecciones de nuestra central, que obtuvieron como resultado final, una contundente victoria para la Lista 10, tanto a nivel nacional, provincial como distrital. En el caso de La Matanza la Lista 10 se impuso por el 82.5% de los votos, ante la lista 6 y la lista 4,&hellip;<\/p>\n","protected":false},"author":1,"featured_media":117969,"comment_status":"open","ping_status":"open","sticky":false,"template":"","format":"standard","meta":{"footnotes":""},"categories":[16],"tags":[4626,184,38646,2450,38648,38647,1401,38645,5204],"class_list":["post-117968","post","type-post","status-publish","format-standard","has-post-thumbnail","hentry","category-gremiales","tag-ajb","tag-cta","tag-daniel-tronti","tag-diario-el-sindical","tag-hector-pichi-sposato","tag-julieta-malcangi","tag-la-matanza","tag-lista-10","tag-suteba"],"_links":{"self":[{"href":"https:\/\/www.elsindical.com.ar\/notas\/wp-json\/wp\/v2\/posts\/117968","targetHints":{"allow":["GET"]}}],"collection":[{"href":"https:\/\/www.elsindical.com.ar\/notas\/wp-json\/wp\/v2\/posts"}],"about":[{"href":"https:\/\/www.elsindical.com.ar\/notas\/wp-json\/wp\/v2\/types\/post"}],"author":[{"embeddable":true,"href":"https:\/\/www.elsindical.com.ar\/notas\/wp-json\/wp\/v2\/users\/1"}],"replies":[{"embeddable":true,"href":"https:\/\/www.elsindical.com.ar\/notas\/wp-json\/wp\/v2\/comments?post=117968"}],"version-history":[{"count":1,"href":"https:\/\/www.elsindical.com.ar\/notas\/wp-json\/wp\/v2\/posts\/117968\/revisions"}],"predecessor-version":[{"id":117971,"href":"https:\/\/www.elsindical.com.ar\/notas\/wp-json\/wp\/v2\/posts\/117968\/revisions\/117971"}],"wp:featuredmedia":[{"embeddable":true,"href":"https:\/\/www.elsindical.com.ar\/notas\/wp-json\/wp\/v2\/media\/117969"}],"wp:attachment":[{"href":"https:\/\/www.elsindical.com.ar\/notas\/wp-json\/wp\/v2\/media?parent=117968"}],"wp:term":[{"taxonomy":"category","embeddable":true,"href":"https:\/\/www.elsindical.com.ar\/notas\/wp-json\/wp\/v2\/categories?post=117968"},{"taxonomy":"post_tag","embeddable":true,"href":"https:\/\/www.elsindical.com.ar\/notas\/wp-json\/wp\/v2\/tags?post=117968"}],"curies":[{"name":"wp","href":"https:\/\/api.w.org\/{rel}","templated":true}]}}