{"id":117886,"date":"2022-11-08T00:25:46","date_gmt":"2022-11-08T03:25:46","guid":{"rendered":"https:\/\/www.elsindical.com.ar\/notas\/?p=117886"},"modified":"2022-11-08T00:25:47","modified_gmt":"2022-11-08T03:25:47","slug":"presupuesto-2023-una-oportunidad-perdida-para-revisar-los-privilegios-fiscales","status":"publish","type":"post","link":"https:\/\/www.elsindical.com.ar\/notas\/presupuesto-2023-una-oportunidad-perdida-para-revisar-los-privilegios-fiscales\/","title":{"rendered":"<strong>Presupuesto 2023: una oportunidad perdida para revisar los privilegios fiscales\u00a0<\/strong>"},"content":{"rendered":"\n<figure class=\"wp-block-image size-large\"><a href=\"http:\/\/acij.org.ar\/wp-content\/uploads\/2022\/11\/Presupuesto-2023_-una-oportunidad-perdida-para-revisar-los-privilegios-fiscales.pdf?utm_source=mailup&amp;utm_medium=email&amp;utm_campaign=general\"><img loading=\"lazy\" decoding=\"async\" width=\"1024\" height=\"1024\" src=\"https:\/\/www.elsindical.com.ar\/notas\/var\/www\/html\/notas\/wp-content\/uploads\/2022\/11\/Presupuesto-2023-1024x1024.png\" alt=\"\" class=\"wp-image-117887\" srcset=\"https:\/\/www.elsindical.com.ar\/notas\/var\/www\/html\/notas\/wp-content\/uploads\/2022\/11\/Presupuesto-2023-1024x1024.png 1024w, https:\/\/www.elsindical.com.ar\/notas\/var\/www\/html\/notas\/wp-content\/uploads\/2022\/11\/Presupuesto-2023-300x300.png 300w, https:\/\/www.elsindical.com.ar\/notas\/var\/www\/html\/notas\/wp-content\/uploads\/2022\/11\/Presupuesto-2023-150x150.png 150w, https:\/\/www.elsindical.com.ar\/notas\/var\/www\/html\/notas\/wp-content\/uploads\/2022\/11\/Presupuesto-2023-768x768.png 768w, https:\/\/www.elsindical.com.ar\/notas\/var\/www\/html\/notas\/wp-content\/uploads\/2022\/11\/Presupuesto-2023-50x50.png 50w, https:\/\/www.elsindical.com.ar\/notas\/var\/www\/html\/notas\/wp-content\/uploads\/2022\/11\/Presupuesto-2023.png 1080w\" sizes=\"auto, (max-width: 1024px) 100vw, 1024px\" \/><\/a><\/figure>\n\n\n\n<p>Anualmente el 2.5% del PBI se destina a sostener beneficios fiscales que no se eval\u00faan ni se justifican en base a evidencia. El Proyecto de Presupuesto 2023 incorpor\u00f3 un anexo que propone la revisi\u00f3n de algunos de ellos, entre los que se encuentra la exenci\u00f3n de ganancias a jueces, juezas, funcionarias y funcionarios de los Poderes Judiciales nacional y provinciales nombrados antes de 2017. Si bien el dictamen de mayor\u00eda de la Comisi\u00f3n de Presupuesto y Hacienda de Diputados contemplaba su eliminaci\u00f3n a partir de 2023, ese cambio no fue aceptado por la mayor\u00eda en el recinto y las juezas y jueces que fueron nombradas antes de 2017 seguir\u00e1n exentos del impuesto.&nbsp;<\/p>\n\n\n\n<p>En <a href=\"https:\/\/acij.musvc3.net\/e\/t?q=7%3dDa7bHa%26o%3dU%261%3dcBZ%262%3db5cMa%26x%3dB7Rs_Ld1S_Wn_PTwc_Zi_Ld1S_Vs9fCw.MuA.nP_uufx_500N-fI1RhH7_PTwc_ZiO3Jr5qQ_uufx_50Eh5V_5yVt_ED4U_5yVt_EDSLrQxJ8CvN2-ZCVF_-Sq5-2NrL7SqCq9g-JrPgCq9-s559-u99Gv55-JrM-3PlPvJhAvMv-0vQf5yCv.JqD_uufx_608Rp_M2Su7r_PTwc_agGnGoO3_PTwc_Z9O7K_p9qGxG_5yVt_FBhGnGo_Ld1S_VISwG_p9pJnGjH_5yVt_FBj91Cu55n9dy%26B%3dpO6TfW.1Cw%26C6%3daCXG&amp;mupckp=mupAtu4m8OiX0wt\" rel=\"noreferrer noopener\" target=\"_blank\">este art\u00edculo<\/a>, Julieta Izcurdia, Malena Vivanco y Mar\u00eda Julia Eliosoff, integrantes del Espacio de Trabajo Fiscal para la Equidad (ETFE) analizan c\u00f3mo surgieron los privilegios del Poder Judicial y por qu\u00e9 fracas\u00f3 el intento de revisarlos en el marco de la discusi\u00f3n del Presupuesto 2023.<\/p>\n","protected":false},"excerpt":{"rendered":"<p>Anualmente el 2.5% del PBI se destina a sostener beneficios fiscales que no se eval\u00faan ni se justifican en base a evidencia. El Proyecto de Presupuesto 2023 incorpor\u00f3 un anexo que propone la revisi\u00f3n de algunos de ellos, entre los que se encuentra la exenci\u00f3n de ganancias a jueces, juezas, funcionarias y funcionarios de los&hellip;<\/p>\n","protected":false},"author":1,"featured_media":117887,"comment_status":"open","ping_status":"open","sticky":false,"template":"","format":"standard","meta":{"footnotes":""},"categories":[13],"tags":[3234,2450,5885,1056,2281,38349],"class_list":["post-117886","post","type-post","status-publish","format-standard","has-post-thumbnail","hentry","category-politica","tag-congreso-nacional","tag-diario-el-sindical","tag-fiscales","tag-jueces","tag-poder-judicial","tag-presupuesto-2023"],"_links":{"self":[{"href":"https:\/\/www.elsindical.com.ar\/notas\/wp-json\/wp\/v2\/posts\/117886","targetHints":{"allow":["GET"]}}],"collection":[{"href":"https:\/\/www.elsindical.com.ar\/notas\/wp-json\/wp\/v2\/posts"}],"about":[{"href":"https:\/\/www.elsindical.com.ar\/notas\/wp-json\/wp\/v2\/types\/post"}],"author":[{"embeddable":true,"href":"https:\/\/www.elsindical.com.ar\/notas\/wp-json\/wp\/v2\/users\/1"}],"replies":[{"embeddable":true,"href":"https:\/\/www.elsindical.com.ar\/notas\/wp-json\/wp\/v2\/comments?post=117886"}],"version-history":[{"count":1,"href":"https:\/\/www.elsindical.com.ar\/notas\/wp-json\/wp\/v2\/posts\/117886\/revisions"}],"predecessor-version":[{"id":117888,"href":"https:\/\/www.elsindical.com.ar\/notas\/wp-json\/wp\/v2\/posts\/117886\/revisions\/117888"}],"wp:featuredmedia":[{"embeddable":true,"href":"https:\/\/www.elsindical.com.ar\/notas\/wp-json\/wp\/v2\/media\/117887"}],"wp:attachment":[{"href":"https:\/\/www.elsindical.com.ar\/notas\/wp-json\/wp\/v2\/media?parent=117886"}],"wp:term":[{"taxonomy":"category","embeddable":true,"href":"https:\/\/www.elsindical.com.ar\/notas\/wp-json\/wp\/v2\/categories?post=117886"},{"taxonomy":"post_tag","embeddable":true,"href":"https:\/\/www.elsindical.com.ar\/notas\/wp-json\/wp\/v2\/tags?post=117886"}],"curies":[{"name":"wp","href":"https:\/\/api.w.org\/{rel}","templated":true}]}}