{"id":117875,"date":"2022-11-08T00:07:48","date_gmt":"2022-11-08T03:07:48","guid":{"rendered":"https:\/\/www.elsindical.com.ar\/notas\/?p=117875"},"modified":"2022-11-08T00:07:49","modified_gmt":"2022-11-08T03:07:49","slug":"burzaco-intento-escapar-de-un-robo-le-dispararon-choco-con-su-moto-y-murio","status":"publish","type":"post","link":"https:\/\/www.elsindical.com.ar\/notas\/burzaco-intento-escapar-de-un-robo-le-dispararon-choco-con-su-moto-y-murio\/","title":{"rendered":"Burzaco: Intent\u00f3 escapar de un robo, le dispararon, choc\u00f3 con su moto y muri\u00f3"},"content":{"rendered":"<div class=\"wp-block-image\">\n<figure class=\"aligncenter size-full is-resized\"><a href=\"https:\/\/www.elsindical.com.ar\/notas\/var\/www\/html\/notas\/wp-content\/uploads\/2022\/11\/motoquero-muerto-en-Burzaco.jpeg\"><img loading=\"lazy\" decoding=\"async\" src=\"https:\/\/www.elsindical.com.ar\/notas\/var\/www\/html\/notas\/wp-content\/uploads\/2022\/11\/motoquero-muerto-en-Burzaco.jpeg\" alt=\"\" class=\"wp-image-117876\" width=\"753\" height=\"452\" srcset=\"https:\/\/www.elsindical.com.ar\/notas\/var\/www\/html\/notas\/wp-content\/uploads\/2022\/11\/motoquero-muerto-en-Burzaco.jpeg 640w, https:\/\/www.elsindical.com.ar\/notas\/var\/www\/html\/notas\/wp-content\/uploads\/2022\/11\/motoquero-muerto-en-Burzaco-300x180.jpeg 300w, https:\/\/www.elsindical.com.ar\/notas\/var\/www\/html\/notas\/wp-content\/uploads\/2022\/11\/motoquero-muerto-en-Burzaco-500x300.jpeg 500w\" sizes=\"auto, (max-width: 753px) 100vw, 753px\" \/><\/a><\/figure>\n<\/div>\n\n\n<p class=\"wp-block-paragraph\">Un hombre de 43 a\u00f1os muri\u00f3 al chocar con moto cuando fue baleado por dos motochorros que intentaron asaltarlo. El hecho ocurri\u00f3 en Burzaco y los delincuentes permanecen pr\u00f3fugos.<\/p>\n\n\n\n<p class=\"wp-block-paragraph\">Fuentes de la investigaci\u00f3n informaron que todo ocurri\u00f3 pasadas las 18:00 hs del \u00faltimo domingo cuando dos delincuentes que se movilizaban en una moto, por la avenida Yrigoyen, armados, se pusieron a la par de una camioneta Ford Ranger blanca. Esto ocurri\u00f3 en esa arteria y Alsina.<\/p>\n\n\n\n<p class=\"wp-block-paragraph\">Uno de los sujetos sac\u00f3 un arma, le apunt\u00f3 al conductor con el fin de amenazarlo y robarle el veh\u00edculo. Sin embargo, el hombre hizo un movimiento r\u00e1pido que oblig\u00f3 a los ladrones a huir del lugar.<\/p>\n\n\n\n<p class=\"wp-block-paragraph\">Unos metros m\u00e1s adelante, en la llamada rotonda de Los Pinos, tambi\u00e9n en Burzaco, los ladrones amenazaron a un joven que iba en una moto pero justo vieron pasar una KTM Duque 200 y decidieron perseguirla con fines de robo.<\/p>\n\n\n\n<p class=\"wp-block-paragraph\">En ese contexto, el hombre de 43 que se movilizaba en la KTM \u2013 identificado como Mart\u00edn Maximiliano Borini Prida \u2013 tom\u00f3 por la colectora de la avenida Yrigoyen. Los delincuentes comenzaron a dispararle. Y, al intentar evitar ser impactado por los balazos, el conductor de la moto Duke perdi\u00f3 el control, el veh\u00edculo roz\u00f3 el boulevar y luego golpe\u00f3 contra algunos \u00e1rboles. Esto ocurri\u00f3 en la avenida Yrigoyen al 15000, en Burzaco.<\/p>\n\n\n\n<p class=\"wp-block-paragraph\">La v\u00edctima sali\u00f3 despedida de su moto mientras que los motochorros huyeron. Si bien a\u00fan restan conocerse los resultados de la autopsia a la v\u00edctima, los m\u00e9dicos de Polic\u00eda no hallaron impactos de bala en su cuerpo por lo que todo indica que falleci\u00f3 como consecuencia del accidente al intentar&nbsp; escapar de los ladrones.<\/p>\n\n\n\n<p class=\"wp-block-paragraph\">Los fiscales Leonardo Kaszewski y Silvina Estevez, de la UFI 4 de Lomas de Zamora, trabajaron en el lugar junto a la Polic\u00eda Cient\u00edfica y a efectivos de la Comisar\u00eda 2da de Burzaco.<\/p>\n\n\n\n<p class=\"wp-block-paragraph\">Los investigadores intentan dar ahora con los delincuentes a trav\u00e9s de los registros de c\u00e1mara de seguridad municipales y privadas de la zona.<\/p>\n\n\n\n<p class=\"wp-block-paragraph\">La causa est\u00e1 caratulada como \u201chomicidio en ocasi\u00f3n de robo\u201d y la investigaci\u00f3n est\u00e1 a cargo de la UFI 4 de Lomas.<\/p>\n","protected":false},"excerpt":{"rendered":"<p>Un hombre de 43 a\u00f1os muri\u00f3 al chocar con moto cuando fue baleado por dos motochorros que intentaron asaltarlo. El hecho ocurri\u00f3 en Burzaco y los delincuentes permanecen pr\u00f3fugos. Fuentes de la investigaci\u00f3n informaron que todo ocurri\u00f3 pasadas las 18:00 hs del \u00faltimo domingo cuando dos delincuentes que se movilizaban en una moto, por la&hellip;<\/p>\n","protected":false},"author":1,"featured_media":117876,"comment_status":"open","ping_status":"open","sticky":false,"template":"","format":"standard","meta":{"footnotes":""},"categories":[22],"tags":[363,3596,2450,984,38621,116],"class_list":["post-117875","post","type-post","status-publish","format-standard","has-post-thumbnail","hentry","category-policiales","tag-asesinato","tag-burzaco","tag-diario-el-sindical","tag-inseguridad","tag-ktm","tag-robo"],"_links":{"self":[{"href":"https:\/\/www.elsindical.com.ar\/notas\/wp-json\/wp\/v2\/posts\/117875","targetHints":{"allow":["GET"]}}],"collection":[{"href":"https:\/\/www.elsindical.com.ar\/notas\/wp-json\/wp\/v2\/posts"}],"about":[{"href":"https:\/\/www.elsindical.com.ar\/notas\/wp-json\/wp\/v2\/types\/post"}],"author":[{"embeddable":true,"href":"https:\/\/www.elsindical.com.ar\/notas\/wp-json\/wp\/v2\/users\/1"}],"replies":[{"embeddable":true,"href":"https:\/\/www.elsindical.com.ar\/notas\/wp-json\/wp\/v2\/comments?post=117875"}],"version-history":[{"count":1,"href":"https:\/\/www.elsindical.com.ar\/notas\/wp-json\/wp\/v2\/posts\/117875\/revisions"}],"predecessor-version":[{"id":117877,"href":"https:\/\/www.elsindical.com.ar\/notas\/wp-json\/wp\/v2\/posts\/117875\/revisions\/117877"}],"wp:featuredmedia":[{"embeddable":true,"href":"https:\/\/www.elsindical.com.ar\/notas\/wp-json\/wp\/v2\/media\/117876"}],"wp:attachment":[{"href":"https:\/\/www.elsindical.com.ar\/notas\/wp-json\/wp\/v2\/media?parent=117875"}],"wp:term":[{"taxonomy":"category","embeddable":true,"href":"https:\/\/www.elsindical.com.ar\/notas\/wp-json\/wp\/v2\/categories?post=117875"},{"taxonomy":"post_tag","embeddable":true,"href":"https:\/\/www.elsindical.com.ar\/notas\/wp-json\/wp\/v2\/tags?post=117875"}],"curies":[{"name":"wp","href":"https:\/\/api.w.org\/{rel}","templated":true}]}}