{"id":11785,"date":"2011-01-14T11:28:00","date_gmt":"2011-01-14T14:28:00","guid":{"rendered":"http:\/\/www.elsindical.com.ar\/notas\/?p=11785"},"modified":"2011-01-14T11:28:00","modified_gmt":"2011-01-14T14:28:00","slug":"florencio-vareladetienen-a-menor-acusado-de-violar-a-su-madre-reiteradas-veces","status":"publish","type":"post","link":"https:\/\/www.elsindical.com.ar\/notas\/florencio-vareladetienen-a-menor-acusado-de-violar-a-su-madre-reiteradas-veces\/","title":{"rendered":"Florencio Varela:Detienen a menor acusado de violar a su madre reiteradas veces"},"content":{"rendered":"<p style=\"text-align: justify;\"><em><a href=\"http:\/\/www.elsindical.com.ar\/notas\/var\/www\/html\/notas\/wp-content\/uploads\/2011\/01\/Centro-de-detenci\u00f3n-de-meno.jpg\"><img loading=\"lazy\" decoding=\"async\" class=\"alignleft size-medium wp-image-11786\" title=\"Centro-de-detenci\u00f3n-de-meno\" src=\"http:\/\/www.elsindical.com.ar\/notas\/var\/www\/html\/notas\/wp-content\/uploads\/2011\/01\/Centro-de-detenci\u00f3n-de-meno-300x176.jpg\" alt=\"\" width=\"300\" height=\"176\" srcset=\"https:\/\/www.elsindical.com.ar\/notas\/var\/www\/html\/notas\/wp-content\/uploads\/2011\/01\/Centro-de-detenci\u00f3n-de-meno-300x176.jpg 300w, https:\/\/www.elsindical.com.ar\/notas\/var\/www\/html\/notas\/wp-content\/uploads\/2011\/01\/Centro-de-detenci\u00f3n-de-meno.jpg 325w\" sizes=\"auto, (max-width: 300px) 100vw, 300px\" \/><\/a>Un menor de 15 a\u00f1os, que seg\u00fan su familia es adicto a las drogas, fue denunciado por someter sexualmente a su propia madre en reiteradas oportunidades y amenazar con hacer lo mismo con su hermana, de s\u00f3lo 7 a\u00f1os, por lo que fue detenido por la Polic\u00eda en la localidad de Florencio Varela.<\/em><\/p>\n<p style=\"text-align: justify;\">Los hechos, seg\u00fan trascendi\u00f3 hoy, ocurrieron en el barrio El Tropez\u00f3n, en la zona de La Capilla, donde efectivos de la comisar\u00eda 5ta de Florencio Varela concurrieron a ra\u00edz de una presentaci\u00f3n efectuada por la mujer, de 38 a\u00f1os.<\/p>\n<p>Ante las autoridades policiales, la mujer denunci\u00f3 a su hijo por amenazar a su hermana menor.<br \/>\nLa investigaci\u00f3n iniciada por las autoridades pudo establecer con posterioridad que el menor, adicto al \u00abpaco\u00bb, no s\u00f3lo amenazaba con violar a su hermanita de 7 a\u00f1os, sino que adem\u00e1s ya hab\u00eda sometido a su propia madre en varias oportunidades, en un lapso de seis meses, seg\u00fan lo se\u00f1alado por el diario Cr\u00f3nica.<\/p>\n<p>De acuerdo con lo manifestado por la mujer ante funcionarios policiales, el adolescente, bajo los efectos de las drogas, la obligaba a mantener relaciones sexuales con \u00e9l y la manten\u00eda amenazada para que no realizara la denuncia.<\/p>\n<p>Sin embargo, la madre del adolescente dio fin a la situaci\u00f3n comunicando lo sucedido a los efectivos policiales cuando el menor -cuya filiaci\u00f3n no fue dada a conocer por cuestiones legales-, manifest\u00f3 sus intenciones de someter a vej\u00e1menes a su hermana de apenas 7 a\u00f1os.<\/p>\n<p>Tras su detenci\u00f3n, el adolescente acusado por las violaciones fue alojado en un centro de menores de la ciudad de La Plata, de donde posteriormente logr\u00f3 fugar, aunque m\u00e1s tarde fue recapturado y enviado a un hogar de abrigo en la localidad bonaerense de Lomas de Zamora.<\/p>\n<p>Al menor de edad -que ya posee antecedentes policiales por robo y hurto en Florencio Varela-, se le inici\u00f3 una causa judicial caratulada como \u00ababuso sexual agravado por el v\u00ednculo\u00bb, que se encuentra a cargo del fiscal de Responsabilidad Juvenil Claudio Marcelo Cipollone.<\/p>\n","protected":false},"excerpt":{"rendered":"<p>Un menor de 15 a\u00f1os, que seg\u00fan su familia es adicto a las drogas, fue denunciado por someter sexualmente a su propia madre en reiteradas oportunidades y amenazar con hacer lo mismo con su hermana, de s\u00f3lo 7 a\u00f1os, por lo que fue detenido por la Polic\u00eda en la localidad de Florencio Varela. Los hechos,&hellip;<\/p>\n","protected":false},"author":1,"featured_media":0,"comment_status":"open","ping_status":"open","sticky":false,"template":"","format":"standard","meta":{"footnotes":""},"categories":[22],"tags":[91,1307,5645,744,921,223],"class_list":["post-11785","post","type-post","status-publish","format-standard","hentry","category-policiales","tag-detenido","tag-florencio-varela","tag-hermana","tag-lomas-de-zamora","tag-madre","tag-menor"],"_links":{"self":[{"href":"https:\/\/www.elsindical.com.ar\/notas\/wp-json\/wp\/v2\/posts\/11785","targetHints":{"allow":["GET"]}}],"collection":[{"href":"https:\/\/www.elsindical.com.ar\/notas\/wp-json\/wp\/v2\/posts"}],"about":[{"href":"https:\/\/www.elsindical.com.ar\/notas\/wp-json\/wp\/v2\/types\/post"}],"author":[{"embeddable":true,"href":"https:\/\/www.elsindical.com.ar\/notas\/wp-json\/wp\/v2\/users\/1"}],"replies":[{"embeddable":true,"href":"https:\/\/www.elsindical.com.ar\/notas\/wp-json\/wp\/v2\/comments?post=11785"}],"version-history":[{"count":1,"href":"https:\/\/www.elsindical.com.ar\/notas\/wp-json\/wp\/v2\/posts\/11785\/revisions"}],"predecessor-version":[{"id":11787,"href":"https:\/\/www.elsindical.com.ar\/notas\/wp-json\/wp\/v2\/posts\/11785\/revisions\/11787"}],"wp:attachment":[{"href":"https:\/\/www.elsindical.com.ar\/notas\/wp-json\/wp\/v2\/media?parent=11785"}],"wp:term":[{"taxonomy":"category","embeddable":true,"href":"https:\/\/www.elsindical.com.ar\/notas\/wp-json\/wp\/v2\/categories?post=11785"},{"taxonomy":"post_tag","embeddable":true,"href":"https:\/\/www.elsindical.com.ar\/notas\/wp-json\/wp\/v2\/tags?post=11785"}],"curies":[{"name":"wp","href":"https:\/\/api.w.org\/{rel}","templated":true}]}}