{"id":117739,"date":"2022-11-02T09:09:28","date_gmt":"2022-11-02T12:09:28","guid":{"rendered":"https:\/\/www.elsindical.com.ar\/notas\/?p=117739"},"modified":"2022-11-02T09:09:35","modified_gmt":"2022-11-02T12:09:35","slug":"folklore-y-arte-popular-por-la-identidad-2","status":"publish","type":"post","link":"https:\/\/www.elsindical.com.ar\/notas\/folklore-y-arte-popular-por-la-identidad-2\/","title":{"rendered":"Folklore y Arte Popular por la Identidad"},"content":{"rendered":"<div class=\"wp-block-image\">\n<figure class=\"aligncenter size-full\"><a href=\"https:\/\/www.elsindical.com.ar\/notas\/var\/www\/html\/notas\/wp-content\/uploads\/2022\/11\/fapi-2.jpeg\"><img loading=\"lazy\" decoding=\"async\" width=\"700\" height=\"450\" src=\"https:\/\/www.elsindical.com.ar\/notas\/var\/www\/html\/notas\/wp-content\/uploads\/2022\/11\/fapi-2.jpeg\" alt=\"\" class=\"wp-image-117740\" srcset=\"https:\/\/www.elsindical.com.ar\/notas\/var\/www\/html\/notas\/wp-content\/uploads\/2022\/11\/fapi-2.jpeg 700w, https:\/\/www.elsindical.com.ar\/notas\/var\/www\/html\/notas\/wp-content\/uploads\/2022\/11\/fapi-2-300x193.jpeg 300w, https:\/\/www.elsindical.com.ar\/notas\/var\/www\/html\/notas\/wp-content\/uploads\/2022\/11\/fapi-2-467x300.jpeg 467w\" sizes=\"auto, (max-width: 700px) 100vw, 700px\" \/><\/a><\/figure>\n<\/div>\n\n\n<p>El evento dar\u00e1 inicio a las 16 h en el aula 1 con una charla sobre<em><strong>Inter-religiosidad y Derechos Humanos<\/strong><\/em>&nbsp;que ser\u00e1 coordinada por<strong>&nbsp;F\u00e1tima Cabrera<\/strong>&nbsp;de&nbsp;<strong>Madres de Plaza de Mayo &#8211; L\u00ednea Fundadora y M\u00fasica Esperanza.<\/strong><br><br>A las 18 h se dar\u00e1 inicio a las actividades art\u00edsticas en el escenario, en donde se contar\u00e1 con la presencia de:<br><br>La&nbsp;<strong>Orquesta Popular de la UNA<\/strong>; la presentaci\u00f3n art\u00edstica de infancias del&nbsp;<strong>Merendero Cultural Lo de Carola<\/strong>&nbsp;del voluntariado&nbsp;<em>Jornadas art\u00edsticas de convivencia<\/em>; la&nbsp;<strong>Escuela Popular de M\u00fasica<\/strong>&nbsp;del espacio para la memoria de Madres de Plaza de Mayo &#8211; L\u00ednea Fundadora y M\u00fasica Esperanza; la&nbsp;<strong>Orquesta Flor de Retama<\/strong>&nbsp;que presentar\u00e1&nbsp;<em>M\u00fasicas de Identidad Latinoamericana<\/em>.<br><br>Adem\u00e1s, se realizar\u00e1 una distinci\u00f3n de&nbsp;<em>Personalidad destacada de los Derechos Humanos<\/em>&nbsp;a&nbsp;<strong>\u00c1ngela \u201cLita\u201d Paol\u00edn de Boitano<\/strong>, Presidenta de laAsociaci\u00f3n de Familiares de Detenidos y Desaparecidos por Razones Pol\u00edticas. Este reconocimiento fue aprobado por unanimidad por el Consejo Departamental del Departamento de Folklore. En esta distinci\u00f3n estar\u00e1n presentes:&nbsp;<strong>Taty Almeida<\/strong>&nbsp;&#8211; Madres de Plaza de Mayo L\u00ednea Fundadora;&nbsp;<strong>Mabel Careaga<\/strong>&nbsp;de la Asociaci\u00f3n de Familiares y Compa\u00f1eros de los 12 de la Santa Cruz;&nbsp;<strong>H\u00e9ctor Francisetti<\/strong>&nbsp;del Observatorio para la Defensa de los Derechos Humanos de comuna 3y&nbsp;<strong>V\u00edctor Giusto<\/strong>, Decano del Departamento de Folklore de la Universidad Nacional de las Artes.<br><br>Luego continuar\u00e1n las presentaciones art\u00edsticas de danzas populares, que iniciar\u00e1 con la&nbsp;<strong>obra de video-danza&nbsp;<\/strong><em><strong>Espaldas Dobladas<\/strong><\/em>&nbsp;de Hern\u00e1n David L\u00f3pez; a continuaci\u00f3n, se har\u00e1 presente el&nbsp;<strong>\u00c1rea de Danzas del ESEA N\u00ba 1 de San Isidro<\/strong>&nbsp;que presentar\u00e1&nbsp;<em>Nunca dejes de bailar<\/em>. Tambi\u00e9n participar\u00e1 la obra&nbsp;<em>Rorr\u00f3<\/em>&nbsp;de&nbsp;<strong>AMTA Compa\u00f1\u00eda de Danzas<\/strong>; se proyectar\u00e1 la&nbsp;<strong>obra de video-danza&nbsp;<\/strong><em><strong>Una Casa<\/strong><\/em>&nbsp;de Lisandro Eberle; el elenco de&nbsp;<strong>Ideas Descabelladas<\/strong>&nbsp;presentar\u00e1 un fragmento de su obra&nbsp;<em>Creer o reventar<\/em>. Por \u00faltimo,&nbsp;<strong>La popular&nbsp;<\/strong>Compa\u00f1\u00eda de Danzas realizar\u00e1 su obra&nbsp;<em>AMBA<\/em>.<br><br>El&nbsp;<strong>Ballet Folkl\u00f3rico de la UNA<\/strong>&nbsp;realizar\u00e1 una presentaci\u00f3n en el marco de sus 20 a\u00f1os de trayectoria. Para conectar con la m\u00fasica andina, se presentar\u00e1 la&nbsp;<strong>Comunidad Inalmama de Warmis Sikuris<\/strong>&nbsp;que realizar\u00e1n su obra&nbsp;<em>Warmikuna<\/em>&nbsp;dedicada a mujeres guerreras de la historia de Nuestram\u00e9rica. Para continuar con la m\u00fasica popular, el Conjunto Vocal&nbsp;<strong>La Fortunata<\/strong>&nbsp;y&nbsp;<strong>Casiana Torres<\/strong>&nbsp;se har\u00e1n presentes.<br><br>El&nbsp;<strong>D\u00fao Heredero<\/strong>&nbsp;acompa\u00f1ar\u00e1 con su m\u00fasica santiague\u00f1a y pe\u00f1era para que se llene la pista de baile. Y por \u00faltimo, la&nbsp;<strong>Orkesta Popular San Bomba<\/strong>&nbsp;invitar\u00e1 a bailar sus cumbias para que FAPI sea una fiesta.<br><br>La novena edici\u00f3n de Folklore y Arte Popular por la Identidad se realiza de manera mancomunada con la Asociaci\u00f3n de Familiares y Compa\u00f1eros de los 12 de la Santa Cruz.<br><br>Este evento cuenta con el acompa\u00f1amiento y el apoyo de la Secretar\u00eda de Gesti\u00f3n Cultural del Ministerio de Cultura de la Naci\u00f3n, la Secretar\u00eda de Derechos Humanos de la Naci\u00f3n y el Centro Cultural Haroldo Conti.<\/p>\n","protected":false},"excerpt":{"rendered":"<p>El evento dar\u00e1 inicio a las 16 h en el aula 1 con una charla sobreInter-religiosidad y Derechos Humanos&nbsp;que ser\u00e1 coordinada por&nbsp;F\u00e1tima Cabrera&nbsp;de&nbsp;Madres de Plaza de Mayo &#8211; L\u00ednea Fundadora y M\u00fasica Esperanza. A las 18 h se dar\u00e1 inicio a las actividades art\u00edsticas en el escenario, en donde se contar\u00e1 con la presencia de:&hellip;<\/p>\n","protected":false},"author":1,"featured_media":117740,"comment_status":"open","ping_status":"open","sticky":false,"template":"","format":"standard","meta":{"footnotes":""},"categories":[8,15],"tags":[2450,38540,38577,3185,38578,23034],"class_list":["post-117739","post","type-post","status-publish","format-standard","has-post-thumbnail","hentry","category-derechos-humanos","category-espectaculos","tag-diario-el-sindical","tag-fapi","tag-fatima-cabrera","tag-madres-de-plaza-de-mayo","tag-musica-esperanza","tag-una"],"_links":{"self":[{"href":"https:\/\/www.elsindical.com.ar\/notas\/wp-json\/wp\/v2\/posts\/117739","targetHints":{"allow":["GET"]}}],"collection":[{"href":"https:\/\/www.elsindical.com.ar\/notas\/wp-json\/wp\/v2\/posts"}],"about":[{"href":"https:\/\/www.elsindical.com.ar\/notas\/wp-json\/wp\/v2\/types\/post"}],"author":[{"embeddable":true,"href":"https:\/\/www.elsindical.com.ar\/notas\/wp-json\/wp\/v2\/users\/1"}],"replies":[{"embeddable":true,"href":"https:\/\/www.elsindical.com.ar\/notas\/wp-json\/wp\/v2\/comments?post=117739"}],"version-history":[{"count":1,"href":"https:\/\/www.elsindical.com.ar\/notas\/wp-json\/wp\/v2\/posts\/117739\/revisions"}],"predecessor-version":[{"id":117741,"href":"https:\/\/www.elsindical.com.ar\/notas\/wp-json\/wp\/v2\/posts\/117739\/revisions\/117741"}],"wp:featuredmedia":[{"embeddable":true,"href":"https:\/\/www.elsindical.com.ar\/notas\/wp-json\/wp\/v2\/media\/117740"}],"wp:attachment":[{"href":"https:\/\/www.elsindical.com.ar\/notas\/wp-json\/wp\/v2\/media?parent=117739"}],"wp:term":[{"taxonomy":"category","embeddable":true,"href":"https:\/\/www.elsindical.com.ar\/notas\/wp-json\/wp\/v2\/categories?post=117739"},{"taxonomy":"post_tag","embeddable":true,"href":"https:\/\/www.elsindical.com.ar\/notas\/wp-json\/wp\/v2\/tags?post=117739"}],"curies":[{"name":"wp","href":"https:\/\/api.w.org\/{rel}","templated":true}]}}