{"id":117736,"date":"2022-11-02T01:46:48","date_gmt":"2022-11-02T04:46:48","guid":{"rendered":"https:\/\/www.elsindical.com.ar\/notas\/?p=117736"},"modified":"2022-11-02T01:46:49","modified_gmt":"2022-11-02T04:46:49","slug":"la-camara-federal-ordeno-excarcelar-a-los-miembros-de-revolucion-federal","status":"publish","type":"post","link":"https:\/\/www.elsindical.com.ar\/notas\/la-camara-federal-ordeno-excarcelar-a-los-miembros-de-revolucion-federal\/","title":{"rendered":"La C\u00e1mara Federal orden\u00f3 excarcelar a los miembros de Revoluci\u00f3n Federal"},"content":{"rendered":"<div class=\"wp-block-image\">\n<figure class=\"aligncenter size-large\"><a href=\"https:\/\/www.elsindical.com.ar\/notas\/var\/www\/html\/notas\/wp-content\/uploads\/2022\/11\/Revolucion-Federal-en-Plaza-de-Mayo.jpg\"><img loading=\"lazy\" decoding=\"async\" width=\"1024\" height=\"576\" src=\"https:\/\/www.elsindical.com.ar\/notas\/var\/www\/html\/notas\/wp-content\/uploads\/2022\/11\/Revolucion-Federal-en-Plaza-de-Mayo-1024x576.jpg\" alt=\"\" class=\"wp-image-117737\" srcset=\"https:\/\/www.elsindical.com.ar\/notas\/var\/www\/html\/notas\/wp-content\/uploads\/2022\/11\/Revolucion-Federal-en-Plaza-de-Mayo-1024x576.jpg 1024w, https:\/\/www.elsindical.com.ar\/notas\/var\/www\/html\/notas\/wp-content\/uploads\/2022\/11\/Revolucion-Federal-en-Plaza-de-Mayo-300x169.jpg 300w, https:\/\/www.elsindical.com.ar\/notas\/var\/www\/html\/notas\/wp-content\/uploads\/2022\/11\/Revolucion-Federal-en-Plaza-de-Mayo-768x432.jpg 768w, https:\/\/www.elsindical.com.ar\/notas\/var\/www\/html\/notas\/wp-content\/uploads\/2022\/11\/Revolucion-Federal-en-Plaza-de-Mayo-500x281.jpg 500w, https:\/\/www.elsindical.com.ar\/notas\/var\/www\/html\/notas\/wp-content\/uploads\/2022\/11\/Revolucion-Federal-en-Plaza-de-Mayo-460x260.jpg 460w, https:\/\/www.elsindical.com.ar\/notas\/var\/www\/html\/notas\/wp-content\/uploads\/2022\/11\/Revolucion-Federal-en-Plaza-de-Mayo.jpg 1170w\" sizes=\"auto, (max-width: 1024px) 100vw, 1024px\" \/><\/a><\/figure>\n<\/div>\n\n\n<p>La Justicia dio lugar al pedido de Jonathan Morel, Leonardo Sosa, Gast\u00f3n Guerra y Sabrina Basile, quienes ser\u00e1n liberados por no existir \u201criesgos procesales\u201d.<\/p>\n\n\n\n<p>La Justicia orden\u00f3 liberar a los cuatro integrantes de <strong>Revoluci\u00f3n Federal<\/strong> que estaban presos por presunta incitaci\u00f3n a la violencia colectiva, en el marco de una causa que investiga el\u00a0intento de asesinato de la vicepresidenta Cristina Kirchner.<\/p>\n\n\n\n<p>La Sala I de C\u00e1mara Criminal y Correccional Federal dispuso conceder la excarcelaci\u00f3n a <strong>Jonathan Morel, Leonardo Sosa, Gast\u00f3n Guerra y Sabrina Basile<\/strong>, al considerar que no hay elementos objetivos que permitan sostener que los acusados puedan entorpecer la investigaci\u00f3n o escapar estando en libertad.<\/p>\n\n\n\n<p>En un fallo de cuatro p\u00e1ginas, la Justicia destac\u00f3 que Basile \u00ab<strong>carece de antecedentes condenatorios<\/strong>\u00bb y \u00absu domicilio se encuentra debidamente constatado, contando la imputada con suficiente arraigo\u00bb.<\/p>\n\n\n\n<p><strong>\u00abLuego del estudio de las actuaciones podemos concluir que no existen riesgos procesales suficientes que nos permitan mantener la medida de coerci\u00f3n personal dispuesta por el juez de grado\u00bb<\/strong>, sostuvieron los camaristas Leopoldo Bruglia, Mariano Llorens y Pablo Bertuzzi.<\/p>\n\n\n\n<h3 class=\"wp-block-heading\">Los fallos que beneficiaron a los detenidos<\/h3>\n\n\n\n<p>A trav\u00e9s de cuatro fallos, uno por cada uno de los imputados, los camaristas revocaron la decisi\u00f3n del juez federal que lleva la causa, <strong>Marcelo Mart\u00ednez de Giorgi,<\/strong> que hab\u00eda rechazado excarcelarlos por considerar que pod\u00edan entorpecer el curso de la causa.<br><br>\u00abEn cuanto al posible entorpecimiento de la investigaci\u00f3n, no coincidimos con el juez de grado, pues los elementos secuestrados ya se encuentran a disposici\u00f3n de las fuerzas encargadas de estudiarlos\u00bb, sostuvieron los jueces del tribunal de apelaciones en el fallo con el que dispusieron la excarcelaci\u00f3n Morel.<br><br>Ese argumento se repiti\u00f3 en cada una de las resoluciones, a pesar de que todas tienen sus particularidades: en el caso de Basile, por ejemplo, los jueces sostuvieron que cuando se enter\u00f3 que hab\u00eda una orden de detenci\u00f3n con su nombre \u00abcompareci\u00f3 voluntariamente a la mesa de entradas del Juzgado, poni\u00e9ndose a disposici\u00f3n de la justicia\u00bb.<\/p>\n","protected":false},"excerpt":{"rendered":"<p>La Justicia dio lugar al pedido de Jonathan Morel, Leonardo Sosa, Gast\u00f3n Guerra y Sabrina Basile, quienes ser\u00e1n liberados por no existir \u201criesgos procesales\u201d. La Justicia orden\u00f3 liberar a los cuatro integrantes de Revoluci\u00f3n Federal que estaban presos por presunta incitaci\u00f3n a la violencia colectiva, en el marco de una causa que investiga el\u00a0intento de&hellip;<\/p>\n","protected":false},"author":1,"featured_media":117737,"comment_status":"open","ping_status":"open","sticky":false,"template":"","format":"standard","meta":{"footnotes":""},"categories":[20],"tags":[38224,7346,2450,38202,38478,38201,38200,38575],"class_list":["post-117736","post","type-post","status-publish","format-standard","has-post-thumbnail","hentry","category-judiciales","tag-atentado-a-cristina-kirchner","tag-camara-federal-portena","tag-diario-el-sindical","tag-gaston-guerra","tag-jonathan-morel","tag-leonardo-sosa","tag-revolucion-federal","tag-sabrina-basile"],"_links":{"self":[{"href":"https:\/\/www.elsindical.com.ar\/notas\/wp-json\/wp\/v2\/posts\/117736","targetHints":{"allow":["GET"]}}],"collection":[{"href":"https:\/\/www.elsindical.com.ar\/notas\/wp-json\/wp\/v2\/posts"}],"about":[{"href":"https:\/\/www.elsindical.com.ar\/notas\/wp-json\/wp\/v2\/types\/post"}],"author":[{"embeddable":true,"href":"https:\/\/www.elsindical.com.ar\/notas\/wp-json\/wp\/v2\/users\/1"}],"replies":[{"embeddable":true,"href":"https:\/\/www.elsindical.com.ar\/notas\/wp-json\/wp\/v2\/comments?post=117736"}],"version-history":[{"count":1,"href":"https:\/\/www.elsindical.com.ar\/notas\/wp-json\/wp\/v2\/posts\/117736\/revisions"}],"predecessor-version":[{"id":117738,"href":"https:\/\/www.elsindical.com.ar\/notas\/wp-json\/wp\/v2\/posts\/117736\/revisions\/117738"}],"wp:featuredmedia":[{"embeddable":true,"href":"https:\/\/www.elsindical.com.ar\/notas\/wp-json\/wp\/v2\/media\/117737"}],"wp:attachment":[{"href":"https:\/\/www.elsindical.com.ar\/notas\/wp-json\/wp\/v2\/media?parent=117736"}],"wp:term":[{"taxonomy":"category","embeddable":true,"href":"https:\/\/www.elsindical.com.ar\/notas\/wp-json\/wp\/v2\/categories?post=117736"},{"taxonomy":"post_tag","embeddable":true,"href":"https:\/\/www.elsindical.com.ar\/notas\/wp-json\/wp\/v2\/tags?post=117736"}],"curies":[{"name":"wp","href":"https:\/\/api.w.org\/{rel}","templated":true}]}}