{"id":117684,"date":"2022-10-31T07:41:29","date_gmt":"2022-10-31T10:41:29","guid":{"rendered":"https:\/\/www.elsindical.com.ar\/notas\/?p=117684"},"modified":"2022-10-31T07:41:30","modified_gmt":"2022-10-31T10:41:30","slug":"los-9-aumentos-que-llegan-en-noviembre","status":"publish","type":"post","link":"https:\/\/www.elsindical.com.ar\/notas\/los-9-aumentos-que-llegan-en-noviembre\/","title":{"rendered":"Los 9 aumentos que llegan en noviembre"},"content":{"rendered":"\n<figure class=\"wp-block-image size-full\"><a href=\"https:\/\/www.elsindical.com.ar\/notas\/var\/www\/html\/notas\/wp-content\/uploads\/2019\/03\/pesos-dinero.jpg\"><img loading=\"lazy\" decoding=\"async\" width=\"867\" height=\"483\" src=\"https:\/\/www.elsindical.com.ar\/notas\/var\/www\/html\/notas\/wp-content\/uploads\/2019\/03\/pesos-dinero.jpg\" alt=\"\" class=\"wp-image-85509\" srcset=\"https:\/\/www.elsindical.com.ar\/notas\/var\/www\/html\/notas\/wp-content\/uploads\/2019\/03\/pesos-dinero.jpg 867w, https:\/\/www.elsindical.com.ar\/notas\/var\/www\/html\/notas\/wp-content\/uploads\/2019\/03\/pesos-dinero-300x167.jpg 300w, https:\/\/www.elsindical.com.ar\/notas\/var\/www\/html\/notas\/wp-content\/uploads\/2019\/03\/pesos-dinero-768x428.jpg 768w, https:\/\/www.elsindical.com.ar\/notas\/var\/www\/html\/notas\/wp-content\/uploads\/2019\/03\/pesos-dinero-500x279.jpg 500w\" sizes=\"auto, (max-width: 867px) 100vw, 867px\" \/><\/a><\/figure>\n\n\n\n<p>Llegan en noviembre una decena de incrementos que golpear\u00e1n a\u00fan m\u00e1s los bolsillos.<\/p>\n\n\n\n<p>La inflaci\u00f3n no da tregua y <strong>llegan en noviembre nuevos aumentos<\/strong> que afectar\u00e1n la econom\u00eda dom\u00e9stica de todos los argentinos. Enterate uno a uno cu\u00e1les son y preparate para diciembre para cuando se espera un salto en las tarifas de los peajes de provincia y las prepagas.<\/p>\n\n\n\n<h2 class=\"wp-block-heading\">Los aumentos que llegan en noviembre<\/h2>\n\n\n\n<h3 class=\"wp-block-heading\">Agua potable<\/h3>\n\n\n\n<p><strong>AYSA pondr\u00e1 en marcha en noviembre la quita de subsidios<\/strong>, que afectar\u00e1 en primer lugar a los usuarios residenciales de nivel alto (15% del total), que desde el mes pr\u00f3ximo dejar\u00e1n de recibir asistencia estatal para el pago de la tarifa de agua. As\u00ed, <strong>la factura promedio pasar\u00e1 de $840 a $2100 por mes<\/strong>.<\/p>\n\n\n\n<p>Para el resto de los usuarios, que ingresan en las zonas de media y baja valuaci\u00f3n, l<strong>a quita de los subsidios ser\u00e1 gradual y se aplicar\u00e1 por fases<\/strong> hasta marzo. La idea es que entre ese tercer mes y mayo de 2023, el usuario pague la tarifa plena.<\/p>\n\n\n\n<p>Aquellos usuarios que vivan en zonas de valuaci\u00f3n alta, pero cuyos ingresos est\u00e9n por debajo de lo establecido, pueden pedir <strong><a href=\"https:\/\/www.aysa.com.ar\/usuarios\/Novedades\/2022\/10\/mantenimiento_renuncia_subsidio_Estado_Nacional--\" target=\"_blank\" rel=\"noreferrer noopener\">mantener el subsidio a trav\u00e9s del formulario online<\/a><\/strong>.<\/p>\n\n\n\n<h3 class=\"wp-block-heading\">Energ\u00eda el\u00e9ctrica<\/h3>\n\n\n\n<p>La segmentaci\u00f3n de los subsidios a las tarifas de energ\u00eda se puso en marcha y la primera quita se vio reflejada en octubre. Ahora, <strong>a partir del pr\u00f3ximo martes 1 de noviembre entrar\u00e1 en vigencia<\/strong> el segundo escal\u00f3n.<\/p>\n\n\n\n<p>Para algunos usuarios, <strong>la suba de este servicio ser\u00e1 doble, entre la <a rel=\"noreferrer noopener\" href=\"https:\/\/www.argentina.gob.ar\/servicio\/solicitar-subsidios-para-servicios-de-luz-y-gas\" target=\"_blank\">quita de subsidios<\/a> y el aumento de tarifas de Edenor y Edesur<\/strong>. Esto \u00faltimo se debe a que las distribuidoras tendr\u00e1n una revisi\u00f3n tarifaria integral y podr\u00e1n recomponer sus importes al punto que sea suficiente para <strong>pagar sus deudas con Cammesa<\/strong>, una decisi\u00f3n incluida en el proyecto de Presupuesto.<\/p>\n\n\n\n<p>De esta forma, un 30% de los hogares tendr\u00e1 un aumento del 20% por lo que paga por la energ\u00eda el\u00e9ctrica entre octubre y noviembre. Y entre diciembre y enero, la suba ser\u00e1 del 40%. Y entre febrero y marzo, otro 40%. <strong>Reci\u00e9n el pr\u00f3ximo a\u00f1o comenzar\u00e1n a pagar tarifa plena<\/strong>.<\/p>\n\n\n\n<h3 class=\"wp-block-heading\">Gan natural<\/h3>\n\n\n\n<p>En el caso del gas natural, unos 4,1 millones de hogares dejar\u00e1n de percibir facturas subsidiadas sobre un total de 9,7 millones de clientes registrados. La escala de segmentaci\u00f3n indica que<strong> los usuarios de todo el pa\u00eds ver\u00e1n en noviembre un incremento de 50% en relaci\u00f3n con septiembre.<\/strong><\/p>\n\n\n\n<h3 class=\"wp-block-heading\">Empleadas de casas particulares<\/h3>\n\n\n\n<p>En agosto, la <a href=\"https:\/\/www.boletinoficial.gob.ar\/detalleAviso\/primera\/270586\/20220831\" target=\"_blank\" rel=\"noreferrer noopener\"><strong>Comisi\u00f3n Nacional de Trabajo en Casas Particulares<\/strong><\/a> alcanz\u00f3 un acuerdo salarial para el personal dom\u00e9stico, el reajuste se pacto en cuatro tramos. Ahora, en el ante\u00faltimo mes del a\u00f1o, llega el \u00faltimo tramo y las partes volver\u00e1n a reabrir el di\u00e1logo el mes que comienza el martes.<\/p>\n\n\n\n<p>El sindicato gestion\u00f3 una suba de <strong>36% repartida en cuatro tramos de 9% cada uno<\/strong>, repartidos en agosto, septiembre, octubre y noviembre.<\/p>\n\n\n\n<p>Para las trabajadoras de la quinta categor\u00eda, la m\u00e1s demandada del mercado, los salarios quedaron as\u00ed:<\/p>\n\n\n\n<ul class=\"wp-block-list\"><li>$48.524 en agosto<\/li><li>$52.531 en septiembre<\/li><li>$56.537 en octubre<\/li><li>$60.544 en noviembre<\/li><\/ul>\n\n\n\n<h3 class=\"wp-block-heading\">Alquileres<\/h3>\n\n\n\n<p>Los inquilinos que ingresan a una propiedad o renuevan sus contratos bajo la Ley de alquileres deber\u00e1n afrontar un <strong><a href=\"https:\/\/www.argentina.gob.ar\/noticias\/el-bcra-oficializo-el-metodo-para-calcular-el-ajuste-anual-de-los-alquileres\" target=\"_blank\" rel=\"noreferrer noopener\">alza en torno al 73% anual<\/a><\/strong>. Son casi seis puntos porcentuales m\u00e1s que el mes anterior, que hab\u00eda dejado incrementos del 67,3%.<\/p>\n\n\n\n<h3 class=\"wp-block-heading\">Expensas<\/h3>\n\n\n\n<p>La Federaci\u00f3n Argentina de Trabajadores de Edificios de Renta y Particulares (FATERYH) firm\u00f3 un <strong><a href=\"https:\/\/fateryh.org.ar\/planilla-salarial-vigente\/\" target=\"_blank\" rel=\"noreferrer noopener\">nuevo acuerdo salarial<\/a> el 21 de octubre de 2022<\/strong> que prev\u00e9 incrementos salariales del 16% para octubre, 16% para noviembre y 16% para de enero de 2023.<\/p>\n\n\n\n<p>Adem\u00e1s de esas subas, hay que tener en cuenta tambi\u00e9n la cuota del <strong>bono retributivo firmado el 5 de julio de 2022<\/strong>. El monto total de ese bono es de $ 134.000, que se abonar\u00e1 en 7 cuotas: dos cuotas de $12.000 (agosto y septiembre), dos de $18.000 (octubre y noviembre), dos de $ 24.000 (diciembre y enero), y una de $26.000, en febrero de 2023. <strong>En las expensas, estos incrementos para los encargados de edificio representan un 10%.<\/strong><\/p>\n\n\n\n<h3 class=\"wp-block-heading\">Gas Natural Comprimido (GNC)<\/h3>\n\n\n\n<p>Aumentar\u00e1 un peso a partir del lunes 1 de noviembre por lo cual <strong>se vender\u00e1 a un promedio de $ 47 <\/strong>en las estaciones de servicio del \u00c1rea Metropolitana de Buenos Aires (AMBA).<\/p>\n\n\n\n<p>El \u00faltimo aumento de GNC hab\u00eda sido en agosto. La suba hab\u00eda oscilado entre dos y tres pesos, seg\u00fan la regi\u00f3n. Este sigue siendo el combustible m\u00e1s econ\u00f3mico.<\/p>\n\n\n\n<h3 class=\"wp-block-heading\">Colegios privados<\/h3>\n\n\n\n<p>Las escuelas privadas bonaerenses que reciben ayuda estatal <strong>aumentar\u00e1n su cuota este mes<\/strong> un 6,5%, y alcanzar\u00e1 a 1,2 millones de alumnos que van a institutos con subvenci\u00f3n estatal. <strong>En diciembre el alza ser\u00e1 de un 10,7%.<\/strong><\/p>\n\n\n\n<p>Es la <strong>quinta vez que la direcci\u00f3n General de Escuelas habilita una modificaci\u00f3n<\/strong> arancelaria en el a\u00f1o.<\/p>\n\n\n\n<h3 class=\"wp-block-heading\">Taxis<\/h3>\n\n\n\n<p>La tarifa de los taxis en la Ciudad de Buenos Aires <strong>aumentar\u00e1 un 20% en noviembre, ya hab\u00eda subido un 30% la bajada de bandera <\/strong>en septiembre. Ambas subas se suman a la registrada en abril, que fue del 20%.<\/p>\n\n\n\n<p>Estos incrementos fueron confirmados por el Gobierno porte\u00f1o con una publicaci\u00f3n en el Bolet\u00edn Oficial de principios de septiembre. Ya <strong>hab\u00eda sido tratado en una audiencia p\u00fablica<\/strong>, un requisito obligatorio pero no vinculante para poner en pr\u00e1ctica la medida.<\/p>\n","protected":false},"excerpt":{"rendered":"<p>Llegan en noviembre una decena de incrementos que golpear\u00e1n a\u00fan m\u00e1s los bolsillos. La inflaci\u00f3n no da tregua y llegan en noviembre nuevos aumentos que afectar\u00e1n la econom\u00eda dom\u00e9stica de todos los argentinos. Enterate uno a uno cu\u00e1les son y preparate para diciembre para cuando se espera un salto en las tarifas de los peajes&hellip;<\/p>\n","protected":false},"author":1,"featured_media":85509,"comment_status":"open","ping_status":"open","sticky":false,"template":"","format":"standard","meta":{"footnotes":""},"categories":[9],"tags":[17708,2115,2457,2450,11949,38560,1191,3551,4530,999],"class_list":["post-117684","post","type-post","status-publish","format-standard","has-post-thumbnail","hentry","category-economia","tag-agua-potable","tag-alquileres","tag-colegios-privados","tag-diario-el-sindical","tag-electricidad","tag-empleadas-de-casas-particulares","tag-expensas","tag-gas","tag-prepagas","tag-taxis"],"_links":{"self":[{"href":"https:\/\/www.elsindical.com.ar\/notas\/wp-json\/wp\/v2\/posts\/117684","targetHints":{"allow":["GET"]}}],"collection":[{"href":"https:\/\/www.elsindical.com.ar\/notas\/wp-json\/wp\/v2\/posts"}],"about":[{"href":"https:\/\/www.elsindical.com.ar\/notas\/wp-json\/wp\/v2\/types\/post"}],"author":[{"embeddable":true,"href":"https:\/\/www.elsindical.com.ar\/notas\/wp-json\/wp\/v2\/users\/1"}],"replies":[{"embeddable":true,"href":"https:\/\/www.elsindical.com.ar\/notas\/wp-json\/wp\/v2\/comments?post=117684"}],"version-history":[{"count":1,"href":"https:\/\/www.elsindical.com.ar\/notas\/wp-json\/wp\/v2\/posts\/117684\/revisions"}],"predecessor-version":[{"id":117685,"href":"https:\/\/www.elsindical.com.ar\/notas\/wp-json\/wp\/v2\/posts\/117684\/revisions\/117685"}],"wp:featuredmedia":[{"embeddable":true,"href":"https:\/\/www.elsindical.com.ar\/notas\/wp-json\/wp\/v2\/media\/85509"}],"wp:attachment":[{"href":"https:\/\/www.elsindical.com.ar\/notas\/wp-json\/wp\/v2\/media?parent=117684"}],"wp:term":[{"taxonomy":"category","embeddable":true,"href":"https:\/\/www.elsindical.com.ar\/notas\/wp-json\/wp\/v2\/categories?post=117684"},{"taxonomy":"post_tag","embeddable":true,"href":"https:\/\/www.elsindical.com.ar\/notas\/wp-json\/wp\/v2\/tags?post=117684"}],"curies":[{"name":"wp","href":"https:\/\/api.w.org\/{rel}","templated":true}]}}