{"id":117681,"date":"2022-10-31T07:34:46","date_gmt":"2022-10-31T10:34:46","guid":{"rendered":"https:\/\/www.elsindical.com.ar\/notas\/?p=117681"},"modified":"2022-10-31T07:34:47","modified_gmt":"2022-10-31T10:34:47","slug":"brasil-lula-sera-presidente-por-tercera-vez","status":"publish","type":"post","link":"https:\/\/www.elsindical.com.ar\/notas\/brasil-lula-sera-presidente-por-tercera-vez\/","title":{"rendered":"Brasil: Lula ser\u00e1 presidente por tercera vez"},"content":{"rendered":"<div class=\"wp-block-image\">\n<figure class=\"aligncenter size-large\"><a href=\"https:\/\/www.elsindical.com.ar\/notas\/var\/www\/html\/notas\/wp-content\/uploads\/2022\/10\/Lula-presidente-2023.jpg\"><img loading=\"lazy\" decoding=\"async\" width=\"1024\" height=\"576\" src=\"https:\/\/www.elsindical.com.ar\/notas\/var\/www\/html\/notas\/wp-content\/uploads\/2022\/10\/Lula-presidente-2023-1024x576.jpg\" alt=\"\" class=\"wp-image-117682\" srcset=\"https:\/\/www.elsindical.com.ar\/notas\/var\/www\/html\/notas\/wp-content\/uploads\/2022\/10\/Lula-presidente-2023-1024x576.jpg 1024w, https:\/\/www.elsindical.com.ar\/notas\/var\/www\/html\/notas\/wp-content\/uploads\/2022\/10\/Lula-presidente-2023-300x169.jpg 300w, https:\/\/www.elsindical.com.ar\/notas\/var\/www\/html\/notas\/wp-content\/uploads\/2022\/10\/Lula-presidente-2023-768x432.jpg 768w, https:\/\/www.elsindical.com.ar\/notas\/var\/www\/html\/notas\/wp-content\/uploads\/2022\/10\/Lula-presidente-2023-500x281.jpg 500w, https:\/\/www.elsindical.com.ar\/notas\/var\/www\/html\/notas\/wp-content\/uploads\/2022\/10\/Lula-presidente-2023-460x260.jpg 460w, https:\/\/www.elsindical.com.ar\/notas\/var\/www\/html\/notas\/wp-content\/uploads\/2022\/10\/Lula-presidente-2023.jpg 1200w\" sizes=\"auto, (max-width: 1024px) 100vw, 1024px\" \/><\/a><\/figure>\n<\/div>\n\n\n<p>Las elecciones en Brasil son seguidas por la pol\u00edtica argentina<\/p>\n\n\n\n<p>Las <strong>elecciones en Brasil con sus comicios de segunda vuelta <\/strong>est\u00e1n en su tramo final y con casi el 99% de los votos escrutados el l\u00edder del Partido de los Trabajadores (PT), Luiz In\u00e1cio Lula Da Silva con el 50.83% de los votos est\u00e1 a un paso de volver a Planalto por tercera vez.<\/p>\n\n\n\n<p>Enfrente, el presidente Jair Bolsonaro logr\u00f3 el 49.17% de los votos. \u201c<strong>Elei\u00e7\u00e3o matematicamente definida (Eleito)\u201d es decir \u201cElecci\u00f3n matem\u00e1ticamente definida (Electo)\u201d,<\/strong> indica el sitio del tribunal electoral del Brasil, aunque los candidatos a\u00fan no se pronunciaron aunque Lula emiti\u00f3 un twit con la bandera y una palabra \u201cDemocracia\u201d<\/p>\n\n\n\n<p>El que s\u00ed se pronunci\u00f3 fue el presidente de Argentina, Alberto Fern\u00e1ndez quien felicit\u00f3 a Lula a trav\u00e9s de su cuenta en twitter donde destac\u00f3 que la victoria del paulista \u201cabre un <strong>nuevo tiempo para la historia de Am\u00e9rica Latina<\/strong>. Un tiempo de esperanza y de futuro que empieza hoy mismo\u201d.<\/p>\n\n\n\n<p>\u201cAc\u00e1 ten\u00e9s <strong>un compa\u00f1ero para trabajar y so\u00f1ar a lo grande <\/strong>el buen vivir de nuestros pueblos\u201d, subray\u00f3 Fern\u00e1ndez.<\/p>\n\n\n\n<h3 class=\"wp-block-heading\">Elecciones en Brasil: voto a voto<\/h3>\n\n\n\n<p>Apenas finaliz\u00f3 el tiempo para sufragar, las casillas de votaci\u00f3n empezaron a transmitir sus resultados y a los pocos minutos ya hab\u00eda datos. <strong>Pasadas las 17.30, con el 8,71% de los votos escrutados, Bolsonaro llegaba al 52,22% y Lula al 47,78%.<\/strong><\/p>\n\n\n\n<p>Luego de las 18, habi\u00e9ndose contado el 38,96% de los votos, el actual presidente alcanzaba el<strong> 50,70% y su competidor iba detr\u00e1s con el 49,34%.<\/strong><\/p>\n\n\n\n<p>A las 18.45, Lula retomaba la delantera 50.02 contra 49.98 con 67% de las mesas escrutadas.<\/p>\n\n\n\n<p>La tendencia no era definitiva y a medida que se van cargando datos, el l\u00edder del Partido de los Trabajadores (PT) recortaba la distancia que lo separa de Bolsonaro pero en este sentido es <strong>importante saber qu\u00e9 estados son los que se van cargando<\/strong>.<\/p>\n\n\n\n<p>Los resultados se pueden seguir en l\u00ednea en el sitio del <strong>Tribunal Superior Electoral de Brasil<\/strong>.<\/p>\n\n\n\n<p>Los n\u00fameros <strong>no eran representativos del total <\/strong>y para una tendencia definitiva se debe esperar a un mayor porcentaje de sufragios contabilizados.<\/p>\n\n\n\n<p>La jornada <strong>se desarroll\u00f3 con normalidad en la mayor\u00eda de los estados<\/strong>, aunque el equipo de Lula denunci\u00f3 irregularidades en operativos de la Polic\u00eda Federal de Carreteras, que -seg\u00fan la presentaci\u00f3n- buscaban impedir el voto de los ciudadanos que quer\u00edan hacerlo por el PT.<\/p>\n\n\n\n<p>Sin embargo, el Tribunal Superior Electoral de Brasil (TSR) <strong>rechaz\u00f3 las acusaciones <\/strong>y dijo que \u201cen ning\u00fan caso\u201d los procedimientos policiales perjudicaron el voto, aunque admitieron que s\u00ed pudieron demorarlo.<\/p>\n\n\n\n<p>Lula Da Silva esperar\u00e1 una tendencia definitiva en San Pablo, en tanto que Bolsonaro se encuentra en Brasilia.<\/p>\n\n\n\n<p><\/p>\n","protected":false},"excerpt":{"rendered":"<p>Las elecciones en Brasil son seguidas por la pol\u00edtica argentina Las elecciones en Brasil con sus comicios de segunda vuelta est\u00e1n en su tramo final y con casi el 99% de los votos escrutados el l\u00edder del Partido de los Trabajadores (PT), Luiz In\u00e1cio Lula Da Silva con el 50.83% de los votos est\u00e1 a&hellip;<\/p>\n","protected":false},"author":1,"featured_media":117682,"comment_status":"open","ping_status":"open","sticky":false,"template":"","format":"standard","meta":{"footnotes":""},"categories":[18],"tags":[95,2450,244,29775,22156,10249],"class_list":["post-117681","post","type-post","status-publish","format-standard","has-post-thumbnail","hentry","category-internacionales","tag-brasil","tag-diario-el-sindical","tag-elecciones","tag-jair-bolsonaro","tag-lula-da-silva","tag-presidencia"],"_links":{"self":[{"href":"https:\/\/www.elsindical.com.ar\/notas\/wp-json\/wp\/v2\/posts\/117681","targetHints":{"allow":["GET"]}}],"collection":[{"href":"https:\/\/www.elsindical.com.ar\/notas\/wp-json\/wp\/v2\/posts"}],"about":[{"href":"https:\/\/www.elsindical.com.ar\/notas\/wp-json\/wp\/v2\/types\/post"}],"author":[{"embeddable":true,"href":"https:\/\/www.elsindical.com.ar\/notas\/wp-json\/wp\/v2\/users\/1"}],"replies":[{"embeddable":true,"href":"https:\/\/www.elsindical.com.ar\/notas\/wp-json\/wp\/v2\/comments?post=117681"}],"version-history":[{"count":1,"href":"https:\/\/www.elsindical.com.ar\/notas\/wp-json\/wp\/v2\/posts\/117681\/revisions"}],"predecessor-version":[{"id":117683,"href":"https:\/\/www.elsindical.com.ar\/notas\/wp-json\/wp\/v2\/posts\/117681\/revisions\/117683"}],"wp:featuredmedia":[{"embeddable":true,"href":"https:\/\/www.elsindical.com.ar\/notas\/wp-json\/wp\/v2\/media\/117682"}],"wp:attachment":[{"href":"https:\/\/www.elsindical.com.ar\/notas\/wp-json\/wp\/v2\/media?parent=117681"}],"wp:term":[{"taxonomy":"category","embeddable":true,"href":"https:\/\/www.elsindical.com.ar\/notas\/wp-json\/wp\/v2\/categories?post=117681"},{"taxonomy":"post_tag","embeddable":true,"href":"https:\/\/www.elsindical.com.ar\/notas\/wp-json\/wp\/v2\/tags?post=117681"}],"curies":[{"name":"wp","href":"https:\/\/api.w.org\/{rel}","templated":true}]}}