{"id":117615,"date":"2022-10-28T08:07:27","date_gmt":"2022-10-28T11:07:27","guid":{"rendered":"https:\/\/www.elsindical.com.ar\/notas\/?p=117615"},"modified":"2022-10-28T08:07:28","modified_gmt":"2022-10-28T11:07:28","slug":"avellaneda-desarticularon-una-banda-de-robacoches","status":"publish","type":"post","link":"https:\/\/www.elsindical.com.ar\/notas\/avellaneda-desarticularon-una-banda-de-robacoches\/","title":{"rendered":"Avellaneda: Desarticularon una banda de robacoches"},"content":{"rendered":"\n<figure class=\"wp-block-image size-full\"><a href=\"https:\/\/www.elsindical.com.ar\/notas\/var\/www\/html\/notas\/wp-content\/uploads\/2022\/10\/Robacoches-de-Avellaneda.jpg\"><img loading=\"lazy\" decoding=\"async\" width=\"887\" height=\"499\" src=\"https:\/\/www.elsindical.com.ar\/notas\/var\/www\/html\/notas\/wp-content\/uploads\/2022\/10\/Robacoches-de-Avellaneda.jpg\" alt=\"\" class=\"wp-image-117616\" srcset=\"https:\/\/www.elsindical.com.ar\/notas\/var\/www\/html\/notas\/wp-content\/uploads\/2022\/10\/Robacoches-de-Avellaneda.jpg 887w, https:\/\/www.elsindical.com.ar\/notas\/var\/www\/html\/notas\/wp-content\/uploads\/2022\/10\/Robacoches-de-Avellaneda-300x169.jpg 300w, https:\/\/www.elsindical.com.ar\/notas\/var\/www\/html\/notas\/wp-content\/uploads\/2022\/10\/Robacoches-de-Avellaneda-768x432.jpg 768w, https:\/\/www.elsindical.com.ar\/notas\/var\/www\/html\/notas\/wp-content\/uploads\/2022\/10\/Robacoches-de-Avellaneda-500x281.jpg 500w, https:\/\/www.elsindical.com.ar\/notas\/var\/www\/html\/notas\/wp-content\/uploads\/2022\/10\/Robacoches-de-Avellaneda-460x260.jpg 460w\" sizes=\"auto, (max-width: 887px) 100vw, 887px\" \/><\/a><\/figure>\n\n\n\n<p>Los robacoches de Avellaneda integraban una banda que usaba inhibidores de alarmas.<\/p>\n\n\n\n<p>Una banda de <strong>robacoches de Avellaneda fue desarticulada <\/strong>tras una investigaci\u00f3n que comenz\u00f3 a causa de un robo en La Plata del que fue v\u00edctima un jefe de la Polic\u00eda Federal Argentina y, por la cual, ya hay dos detenidos acusados de integrar una banda que utiliza inhibidores de alarmas para saquear elementos de valor de los autos.<\/p>\n\n\n\n<p>El robo que desat\u00f3 los arrestos ocurri\u00f3 este domingo cuando <strong>un comisario mayor, par\u00f3 en una parrilla de la Ruta 2 a la altura de la localidad de El Peligro <\/strong>y cuando regres\u00f3 a su coche advirti\u00f3 que hab\u00eda sido v\u00edctima del robo de un celular, su caja de herramientas y otros efectos de valor seg\u00fan consta en la denuncia que radic\u00f3.<\/p>\n\n\n\n<p>A partir de ese momento, el <strong>Gabinete T\u00e9cnico Operativo de la comisar\u00eda platense de Abasto realiz\u00f3 un rastreo satelital al celular robado <\/strong>que detect\u00f3 la se\u00f1al del dispositivo en una vivienda de Wilde, partido de Avellaneda, donde viv\u00eda uno de los integrantes de la banda delictiva.<\/p>\n\n\n\n<h3 class=\"wp-block-heading\">El allanamiento a los robacoches de Avellaneda<\/h3>\n\n\n\n<p>Posteriormente, y con intervenci\u00f3n de la UFI 6 a cargo del fiscal Marcelo Romero, dispusieron los allanamientos y en el domicilio del sospechoso de la calle <strong>Coronel Lynch y Malvinas Argentinas, Wilde<\/strong>, donde detuvieron a Manuel Jes\u00fas Caro, de 40 a\u00f1os, y a una mujer de 42 a\u00f1os, identificada como Delia Nieves Gonz\u00e1lez, quien ser\u00eda c\u00f3mplice.<\/p>\n\n\n\n<p>En el procedimiento se incautaron una <strong>pistola 9 mil\u00edmetros, dos inhibidores, dos cajas de herramientas, proyectiles y 43.000 pesos<\/strong>, entre otros objetos de inter\u00e9s para la causa, que seg\u00fan se estima ten\u00edan como destino el mercado negro.<\/p>\n\n\n\n<figure class=\"wp-block-image size-full\"><a href=\"https:\/\/www.elsindical.com.ar\/notas\/var\/www\/html\/notas\/wp-content\/uploads\/2022\/10\/Robacoches-de-Avellaneda2.jpg\"><img loading=\"lazy\" decoding=\"async\" width=\"888\" height=\"500\" src=\"https:\/\/www.elsindical.com.ar\/notas\/var\/www\/html\/notas\/wp-content\/uploads\/2022\/10\/Robacoches-de-Avellaneda2.jpg\" alt=\"\" class=\"wp-image-117617\" srcset=\"https:\/\/www.elsindical.com.ar\/notas\/var\/www\/html\/notas\/wp-content\/uploads\/2022\/10\/Robacoches-de-Avellaneda2.jpg 888w, https:\/\/www.elsindical.com.ar\/notas\/var\/www\/html\/notas\/wp-content\/uploads\/2022\/10\/Robacoches-de-Avellaneda2-300x169.jpg 300w, https:\/\/www.elsindical.com.ar\/notas\/var\/www\/html\/notas\/wp-content\/uploads\/2022\/10\/Robacoches-de-Avellaneda2-768x432.jpg 768w, https:\/\/www.elsindical.com.ar\/notas\/var\/www\/html\/notas\/wp-content\/uploads\/2022\/10\/Robacoches-de-Avellaneda2-500x282.jpg 500w, https:\/\/www.elsindical.com.ar\/notas\/var\/www\/html\/notas\/wp-content\/uploads\/2022\/10\/Robacoches-de-Avellaneda2-460x260.jpg 460w\" sizes=\"auto, (max-width: 888px) 100vw, 888px\" \/><\/a><\/figure>\n","protected":false},"excerpt":{"rendered":"<p>Los robacoches de Avellaneda integraban una banda que usaba inhibidores de alarmas. Una banda de robacoches de Avellaneda fue desarticulada tras una investigaci\u00f3n que comenz\u00f3 a causa de un robo en La Plata del que fue v\u00edctima un jefe de la Polic\u00eda Federal Argentina y, por la cual, ya hay dos detenidos acusados de integrar&hellip;<\/p>\n","protected":false},"author":1,"featured_media":117616,"comment_status":"open","ping_status":"open","sticky":false,"template":"","format":"standard","meta":{"footnotes":""},"categories":[22],"tags":[493,461,2450,239,698,38538,882],"class_list":["post-117615","post","type-post","status-publish","format-standard","has-post-thumbnail","hentry","category-policiales","tag-allanamientos","tag-avellaneda","tag-diario-el-sindical","tag-la-plata","tag-pfa","tag-roba-coches","tag-wilde"],"_links":{"self":[{"href":"https:\/\/www.elsindical.com.ar\/notas\/wp-json\/wp\/v2\/posts\/117615","targetHints":{"allow":["GET"]}}],"collection":[{"href":"https:\/\/www.elsindical.com.ar\/notas\/wp-json\/wp\/v2\/posts"}],"about":[{"href":"https:\/\/www.elsindical.com.ar\/notas\/wp-json\/wp\/v2\/types\/post"}],"author":[{"embeddable":true,"href":"https:\/\/www.elsindical.com.ar\/notas\/wp-json\/wp\/v2\/users\/1"}],"replies":[{"embeddable":true,"href":"https:\/\/www.elsindical.com.ar\/notas\/wp-json\/wp\/v2\/comments?post=117615"}],"version-history":[{"count":1,"href":"https:\/\/www.elsindical.com.ar\/notas\/wp-json\/wp\/v2\/posts\/117615\/revisions"}],"predecessor-version":[{"id":117618,"href":"https:\/\/www.elsindical.com.ar\/notas\/wp-json\/wp\/v2\/posts\/117615\/revisions\/117618"}],"wp:featuredmedia":[{"embeddable":true,"href":"https:\/\/www.elsindical.com.ar\/notas\/wp-json\/wp\/v2\/media\/117616"}],"wp:attachment":[{"href":"https:\/\/www.elsindical.com.ar\/notas\/wp-json\/wp\/v2\/media?parent=117615"}],"wp:term":[{"taxonomy":"category","embeddable":true,"href":"https:\/\/www.elsindical.com.ar\/notas\/wp-json\/wp\/v2\/categories?post=117615"},{"taxonomy":"post_tag","embeddable":true,"href":"https:\/\/www.elsindical.com.ar\/notas\/wp-json\/wp\/v2\/tags?post=117615"}],"curies":[{"name":"wp","href":"https:\/\/api.w.org\/{rel}","templated":true}]}}