{"id":117612,"date":"2022-10-28T07:55:36","date_gmt":"2022-10-28T10:55:36","guid":{"rendered":"https:\/\/www.elsindical.com.ar\/notas\/?p=117612"},"modified":"2022-10-28T07:55:37","modified_gmt":"2022-10-28T10:55:37","slug":"marcelo-frecha-anclado-en-el-ridiculo","status":"publish","type":"post","link":"https:\/\/www.elsindical.com.ar\/notas\/marcelo-frecha-anclado-en-el-ridiculo\/","title":{"rendered":"Marcelo Frecha anclado en el rid\u00edculo"},"content":{"rendered":"<div class=\"wp-block-image\">\n<figure class=\"aligncenter size-full\"><a href=\"https:\/\/www.elsindical.com.ar\/notas\/var\/www\/html\/notas\/wp-content\/uploads\/2020\/03\/Marcelo-Frecha.jpg\"><img loading=\"lazy\" decoding=\"async\" width=\"468\" height=\"620\" src=\"https:\/\/www.elsindical.com.ar\/notas\/var\/www\/html\/notas\/wp-content\/uploads\/2020\/03\/Marcelo-Frecha.jpg\" alt=\"\" class=\"wp-image-94422\" srcset=\"https:\/\/www.elsindical.com.ar\/notas\/var\/www\/html\/notas\/wp-content\/uploads\/2020\/03\/Marcelo-Frecha.jpg 468w, https:\/\/www.elsindical.com.ar\/notas\/var\/www\/html\/notas\/wp-content\/uploads\/2020\/03\/Marcelo-Frecha-226x300.jpg 226w\" sizes=\"auto, (max-width: 468px) 100vw, 468px\" \/><\/a><\/figure>\n<\/div>\n\n\n<p>   Marcelo Frecha, el responsable de la p\u00e1gina Foro Vecinal Avellaneda Segura, parece no mejorar con los a\u00f1os y seguir anclado en el rid\u00edculo por las contradicciones e incoherencias en sus publicaciones, sigue en esa impostura de opinar sobre seguridad cuando no solo no tiene experiencia alguna de gesti\u00f3n, sino que no re\u00fane formaci\u00f3n alguna que avale sus publicaciones, m\u00e1s esa tentaci\u00f3n de inventar historias.<\/p>\n\n\n\n<p>Si se lo toma como un personaje de las redes sociales, es uno m\u00e1s de esos tantos que opinan de todo y no saben de nada, hay que reconocer que como dice el refr\u00e1n la culpa no es del chanco sino de quien le da de comer y eso habla muy mal de cientos de vecinos de Avellaneda que se enganchan con una persona as\u00ed.<\/p>\n\n\n\n<p>En una de sus \u00faltimas publicaciones vuelve sobre el tema de la Secretaria de Seguridad, un lugar con el que sue\u00f1a desde hace a\u00f1os y suele escribir en nombre de los vecinos como si hubiera ganado alguna elecci\u00f3n que lo avale como representante, es decir, lo suyo es manipular.<\/p>\n\n\n\n<p>Ahora rosqueando y desinformando critica las vacaciones del actual subsecretario de seguridad Mart\u00edn M. lo menciona as\u00ed, porque es algo habitual de Marcelo Frecha el ser un completo cobarde que cacarea, pero  es cultor del mucho ruido pocas nueces.<\/p>\n\n\n\n<p>Se pas\u00f3 a\u00f1os denostando la dupla M\u00f3nica Guirelli-Marcelo Rey y ahora el mismo la pide??, ah cierto en su publicaci\u00f3n solo dice M.G y para seguir desinformando la ubica como secretaria de habitad??, este seudo influencer, parece que no tiene problemas en mostrarse como un ignorante, el cargo actual de M.G es el de secretaria de Desarrollo Territorial.<\/p>\n\n\n\n<p>Una vez m\u00e1s es necesario decirle la verdad a los vecinos, Marcelo Frecha es un combo peligroso para informarse, sabe poco, miente mucho, como todo cobarde no da la cara y donde ve un billete cambia de posici\u00f3n en sus publicaciones, por su p\u00e1gina han pasado delincuentes a los que promociono y promociona sin importarle otra cosa que el pago, sigue sin mencionar temas importantes para la seguridad como ser crecimiento de la venta de drogas, motochorros y locales que sin control compran y venden celulares robados, corrupci\u00f3n, zonas donde las c\u00e1maras de seguridad municipal no funcionan o apuntan curiosamente en direcci\u00f3n contraria de puntos donde convergen delincuentes a diario, el deficiente trabajo de las fiscal\u00edas locales, las roscas pol\u00edticas que se financian con lo que venga, mucho como para que Marcelo Frecha no diga nada, si es honesto y coherente, como dice la canci\u00f3n yo te avise y vos no me escuchaste.<\/p>\n\n\n<div class=\"wp-block-image\">\n<figure class=\"aligncenter size-full\"><a href=\"https:\/\/www.elsindical.com.ar\/notas\/var\/www\/html\/notas\/wp-content\/uploads\/2022\/10\/Publicacion-del-foro-sobre-sec-seg.jpg\"><img loading=\"lazy\" decoding=\"async\" width=\"595\" height=\"622\" src=\"https:\/\/www.elsindical.com.ar\/notas\/var\/www\/html\/notas\/wp-content\/uploads\/2022\/10\/Publicacion-del-foro-sobre-sec-seg.jpg\" alt=\"\" class=\"wp-image-117613\" srcset=\"https:\/\/www.elsindical.com.ar\/notas\/var\/www\/html\/notas\/wp-content\/uploads\/2022\/10\/Publicacion-del-foro-sobre-sec-seg.jpg 595w, https:\/\/www.elsindical.com.ar\/notas\/var\/www\/html\/notas\/wp-content\/uploads\/2022\/10\/Publicacion-del-foro-sobre-sec-seg-287x300.jpg 287w\" sizes=\"auto, (max-width: 595px) 100vw, 595px\" \/><\/a><\/figure>\n<\/div>\n\n\n<p>Marcelo Ricardo Hawrylciw<\/p>\n","protected":false},"excerpt":{"rendered":"<p>Marcelo Frecha, el responsable de la p\u00e1gina Foro Vecinal Avellaneda Segura, parece no mejorar con los a\u00f1os y seguir anclado en el rid\u00edculo por las contradicciones e incoherencias en sus publicaciones, sigue en esa impostura de opinar sobre seguridad cuando no solo no tiene experiencia alguna de gesti\u00f3n, sino que no re\u00fane formaci\u00f3n alguna que&hellip;<\/p>\n","protected":false},"author":1,"featured_media":94422,"comment_status":"open","ping_status":"open","sticky":false,"template":"","format":"standard","meta":{"footnotes":""},"categories":[10],"tags":[461,2450,17824,17822,21958,35114,11590],"class_list":["post-117612","post","type-post","status-publish","format-standard","has-post-thumbnail","hentry","category-editorial","tag-avellaneda","tag-diario-el-sindical","tag-foro-vecinal-avellaneda-segura","tag-marcelo-frecha","tag-marcelo-rey","tag-monica-guirelli","tag-secretaria-de-seguridad"],"_links":{"self":[{"href":"https:\/\/www.elsindical.com.ar\/notas\/wp-json\/wp\/v2\/posts\/117612","targetHints":{"allow":["GET"]}}],"collection":[{"href":"https:\/\/www.elsindical.com.ar\/notas\/wp-json\/wp\/v2\/posts"}],"about":[{"href":"https:\/\/www.elsindical.com.ar\/notas\/wp-json\/wp\/v2\/types\/post"}],"author":[{"embeddable":true,"href":"https:\/\/www.elsindical.com.ar\/notas\/wp-json\/wp\/v2\/users\/1"}],"replies":[{"embeddable":true,"href":"https:\/\/www.elsindical.com.ar\/notas\/wp-json\/wp\/v2\/comments?post=117612"}],"version-history":[{"count":1,"href":"https:\/\/www.elsindical.com.ar\/notas\/wp-json\/wp\/v2\/posts\/117612\/revisions"}],"predecessor-version":[{"id":117614,"href":"https:\/\/www.elsindical.com.ar\/notas\/wp-json\/wp\/v2\/posts\/117612\/revisions\/117614"}],"wp:featuredmedia":[{"embeddable":true,"href":"https:\/\/www.elsindical.com.ar\/notas\/wp-json\/wp\/v2\/media\/94422"}],"wp:attachment":[{"href":"https:\/\/www.elsindical.com.ar\/notas\/wp-json\/wp\/v2\/media?parent=117612"}],"wp:term":[{"taxonomy":"category","embeddable":true,"href":"https:\/\/www.elsindical.com.ar\/notas\/wp-json\/wp\/v2\/categories?post=117612"},{"taxonomy":"post_tag","embeddable":true,"href":"https:\/\/www.elsindical.com.ar\/notas\/wp-json\/wp\/v2\/tags?post=117612"}],"curies":[{"name":"wp","href":"https:\/\/api.w.org\/{rel}","templated":true}]}}