{"id":117609,"date":"2022-10-28T00:31:31","date_gmt":"2022-10-28T03:31:31","guid":{"rendered":"https:\/\/www.elsindical.com.ar\/notas\/?p=117609"},"modified":"2022-10-28T00:31:32","modified_gmt":"2022-10-28T03:31:32","slug":"la-ley-de-alcohol-cero-tiene-media-sancion-en-el-senado-bonaerense","status":"publish","type":"post","link":"https:\/\/www.elsindical.com.ar\/notas\/la-ley-de-alcohol-cero-tiene-media-sancion-en-el-senado-bonaerense\/","title":{"rendered":"La ley de alcohol cero tiene media sanci\u00f3n en el Senado bonaerense"},"content":{"rendered":"\n<figure class=\"wp-block-image size-full\"><a href=\"https:\/\/www.elsindical.com.ar\/notas\/var\/www\/html\/notas\/wp-content\/uploads\/2022\/10\/Senado-bonaerense-2022.jpg\"><img loading=\"lazy\" decoding=\"async\" width=\"845\" height=\"493\" src=\"https:\/\/www.elsindical.com.ar\/notas\/var\/www\/html\/notas\/wp-content\/uploads\/2022\/10\/Senado-bonaerense-2022.jpg\" alt=\"\" class=\"wp-image-117610\" srcset=\"https:\/\/www.elsindical.com.ar\/notas\/var\/www\/html\/notas\/wp-content\/uploads\/2022\/10\/Senado-bonaerense-2022.jpg 845w, https:\/\/www.elsindical.com.ar\/notas\/var\/www\/html\/notas\/wp-content\/uploads\/2022\/10\/Senado-bonaerense-2022-300x175.jpg 300w, https:\/\/www.elsindical.com.ar\/notas\/var\/www\/html\/notas\/wp-content\/uploads\/2022\/10\/Senado-bonaerense-2022-768x448.jpg 768w, https:\/\/www.elsindical.com.ar\/notas\/var\/www\/html\/notas\/wp-content\/uploads\/2022\/10\/Senado-bonaerense-2022-500x292.jpg 500w\" sizes=\"auto, (max-width: 845px) 100vw, 845px\" \/><\/a><\/figure>\n\n\n\n<p>La sesi\u00f3n tuvo un amplio debate, en el que participaron familiares de v\u00edctimas, expertos y se escuch\u00f3 a las c\u00e1maras de empresas.<\/p>\n\n\n\n<p>El <strong>Senado bonaerense<\/strong> le dio <strong>media sanci\u00f3n a la ley<\/strong> <strong>de alcohol cero<\/strong> al volante por amplia mayor\u00eda y ahora el proyecto ser\u00e1 girado a la C\u00e1mara de Diputados. El proyecto <strong>recibi\u00f3 dictamen de mayor\u00eda<\/strong> en el plenario conjunto de las comisiones de Prevenci\u00f3n de las Adicciones, de Transporte y de Legislaci\u00f3n General.<\/p>\n\n\n\n<p>La sesi\u00f3n tuvo <strong>un amplio debate<\/strong>, en el que participaron familiares de v\u00edctimas, expertos y se escuch\u00f3 a las c\u00e1maras de empresas vitivin\u00edcolas y de fabricantes de bebidas alcoh\u00f3licas.<\/p>\n\n\n\n<p>La ley que se <strong>vot\u00f3 recogi\u00f3<\/strong> los lineamientos de tres proyectos: uno que lleva la firma del gobernador Axel Kicillof, otro de autor\u00eda de Jos\u00e9 Luis Pallares (Frente de Todos) y un tercero elaborado por la senadora de Juntos por el Cambio Claudia Rucci.<\/p>\n\n\n\n<p>El dictamen de mayor\u00eda recept\u00f3 los aportes vertidos en el plenario conjunto de comisiones que realiz\u00f3 cuatro reuniones con especialistas en siniestralidad vial, expertos en toxicolog\u00eda, funcionarios municipales, t\u00e9cnicos del INTI y familiares de v\u00edctimas.<\/p>\n\n\n\n<p>La <strong>norma votada<\/strong> contempla desde arresto hasta la retenci\u00f3n de la licencia y la inhabilitaci\u00f3n para conducir de acuerdo al nivel de alcohol en sangre: hasta los 0,49 gramos por litro la retenci\u00f3n ser\u00e1 de tres meses, mientras que los que tengan m\u00e1s de 1,5 g\/l ser\u00e1 de 18 meses.<\/p>\n\n\n\n<p>Quienes <strong>no cumplan con la ley deber\u00e1n<\/strong> tambi\u00e9n afrontar una multa y concurrir obligatoriamente a cursos especiales de educaci\u00f3n y capacitaci\u00f3n para el correcto uso de la v\u00eda p\u00fablica.<\/p>\n\n\n\n<h2 class=\"wp-block-heading\">Qu\u00e9 dice el proyecto<\/h2>\n\n\n\n<p>Seg\u00fan inform\u00f3 el portal de <strong>Diputados Bonaerenses<\/strong>, una de las novedades que se agreg\u00f3 a \u00faltimo momento a pedido de la bancada de senadores de Juntos por el Cambio: un fondo para que los 135 municipios de la provincia de Buenos Aires puedan aplicar en territorio la ley de alcohol cero, que se distribuir\u00e1 mediante el Coeficiente \u00danico de Distribuci\u00f3n (CUD).<\/p>\n\n\n\n<p>Las partidas<strong> se incluir\u00e1n<\/strong> en un art\u00edculo del proyecto de Presupuesto 2023 que ingresar\u00e1 el Poder Ejecutivo por la C\u00e1mara de Diputados bonaerense.<\/p>\n\n\n\n<p>Actualmente, el nivel de alcohol m\u00e1ximo permitido para los conductores en territorio bonaerense es de 0,5 gramos de alcohol por litro de sangre.<\/p>\n\n\n\n<p>No obstante, <strong>la tolerancia cero al alcohol<\/strong> ya rige como ley en las provincias de C\u00f3rdoba, Entre R\u00edos, Jujuy, R\u00edo Negro, Salta, Santa Cruz, Tierra del Fuego y Tucum\u00e1n.<\/p>\n\n\n\n<p>Tambi\u00e9n como ordenanza municipal en los partidos bonaerenses de General Pueyrred\u00f3n, Moreno, Tigre, Ezeiza, Bragado y General Rodr\u00edguez; y en ciudades del interior del pa\u00eds como Posadas y Garup\u00e1 (Misiones), Neuqu\u00e9n Capital, Pueblo Esther, Reconquista, Rosario y Santa Fe (Santa Fe).<\/p>\n","protected":false},"excerpt":{"rendered":"<p>La sesi\u00f3n tuvo un amplio debate, en el que participaron familiares de v\u00edctimas, expertos y se escuch\u00f3 a las c\u00e1maras de empresas. El Senado bonaerense le dio media sanci\u00f3n a la ley de alcohol cero al volante por amplia mayor\u00eda y ahora el proyecto ser\u00e1 girado a la C\u00e1mara de Diputados. El proyecto recibi\u00f3 dictamen&hellip;<\/p>\n","protected":false},"author":1,"featured_media":117610,"comment_status":"open","ping_status":"open","sticky":false,"template":"","format":"standard","meta":{"footnotes":""},"categories":[13],"tags":[108,2450,38537,30087],"class_list":["post-117609","post","type-post","status-publish","format-standard","has-post-thumbnail","hentry","category-politica","tag-alcohol","tag-diario-el-sindical","tag-ley-tolerancia-cero","tag-senado-bonaerense"],"_links":{"self":[{"href":"https:\/\/www.elsindical.com.ar\/notas\/wp-json\/wp\/v2\/posts\/117609","targetHints":{"allow":["GET"]}}],"collection":[{"href":"https:\/\/www.elsindical.com.ar\/notas\/wp-json\/wp\/v2\/posts"}],"about":[{"href":"https:\/\/www.elsindical.com.ar\/notas\/wp-json\/wp\/v2\/types\/post"}],"author":[{"embeddable":true,"href":"https:\/\/www.elsindical.com.ar\/notas\/wp-json\/wp\/v2\/users\/1"}],"replies":[{"embeddable":true,"href":"https:\/\/www.elsindical.com.ar\/notas\/wp-json\/wp\/v2\/comments?post=117609"}],"version-history":[{"count":1,"href":"https:\/\/www.elsindical.com.ar\/notas\/wp-json\/wp\/v2\/posts\/117609\/revisions"}],"predecessor-version":[{"id":117611,"href":"https:\/\/www.elsindical.com.ar\/notas\/wp-json\/wp\/v2\/posts\/117609\/revisions\/117611"}],"wp:featuredmedia":[{"embeddable":true,"href":"https:\/\/www.elsindical.com.ar\/notas\/wp-json\/wp\/v2\/media\/117610"}],"wp:attachment":[{"href":"https:\/\/www.elsindical.com.ar\/notas\/wp-json\/wp\/v2\/media?parent=117609"}],"wp:term":[{"taxonomy":"category","embeddable":true,"href":"https:\/\/www.elsindical.com.ar\/notas\/wp-json\/wp\/v2\/categories?post=117609"},{"taxonomy":"post_tag","embeddable":true,"href":"https:\/\/www.elsindical.com.ar\/notas\/wp-json\/wp\/v2\/tags?post=117609"}],"curies":[{"name":"wp","href":"https:\/\/api.w.org\/{rel}","templated":true}]}}