{"id":117559,"date":"2022-10-25T16:19:39","date_gmt":"2022-10-25T19:19:39","guid":{"rendered":"https:\/\/www.elsindical.com.ar\/notas\/?p=117559"},"modified":"2022-10-25T16:19:40","modified_gmt":"2022-10-25T19:19:40","slug":"la-pfa-desbarato-una-banda-dedicada-al-comercio-ilegal-de-medicamentos","status":"publish","type":"post","link":"https:\/\/www.elsindical.com.ar\/notas\/la-pfa-desbarato-una-banda-dedicada-al-comercio-ilegal-de-medicamentos\/","title":{"rendered":"La PFA desbarato una banda dedicada al comercio ilegal de medicamentos"},"content":{"rendered":"\n<figure class=\"wp-block-image size-large\"><a href=\"https:\/\/www.elsindical.com.ar\/notas\/var\/www\/html\/notas\/wp-content\/uploads\/2022\/10\/banda-desbaratada-PFA-1.jpeg\"><img loading=\"lazy\" decoding=\"async\" width=\"1024\" height=\"576\" src=\"https:\/\/www.elsindical.com.ar\/notas\/var\/www\/html\/notas\/wp-content\/uploads\/2022\/10\/banda-desbaratada-PFA-1-1024x576.jpeg\" alt=\"\" class=\"wp-image-117560\" srcset=\"https:\/\/www.elsindical.com.ar\/notas\/var\/www\/html\/notas\/wp-content\/uploads\/2022\/10\/banda-desbaratada-PFA-1-1024x576.jpeg 1024w, https:\/\/www.elsindical.com.ar\/notas\/var\/www\/html\/notas\/wp-content\/uploads\/2022\/10\/banda-desbaratada-PFA-1-300x169.jpeg 300w, https:\/\/www.elsindical.com.ar\/notas\/var\/www\/html\/notas\/wp-content\/uploads\/2022\/10\/banda-desbaratada-PFA-1-768x432.jpeg 768w, https:\/\/www.elsindical.com.ar\/notas\/var\/www\/html\/notas\/wp-content\/uploads\/2022\/10\/banda-desbaratada-PFA-1-500x281.jpeg 500w, https:\/\/www.elsindical.com.ar\/notas\/var\/www\/html\/notas\/wp-content\/uploads\/2022\/10\/banda-desbaratada-PFA-1-460x260.jpeg 460w, https:\/\/www.elsindical.com.ar\/notas\/var\/www\/html\/notas\/wp-content\/uploads\/2022\/10\/banda-desbaratada-PFA-1.jpeg 1280w\" sizes=\"auto, (max-width: 1024px) 100vw, 1024px\" \/><\/a><\/figure>\n\n\n\n<p>Agentes federales de la Divisi\u00f3n Delitos Contra la Salud P\u00fablica, desarticularon una organizaci\u00f3n il\u00edcita dedicada al acopio y comercio de medicamentos de manera ilegal, en el partido bonaerense de Ezeiza.<\/p>\n\n\n\n<p>Durante diversas tareas de ciberpatrullaje los uniformados detectaron la actividad de una empresa en la localidad de Carlos Spegazzini, que acopiaba y comercializaba il\u00edcitamente medicamentos, tanto de venta libre como de expendio bajo receta y bajo receta archivada, poniendo en riesgo la salud de las personas.<\/p>\n\n\n\n<p>En virtud de ello, el Juzgado en lo Criminal y Correccional Federal N\u00b02 de Lomas de Zamora, a cargo del Dr. Luis Armella, Secretar\u00eda N\u00b011 a cargo del Dr. Diego Alejandro Quiroga, orden\u00f3 el allanamiento a dicha distribuidora ubicada en el Polo Industrial Ezeiza sito sobre la calle Puente del Inca al 2000.<\/p>\n\n\n\n<p>Durante el operativo, cuatro hombres argentinos y mayores de edad fueron imputados en la causa. Asimismo se secuestraron noventa cajas por quince sobres de Uvasal, cuarenta cajas por veinte comprimidos de Tabcin plus, ochenta y nueve cajas por veinte comprimidos de Actron plus vencidos, doscientos cinco cajas por cincuenta comprimidos de Buscapina perla, nueve cajas por sesenta comprimidos de Ibupirac, una caja por veinte comprimidos de Qura plus, ciento cincuenta cajas por diez comprimidos de Sidenafil 50mg, diecis\u00e9is cajas por treinta bl\u00edster de diez comprimidos de Tafirol forte, setenta y ocho cajas por cuarenta bl\u00edster de diez comprimidos de Tafirol, un bibliorato que contiene documentaci\u00f3n respaldatoria de la maniobra il\u00edcita como remitos del proveedor a perflimp y raz\u00f3n social, dos notebooks, tres tel\u00e9fonos celulares, cuatrocientas cincuenta botellas de 1 litro de alcohol en gel vencido, trescientas cajas que contienen veinticuatro unidades de alcohol sanitizante vencido y 334 mil pesos en efectivo.<\/p>\n\n\n\n<p>Sin embargo, durante el procedimiento los uniformados advirtieron adem\u00e1s que en dicho lugar hab\u00eda una multiplicidad de piezas de caza, entre los que se encontraban especies en peligro de extinci\u00f3n como puma, ciervo dama, ciervo colorado, ciervo axis, etc, en infracci\u00f3n a la ley sobre conservaci\u00f3n de la fauna. En consecuencia, se convoc\u00f3 personal id\u00f3neo del Departamento Delitos Ambientales de esta Instituci\u00f3n, donde el experto veterinario procedi\u00f3 a su clasificaci\u00f3n.<\/p>\n\n\n\n<p>Los elementos secuestrados quedaron a disposici\u00f3n del magistrado interventor<\/p>\n\n\n\n<figure class=\"wp-block-gallery has-nested-images columns-1 is-cropped wp-block-gallery-1 is-layout-flex wp-block-gallery-is-layout-flex\">\n<figure class=\"wp-block-image size-large\"><a href=\"https:\/\/www.elsindical.com.ar\/notas\/var\/www\/html\/notas\/wp-content\/uploads\/2022\/10\/banda-desbaratada-PFA-5.jpeg\"><img loading=\"lazy\" decoding=\"async\" width=\"575\" height=\"1024\" data-id=\"117561\" src=\"https:\/\/www.elsindical.com.ar\/notas\/var\/www\/html\/notas\/wp-content\/uploads\/2022\/10\/banda-desbaratada-PFA-5-575x1024.jpeg\" alt=\"\" class=\"wp-image-117561\" srcset=\"https:\/\/www.elsindical.com.ar\/notas\/var\/www\/html\/notas\/wp-content\/uploads\/2022\/10\/banda-desbaratada-PFA-5-575x1024.jpeg 575w, https:\/\/www.elsindical.com.ar\/notas\/var\/www\/html\/notas\/wp-content\/uploads\/2022\/10\/banda-desbaratada-PFA-5-169x300.jpeg 169w, https:\/\/www.elsindical.com.ar\/notas\/var\/www\/html\/notas\/wp-content\/uploads\/2022\/10\/banda-desbaratada-PFA-5.jpeg 719w\" sizes=\"auto, (max-width: 575px) 100vw, 575px\" \/><\/a><\/figure>\n\n\n\n<figure class=\"wp-block-image size-large\"><a href=\"https:\/\/www.elsindical.com.ar\/notas\/var\/www\/html\/notas\/wp-content\/uploads\/2022\/10\/banda-desbaratada-PFA-4.jpeg\"><img loading=\"lazy\" decoding=\"async\" width=\"575\" height=\"1024\" data-id=\"117562\" src=\"https:\/\/www.elsindical.com.ar\/notas\/var\/www\/html\/notas\/wp-content\/uploads\/2022\/10\/banda-desbaratada-PFA-4-575x1024.jpeg\" alt=\"\" class=\"wp-image-117562\" srcset=\"https:\/\/www.elsindical.com.ar\/notas\/var\/www\/html\/notas\/wp-content\/uploads\/2022\/10\/banda-desbaratada-PFA-4-575x1024.jpeg 575w, https:\/\/www.elsindical.com.ar\/notas\/var\/www\/html\/notas\/wp-content\/uploads\/2022\/10\/banda-desbaratada-PFA-4-169x300.jpeg 169w, https:\/\/www.elsindical.com.ar\/notas\/var\/www\/html\/notas\/wp-content\/uploads\/2022\/10\/banda-desbaratada-PFA-4.jpeg 719w\" sizes=\"auto, (max-width: 575px) 100vw, 575px\" \/><\/a><\/figure>\n\n\n\n<figure class=\"wp-block-image size-large\"><a href=\"https:\/\/www.elsindical.com.ar\/notas\/var\/www\/html\/notas\/wp-content\/uploads\/2022\/10\/banda-desbaratada-PFA-3.jpeg\"><img loading=\"lazy\" decoding=\"async\" width=\"1024\" height=\"576\" data-id=\"117564\" src=\"https:\/\/www.elsindical.com.ar\/notas\/var\/www\/html\/notas\/wp-content\/uploads\/2022\/10\/banda-desbaratada-PFA-3-1024x576.jpeg\" alt=\"\" class=\"wp-image-117564\" srcset=\"https:\/\/www.elsindical.com.ar\/notas\/var\/www\/html\/notas\/wp-content\/uploads\/2022\/10\/banda-desbaratada-PFA-3-1024x576.jpeg 1024w, https:\/\/www.elsindical.com.ar\/notas\/var\/www\/html\/notas\/wp-content\/uploads\/2022\/10\/banda-desbaratada-PFA-3-300x169.jpeg 300w, https:\/\/www.elsindical.com.ar\/notas\/var\/www\/html\/notas\/wp-content\/uploads\/2022\/10\/banda-desbaratada-PFA-3-768x432.jpeg 768w, https:\/\/www.elsindical.com.ar\/notas\/var\/www\/html\/notas\/wp-content\/uploads\/2022\/10\/banda-desbaratada-PFA-3-500x281.jpeg 500w, https:\/\/www.elsindical.com.ar\/notas\/var\/www\/html\/notas\/wp-content\/uploads\/2022\/10\/banda-desbaratada-PFA-3-460x260.jpeg 460w, https:\/\/www.elsindical.com.ar\/notas\/var\/www\/html\/notas\/wp-content\/uploads\/2022\/10\/banda-desbaratada-PFA-3.jpeg 1280w\" sizes=\"auto, (max-width: 1024px) 100vw, 1024px\" \/><\/a><\/figure>\n\n\n\n<figure class=\"wp-block-image size-large\"><a href=\"https:\/\/www.elsindical.com.ar\/notas\/var\/www\/html\/notas\/wp-content\/uploads\/2022\/10\/banda-desbaratada-PFA-2.jpeg\"><img loading=\"lazy\" decoding=\"async\" width=\"1024\" height=\"576\" data-id=\"117563\" src=\"https:\/\/www.elsindical.com.ar\/notas\/var\/www\/html\/notas\/wp-content\/uploads\/2022\/10\/banda-desbaratada-PFA-2-1024x576.jpeg\" alt=\"\" class=\"wp-image-117563\" srcset=\"https:\/\/www.elsindical.com.ar\/notas\/var\/www\/html\/notas\/wp-content\/uploads\/2022\/10\/banda-desbaratada-PFA-2-1024x576.jpeg 1024w, https:\/\/www.elsindical.com.ar\/notas\/var\/www\/html\/notas\/wp-content\/uploads\/2022\/10\/banda-desbaratada-PFA-2-300x169.jpeg 300w, https:\/\/www.elsindical.com.ar\/notas\/var\/www\/html\/notas\/wp-content\/uploads\/2022\/10\/banda-desbaratada-PFA-2-768x432.jpeg 768w, https:\/\/www.elsindical.com.ar\/notas\/var\/www\/html\/notas\/wp-content\/uploads\/2022\/10\/banda-desbaratada-PFA-2-500x281.jpeg 500w, https:\/\/www.elsindical.com.ar\/notas\/var\/www\/html\/notas\/wp-content\/uploads\/2022\/10\/banda-desbaratada-PFA-2-460x260.jpeg 460w, https:\/\/www.elsindical.com.ar\/notas\/var\/www\/html\/notas\/wp-content\/uploads\/2022\/10\/banda-desbaratada-PFA-2.jpeg 1280w\" sizes=\"auto, (max-width: 1024px) 100vw, 1024px\" \/><\/a><\/figure>\n<\/figure>\n","protected":false},"excerpt":{"rendered":"<p>Agentes federales de la Divisi\u00f3n Delitos Contra la Salud P\u00fablica, desarticularon una organizaci\u00f3n il\u00edcita dedicada al acopio y comercio de medicamentos de manera ilegal, en el partido bonaerense de Ezeiza. Durante diversas tareas de ciberpatrullaje los uniformados detectaron la actividad de una empresa en la localidad de Carlos Spegazzini, que acopiaba y comercializaba il\u00edcitamente medicamentos,&hellip;<\/p>\n","protected":false},"author":1,"featured_media":117560,"comment_status":"open","ping_status":"open","sticky":false,"template":"","format":"standard","meta":{"footnotes":""},"categories":[22],"tags":[997,38515,2450,44,698],"class_list":["post-117559","post","type-post","status-publish","format-standard","has-post-thumbnail","hentry","category-policiales","tag-banda","tag-comercio-ilegal","tag-diario-el-sindical","tag-medicamentos","tag-pfa"],"_links":{"self":[{"href":"https:\/\/www.elsindical.com.ar\/notas\/wp-json\/wp\/v2\/posts\/117559","targetHints":{"allow":["GET"]}}],"collection":[{"href":"https:\/\/www.elsindical.com.ar\/notas\/wp-json\/wp\/v2\/posts"}],"about":[{"href":"https:\/\/www.elsindical.com.ar\/notas\/wp-json\/wp\/v2\/types\/post"}],"author":[{"embeddable":true,"href":"https:\/\/www.elsindical.com.ar\/notas\/wp-json\/wp\/v2\/users\/1"}],"replies":[{"embeddable":true,"href":"https:\/\/www.elsindical.com.ar\/notas\/wp-json\/wp\/v2\/comments?post=117559"}],"version-history":[{"count":1,"href":"https:\/\/www.elsindical.com.ar\/notas\/wp-json\/wp\/v2\/posts\/117559\/revisions"}],"predecessor-version":[{"id":117565,"href":"https:\/\/www.elsindical.com.ar\/notas\/wp-json\/wp\/v2\/posts\/117559\/revisions\/117565"}],"wp:featuredmedia":[{"embeddable":true,"href":"https:\/\/www.elsindical.com.ar\/notas\/wp-json\/wp\/v2\/media\/117560"}],"wp:attachment":[{"href":"https:\/\/www.elsindical.com.ar\/notas\/wp-json\/wp\/v2\/media?parent=117559"}],"wp:term":[{"taxonomy":"category","embeddable":true,"href":"https:\/\/www.elsindical.com.ar\/notas\/wp-json\/wp\/v2\/categories?post=117559"},{"taxonomy":"post_tag","embeddable":true,"href":"https:\/\/www.elsindical.com.ar\/notas\/wp-json\/wp\/v2\/tags?post=117559"}],"curies":[{"name":"wp","href":"https:\/\/api.w.org\/{rel}","templated":true}]}}