{"id":117465,"date":"2022-10-21T20:01:36","date_gmt":"2022-10-21T23:01:36","guid":{"rendered":"https:\/\/www.elsindical.com.ar\/notas\/?p=117465"},"modified":"2022-10-21T20:01:38","modified_gmt":"2022-10-21T23:01:38","slug":"fernando-straface-el-impresentable-guitarrero-de-horacio-rodriguez-larreta","status":"publish","type":"post","link":"https:\/\/www.elsindical.com.ar\/notas\/fernando-straface-el-impresentable-guitarrero-de-horacio-rodriguez-larreta\/","title":{"rendered":"Fernando Straface el impresentable \u00abguitarrero\u00bb de Horacio Rodr\u00edguez Larreta"},"content":{"rendered":"<div class=\"wp-block-image\">\n<figure class=\"aligncenter size-full is-resized\"><a href=\"https:\/\/www.elsindical.com.ar\/notas\/var\/www\/html\/notas\/wp-content\/uploads\/2022\/10\/Fernando-Straface.jpg\"><img loading=\"lazy\" decoding=\"async\" src=\"https:\/\/www.elsindical.com.ar\/notas\/var\/www\/html\/notas\/wp-content\/uploads\/2022\/10\/Fernando-Straface.jpg\" alt=\"\" class=\"wp-image-117466\" width=\"762\" height=\"504\" srcset=\"https:\/\/www.elsindical.com.ar\/notas\/var\/www\/html\/notas\/wp-content\/uploads\/2022\/10\/Fernando-Straface.jpg 691w, https:\/\/www.elsindical.com.ar\/notas\/var\/www\/html\/notas\/wp-content\/uploads\/2022\/10\/Fernando-Straface-300x198.jpg 300w, https:\/\/www.elsindical.com.ar\/notas\/var\/www\/html\/notas\/wp-content\/uploads\/2022\/10\/Fernando-Straface-454x300.jpg 454w\" sizes=\"auto, (max-width: 762px) 100vw, 762px\" \/><\/a><\/figure>\n<\/div>\n\n\n<p class=\"wp-block-paragraph\">   El Jefe de Gobierno de CABA Horacio Rodr\u00edguez Larreta, deber\u00eda pedir la grabaci\u00f3n del programa de A24 del d\u00eda 21 de octubre promediando las 19: 25 cuando el Sec. Gral y Relaciones Internacionales, el polit\u00f3logo Fernando Straface defend\u00eda la gesti\u00f3n de seguridad de una forma poco eficiente y mucho menos inteligente.<\/p>\n\n\n\n<p class=\"wp-block-paragraph\">Antes las preguntas sobre la nota donde comerciantes, vecinos e incluso el Comisario de Palermo, confirmaban las denuncias de padres, docentes y alumnos sobre una ola de robos violentos que no cesan en las inmediaciones de la Escuela T\u00e9cnica N\u00b03 \u00abMar\u00eda S\u00e1nchez de Thompson, el funcionario que asesora a Larreta en su campa\u00f1a se descolg\u00f3 con una serie de afirmaciones que lo dejan como un rid\u00edculo, en primer lugar dijo que no cree que sea un problema de inseguridad, luego que el cree que el Comisario deber\u00eda explicar que pasa y que imagina que no faltan c\u00e1maras de seguridad como afirman los vecinos, es decir, este funcionario pone en dudas a los que viven all\u00ed e incluso al jefe de la comisar\u00eda local sin dar una certeza, solo su opini\u00f3n.<\/p>\n\n\n\n<p class=\"wp-block-paragraph\">Ante la cara de los periodistas, afirm\u00f3 que vive cerca del lugar por eso cree que las cosas no son tan graves y que son hechos aislados, dijo que CABA es la segunda ciudad m\u00e1s segura de Latinoam\u00e9rica por la tasa de homicidios??, esto es burlarse de la inteligencia de los periodistas que no dijeran nada y de los televidentes al fundar su opini\u00f3n en una falacia, poco tiene que ver un valor tomada arbitrariamente con la suma de variables que se necesitan para enunciar semejante afirmaci\u00f3n.<\/p>\n\n\n\n<p class=\"wp-block-paragraph\">S\u00ed aunque usted no lo crea, a este personaje que guitarrea la mentira el Gobierno de la Ciudad no solo le paga un millonario sueldo anual, sino que lo trae a \u00e9l y su empresa CIPPEC de la que en teor\u00eda form\u00f3 parte hasta el 2015.<\/p>\n\n\n\n<p class=\"wp-block-paragraph\"><\/p>\n\n\n\n<p class=\"wp-block-paragraph\"><\/p>\n","protected":false},"excerpt":{"rendered":"<p>El Jefe de Gobierno de CABA Horacio Rodr\u00edguez Larreta, deber\u00eda pedir la grabaci\u00f3n del programa de A24 del d\u00eda 21 de octubre promediando las 19: 25 cuando el Sec. Gral y Relaciones Internacionales, el polit\u00f3logo Fernando Straface defend\u00eda la gesti\u00f3n de seguridad de una forma poco eficiente y mucho menos inteligente. Antes las preguntas sobre&hellip;<\/p>\n","protected":false},"author":1,"featured_media":117466,"comment_status":"open","ping_status":"open","sticky":false,"template":"","format":"standard","meta":{"footnotes":""},"categories":[13],"tags":[4284,38489,2450,38488,1943],"class_list":["post-117465","post","type-post","status-publish","format-standard","has-post-thumbnail","hentry","category-politica","tag-caba","tag-cippec","tag-diario-el-sindical","tag-fernando-straface","tag-horacio-rodriguez-larreta"],"_links":{"self":[{"href":"https:\/\/www.elsindical.com.ar\/notas\/wp-json\/wp\/v2\/posts\/117465","targetHints":{"allow":["GET"]}}],"collection":[{"href":"https:\/\/www.elsindical.com.ar\/notas\/wp-json\/wp\/v2\/posts"}],"about":[{"href":"https:\/\/www.elsindical.com.ar\/notas\/wp-json\/wp\/v2\/types\/post"}],"author":[{"embeddable":true,"href":"https:\/\/www.elsindical.com.ar\/notas\/wp-json\/wp\/v2\/users\/1"}],"replies":[{"embeddable":true,"href":"https:\/\/www.elsindical.com.ar\/notas\/wp-json\/wp\/v2\/comments?post=117465"}],"version-history":[{"count":1,"href":"https:\/\/www.elsindical.com.ar\/notas\/wp-json\/wp\/v2\/posts\/117465\/revisions"}],"predecessor-version":[{"id":117467,"href":"https:\/\/www.elsindical.com.ar\/notas\/wp-json\/wp\/v2\/posts\/117465\/revisions\/117467"}],"wp:featuredmedia":[{"embeddable":true,"href":"https:\/\/www.elsindical.com.ar\/notas\/wp-json\/wp\/v2\/media\/117466"}],"wp:attachment":[{"href":"https:\/\/www.elsindical.com.ar\/notas\/wp-json\/wp\/v2\/media?parent=117465"}],"wp:term":[{"taxonomy":"category","embeddable":true,"href":"https:\/\/www.elsindical.com.ar\/notas\/wp-json\/wp\/v2\/categories?post=117465"},{"taxonomy":"post_tag","embeddable":true,"href":"https:\/\/www.elsindical.com.ar\/notas\/wp-json\/wp\/v2\/tags?post=117465"}],"curies":[{"name":"wp","href":"https:\/\/api.w.org\/{rel}","templated":true}]}}