{"id":11738,"date":"2011-01-11T18:07:14","date_gmt":"2011-01-11T21:07:14","guid":{"rendered":"http:\/\/www.elsindical.com.ar\/notas\/?p=11738"},"modified":"2017-05-26T09:50:19","modified_gmt":"2017-05-26T12:50:19","slug":"avellanedaoperativo-pensiones","status":"publish","type":"post","link":"https:\/\/www.elsindical.com.ar\/notas\/avellanedaoperativo-pensiones\/","title":{"rendered":"Avellaneda:Operativo pensiones"},"content":{"rendered":"<p style=\"text-align: justify;\"><em><a href=\"http:\/\/www.elsindical.com.ar\/notas\/var\/www\/html\/notas\/wp-content\/uploads\/2011\/01\/logo-Municipalidad-de-Avell.jpg\"><img loading=\"lazy\" decoding=\"async\" class=\"alignleft size-full wp-image-11739\" title=\"logo-Municipalidad-de-Avell\" src=\"http:\/\/www.elsindical.com.ar\/notas\/var\/www\/html\/notas\/wp-content\/uploads\/2011\/01\/logo-Municipalidad-de-Avell.jpg\" alt=\"\" width=\"236\" height=\"125\" \/><\/a>La municipalidad de Avellaneda junto al Ministerio de Desarrollo Social de la Provincia de Buenos Aires, realizar\u00e1n un importante Operativo de Pensiones Asistenciales.<\/em><\/p>\n<p style=\"text-align: justify;\">El mismo, es para madres de 7 o mas hijos, personas mayores de 70 a\u00f1os y personas con capacidades especiales.<\/p>\n<p style=\"text-align: justify;\">Se llevar\u00e1 a cabo los d\u00edas 12 y 13 de Enero.<\/p>\n<p style=\"text-align: justify;\">Les rogamos difundir ya que es un tr\u00e1mite de mucha utilidad para aquellas personas que lo necesitan.<\/p>\n<p style=\"text-align: justify;\">\u00a1\u00a1\u00a1Muchas Gracias!!!<\/p>\n<div><strong>Ma\u00f1ana a las 9:00 &#8211; El jueves a las 14:00<\/strong><\/div>\n<div><strong>\u00a0<\/strong><\/div>\n<div><strong>Av. Hip\u00f3lito Yrigoyen (EX PAVON) 808 &#8211; Avellaneda<\/strong><\/div>\n","protected":false},"excerpt":{"rendered":"<p>La municipalidad de Avellaneda junto al Ministerio de Desarrollo Social de la Provincia de Buenos Aires, realizar\u00e1n un importante Operativo de Pensiones Asistenciales. El mismo, es para madres de 7 o mas hijos, personas mayores de 70 a\u00f1os y personas con capacidades especiales. Se llevar\u00e1 a cabo los d\u00edas 12 y 13 de Enero. Les&hellip;<\/p>\n","protected":false},"author":1,"featured_media":0,"comment_status":"open","ping_status":"open","sticky":false,"template":"","format":"standard","meta":{"footnotes":""},"categories":[25],"tags":[461,665,5610,5609,986],"class_list":["post-11738","post","type-post","status-publish","format-standard","hentry","category-sociedad","tag-avellaneda","tag-ministerio-de-desarrollo-social","tag-pavon","tag-pensiones","tag-vecinos"],"_links":{"self":[{"href":"https:\/\/www.elsindical.com.ar\/notas\/wp-json\/wp\/v2\/posts\/11738","targetHints":{"allow":["GET"]}}],"collection":[{"href":"https:\/\/www.elsindical.com.ar\/notas\/wp-json\/wp\/v2\/posts"}],"about":[{"href":"https:\/\/www.elsindical.com.ar\/notas\/wp-json\/wp\/v2\/types\/post"}],"author":[{"embeddable":true,"href":"https:\/\/www.elsindical.com.ar\/notas\/wp-json\/wp\/v2\/users\/1"}],"replies":[{"embeddable":true,"href":"https:\/\/www.elsindical.com.ar\/notas\/wp-json\/wp\/v2\/comments?post=11738"}],"version-history":[{"count":2,"href":"https:\/\/www.elsindical.com.ar\/notas\/wp-json\/wp\/v2\/posts\/11738\/revisions"}],"predecessor-version":[{"id":11741,"href":"https:\/\/www.elsindical.com.ar\/notas\/wp-json\/wp\/v2\/posts\/11738\/revisions\/11741"}],"wp:attachment":[{"href":"https:\/\/www.elsindical.com.ar\/notas\/wp-json\/wp\/v2\/media?parent=11738"}],"wp:term":[{"taxonomy":"category","embeddable":true,"href":"https:\/\/www.elsindical.com.ar\/notas\/wp-json\/wp\/v2\/categories?post=11738"},{"taxonomy":"post_tag","embeddable":true,"href":"https:\/\/www.elsindical.com.ar\/notas\/wp-json\/wp\/v2\/tags?post=11738"}],"curies":[{"name":"wp","href":"https:\/\/api.w.org\/{rel}","templated":true}]}}