{"id":117302,"date":"2022-10-15T00:47:46","date_gmt":"2022-10-15T03:47:46","guid":{"rendered":"https:\/\/www.elsindical.com.ar\/notas\/?p=117302"},"modified":"2022-10-15T00:47:47","modified_gmt":"2022-10-15T03:47:47","slug":"lomas-de-zamora-el-departamento-judicial-celebro-sus-50-anos","status":"publish","type":"post","link":"https:\/\/www.elsindical.com.ar\/notas\/lomas-de-zamora-el-departamento-judicial-celebro-sus-50-anos\/","title":{"rendered":"Lomas de Zamora: El departamento judicial celebr\u00f3 sus 50 a\u00f1os"},"content":{"rendered":"\n<figure class=\"wp-block-image size-large\"><a href=\"https:\/\/www.elsindical.com.ar\/notas\/var\/www\/html\/notas\/wp-content\/uploads\/2022\/10\/50anos-Departamento-Judicial-LZ.jpg\"><img loading=\"lazy\" decoding=\"async\" width=\"1024\" height=\"576\" src=\"https:\/\/www.elsindical.com.ar\/notas\/var\/www\/html\/notas\/wp-content\/uploads\/2022\/10\/50anos-Departamento-Judicial-LZ-1024x576.jpg\" alt=\"\" class=\"wp-image-117303\" srcset=\"https:\/\/www.elsindical.com.ar\/notas\/var\/www\/html\/notas\/wp-content\/uploads\/2022\/10\/50anos-Departamento-Judicial-LZ-1024x576.jpg 1024w, https:\/\/www.elsindical.com.ar\/notas\/var\/www\/html\/notas\/wp-content\/uploads\/2022\/10\/50anos-Departamento-Judicial-LZ-300x169.jpg 300w, https:\/\/www.elsindical.com.ar\/notas\/var\/www\/html\/notas\/wp-content\/uploads\/2022\/10\/50anos-Departamento-Judicial-LZ-768x432.jpg 768w, https:\/\/www.elsindical.com.ar\/notas\/var\/www\/html\/notas\/wp-content\/uploads\/2022\/10\/50anos-Departamento-Judicial-LZ-500x281.jpg 500w, https:\/\/www.elsindical.com.ar\/notas\/var\/www\/html\/notas\/wp-content\/uploads\/2022\/10\/50anos-Departamento-Judicial-LZ-460x260.jpg 460w, https:\/\/www.elsindical.com.ar\/notas\/var\/www\/html\/notas\/wp-content\/uploads\/2022\/10\/50anos-Departamento-Judicial-LZ.jpg 1200w\" sizes=\"auto, (max-width: 1024px) 100vw, 1024px\" \/><\/a><\/figure>\n\n\n\n<p>Durante el mismo la Corte Suprema de Justicia de la Provincia reconoci\u00f3 a la departamental con una placa que ser\u00e1 ubicada en el hall central del edificio.<\/p>\n\n\n\n<p>El Departamento Judicial de Lomas de Zamora <strong>llev\u00f3 adelante un acto de celebraci\u00f3n por el Cincuentenario<\/strong> de su creaci\u00f3n. Durante el mismo la Corte Suprema de Justicia de la Provincia reconoci\u00f3 al Departamento con una placa que ser\u00e1 ubicada en el hall central del edificio.<\/p>\n\n\n\n<p>Durante la ceremonia, que se llev\u00f3 a cabo en un sal\u00f3n de la sede ubicada Larroque y Camino Negro, estuvieron presentes el vicepresidente de la Suprema Corte de Justicia de la Provincia de Buenos Aires; el <strong>Sergio Gabriel Torres<\/strong>, el presidente del Consejo de Superintendencia departamental, el <strong>Carlos Ricardo Igoldi<\/strong>; la presidenta del Colegio de Abogados de Lomas de Zamora (CALZ), la <strong>Mar\u00eda Victoria Lorences<\/strong>; y el secretario general de la Asociaci\u00f3n Judicial Bonaerense (AJB), <strong>Jorge Sebasti\u00e1n Osterwalder<\/strong>, entre otros.<\/p>\n\n\n\n<p>Adem\u00e1s, por fuera del \u00e1mbito judicial, particip\u00f3 de la actividad la intendenta interina de Lomas de Zamora, <strong>Marina Lesci<\/strong>, que fue lprimera en tomar la palabra para agradecer la invitaci\u00f3n a la ceremonia y afirmar que \u201ces importante estar ac\u00e1 y ratificar el compromiso que tenemos desde el Municipio de trabajar de forma permanente, continua, con cada uno de los integrantes\u201d.<\/p>\n\n\n\n<p>\u201cNosotros trabajamos junto con ustedes cada d\u00eda para que nuestros vecinos y vecinas, en este caso de Lomas de Zamora, puedan realizarse\u201d, destac\u00f3 la intendenta. Y agreg\u00f3: \u201cRatificamos el compromiso de seguir trabajando en forma conjunta\u201d.<\/p>\n\n\n\n<p>En este sentido, concluy\u00f3: \u201cNuestro mayor deseo por una Justicia que siempre sea restaurativa, que siempre sea emp\u00e1tica, que siempre sea solidaria y absolutamente que <strong>siempre sea para todos y todas<\/strong>\u201c.<\/p>\n\n\n\n<p>Por su parte, Igoldi destac\u00f3 que los abogados \u201cllevan sobre sus hombros la ardua tarea de brindar un adecuado servicio de Justicia, que tiene como \u00fanico prop\u00f3sito permitir la paz a la sociedad\u201d.<\/p>\n\n\n\n<p>Durante su discurso, Torres felicit\u00f3 a \u201clos 2447 integrantes de la Justicia lomense\u201d, y les envi\u00f3 un \u201cc\u00e1lido saludo\u201d.<\/p>\n\n\n\n<p>A su turno, Loreces destac\u00f3 que \u201cdurante estos 50 a\u00f1os hemos crecido juntos todos quienes formamos parte de esta comunidad judicial\u201d. \u201c<strong>Fue un Departamento Judicial que termin\u00f3 siendo el m\u00e1s grande de Sudam\u00e9rica<\/strong>\u201c, remarc\u00f3.<\/p>\n\n\n\n<p>Por \u00faltimo, la presidenta del CALZ agreg\u00f3 que \u201cel gran desaf\u00edo que enfrenta este Departamento es ayudar a las necesidades de los vecinos del Conurbano\u201d.<\/p>\n","protected":false},"excerpt":{"rendered":"<p>Durante el mismo la Corte Suprema de Justicia de la Provincia reconoci\u00f3 a la departamental con una placa que ser\u00e1 ubicada en el hall central del edificio. El Departamento Judicial de Lomas de Zamora llev\u00f3 adelante un acto de celebraci\u00f3n por el Cincuentenario de su creaci\u00f3n. Durante el mismo la Corte Suprema de Justicia de&hellip;<\/p>\n","protected":false},"author":1,"featured_media":117303,"comment_status":"open","ping_status":"open","sticky":false,"template":"","format":"standard","meta":{"footnotes":""},"categories":[20,24],"tags":[8799,2450,744,2564,9539],"class_list":["post-117302","post","type-post","status-publish","format-standard","has-post-thumbnail","hentry","category-judiciales","category-sociales","tag-departamento-judicial-lomas-de-zamora","tag-diario-el-sindical","tag-lomas-de-zamora","tag-placa","tag-suprema-corte-bonaerense"],"_links":{"self":[{"href":"https:\/\/www.elsindical.com.ar\/notas\/wp-json\/wp\/v2\/posts\/117302","targetHints":{"allow":["GET"]}}],"collection":[{"href":"https:\/\/www.elsindical.com.ar\/notas\/wp-json\/wp\/v2\/posts"}],"about":[{"href":"https:\/\/www.elsindical.com.ar\/notas\/wp-json\/wp\/v2\/types\/post"}],"author":[{"embeddable":true,"href":"https:\/\/www.elsindical.com.ar\/notas\/wp-json\/wp\/v2\/users\/1"}],"replies":[{"embeddable":true,"href":"https:\/\/www.elsindical.com.ar\/notas\/wp-json\/wp\/v2\/comments?post=117302"}],"version-history":[{"count":1,"href":"https:\/\/www.elsindical.com.ar\/notas\/wp-json\/wp\/v2\/posts\/117302\/revisions"}],"predecessor-version":[{"id":117304,"href":"https:\/\/www.elsindical.com.ar\/notas\/wp-json\/wp\/v2\/posts\/117302\/revisions\/117304"}],"wp:featuredmedia":[{"embeddable":true,"href":"https:\/\/www.elsindical.com.ar\/notas\/wp-json\/wp\/v2\/media\/117303"}],"wp:attachment":[{"href":"https:\/\/www.elsindical.com.ar\/notas\/wp-json\/wp\/v2\/media?parent=117302"}],"wp:term":[{"taxonomy":"category","embeddable":true,"href":"https:\/\/www.elsindical.com.ar\/notas\/wp-json\/wp\/v2\/categories?post=117302"},{"taxonomy":"post_tag","embeddable":true,"href":"https:\/\/www.elsindical.com.ar\/notas\/wp-json\/wp\/v2\/tags?post=117302"}],"curies":[{"name":"wp","href":"https:\/\/api.w.org\/{rel}","templated":true}]}}